{"id":1007852,"date":"2022-04-13T06:49:47","date_gmt":"2022-04-13T09:49:47","guid":{"rendered":"https:\/\/www.estrategiaconcursos.com.br\/blog\/?p=1007852"},"modified":"2022-04-13T06:51:33","modified_gmt":"2022-04-13T09:51:33","slug":"concurso-crefiro-2-rj-banca-definida","status":"publish","type":"post","link":"https:\/\/www.estrategiaconcursos.com.br\/blog\/concurso-crefiro-2-rj-banca-definida\/","title":{"rendered":"Concurso Crefito 2 (RJ): banca definida; edital iminente"},"content":{"rendered":"\n<p>O\u00a0<strong>concurso\u00a0 Crefito 2<\/strong>\u00a0(<strong>RJ<\/strong>) &#8211; Conselho Regional de Fisioterapia e Terapia Ocupacional da 2\u00aa\u00a0Regi\u00e3o &#8211; est\u00e1 com a banca definida! <\/p>\n\n\n\n<p>Consta no Di\u00e1rio Oficial da Uni\u00e3o desta quarta-feira (13\/04), que o Iuds (Instituto Universal de Desenvolvimento Social) \u00e9 a empresa respons\u00e1vel pela organiza\u00e7\u00e3o e execu\u00e7\u00e3o do novo certame p\u00fablico. <\/p>\n\n\n\n<p>O n\u00famero de vagas e cargos a serem ofertados pelo Conselho Regional de Fisioterapia e Terapia Ocupacional da 2\u00aa\u00a0Regi\u00e3o ainda n\u00e3o foram divulgados. <\/p>\n\n\n\n<p>Confira o contrato entre o Crefito 2 RJ e o Iuds:<\/p>\n\n\n\n<figure class=\"wp-block-image size-large\"><img loading=\"lazy\" decoding=\"async\" width=\"1024\" height=\"639\" src=\"https:\/\/dhg1h5j42swfq.cloudfront.net\/2022\/04\/13064454\/concurso-crefito-2-rj-banca-definida-1024x639.jpg\" alt=\"\" class=\"wp-image-1007855\" srcset=\"https:\/\/dhg1h5j42swfq.cloudfront.net\/2022\/04\/13064454\/concurso-crefito-2-rj-banca-definida-1024x639.jpg 1024w, https:\/\/dhg1h5j42swfq.cloudfront.net\/2022\/04\/13064454\/concurso-crefito-2-rj-banca-definida-300x187.jpg 300w, https:\/\/dhg1h5j42swfq.cloudfront.net\/2022\/04\/13064454\/concurso-crefito-2-rj-banca-definida-768x480.jpg 768w, https:\/\/dhg1h5j42swfq.cloudfront.net\/2022\/04\/13064454\/concurso-crefito-2-rj-banca-definida-610x381.jpg 610w, https:\/\/dhg1h5j42swfq.cloudfront.net\/2022\/04\/13064454\/concurso-crefito-2-rj-banca-definida.jpg 1033w\" sizes=\"auto, (max-width: 1024px) 100vw, 1024px\" \/><figcaption>Concurso Crefito 2 RJ: banca definida <\/figcaption><\/figure>\n\n\n\n<h2 class=\"wp-block-heading\" id=\"carreira\">Requisitos concurso Crefito 2 (RJ)<\/h2>\n\n\n\n<p>Confira abaixo os requisitos gerais exigidos dos candidatos no \u00faltimo concurso Crefito 2 (RJ):<\/p>\n\n\n\n<ul class=\"wp-block-list\"><li>a) ter sido aprovado e classificado no Processo Seletivo P\u00fablico, de acordo com o que estipula este<br \/>Edital, seus anexos e retifica\u00e7\u00f5es;<\/li><li>b) ter idade m\u00ednima de 18 (dezoito) anos completos na data de efetivo in\u00edcio do exerc\u00edcio no cargo;<\/li><li>c) estar em dia com as obriga\u00e7\u00f5es eleitorais;<\/li><li>d) estar em dia com as obriga\u00e7\u00f5es militares, para os candidatos do sexo masculino;<\/li><li>e) estar inscrito regularmente no Cadastro de Pessoas F\u00edsicas;<\/li><li>f) ter a escolaridade exigida para cada cargo realizada em institui\u00e7\u00f5es reconhecidas pelo MEC;<\/li><li>g) possuir carteira nacional de habibilita\u00e7\u00e3o (CNH) na categoria B;<\/li><li>h) possuir registro no Conselho Regional;<\/li><li>i) ter nacionalidade brasileira; no caso de nacionalidade portuguesa, estar amparado pelo estatuto<br \/>de igualdade entre brasileiros e portugueses, com reconhecimento do gozo dos direitos pol\u00edticos, na<br \/>forma do art. 12 \u00a7 1\u00ba da Constitui\u00e7\u00e3o Federativa do Brasil de 1988, com reda\u00e7\u00e3o dada pela Emenda<br \/>Constitucional n\u00ba 03\/94, nos termos do Decreto n\u00ba 3.297\/2001;<\/li><li>j) ser considerado apto f\u00edsica e mentalmente para o exerc\u00edcio das atribui\u00e7\u00f5es do cargo no exame m\u00e9dico admissional e entregar os documentos que se fizerem necess\u00e1rios por ocasi\u00e3o da contrata\u00e7\u00e3o; k) Declarar, no ato da inscri\u00e7\u00e3o, que tem ci\u00eancia e que aceita os termos do Edital em refer\u00eancia. l) N\u00e3o ter registro de antecedentes criminais, comprovado mediante apresenta\u00e7\u00e3o de certid\u00e3o e\/ou folha de antecedentes criminais, sendo que, no ato da investidura, anular-se-\u00e3o, sumariamente, a inscri\u00e7\u00e3o e todos os atos dela decorrentes, se o candidato n\u00e3o atender este item do Edital. <\/li><\/ul>\n\n\n\n<h2 class=\"has-text-align-center has-pale-cyan-blue-background-color has-background has-medium-font-size wp-block-heading\" id=\"saiba-mais-concurso-crefito-2-rj\">Saiba mais: <a href=\"https:\/\/www.estrategiaconcursos.com.br\/blog\/concurso-crefito-2-rj\/\" target=\"_blank\" rel=\"noreferrer noopener\">concurso Crefito 2 RJ<\/a><\/h2>\n\n\n\n<h2 class=\"has-text-align-center wp-block-heading\" id=\"h-quer-saber-tudo-sobre-concursos-previstos-confira-nossos-artigos\">Quer saber tudo sobre concursos previstos?<br \/>Confira nossos artigos!<\/h2>\n\n\n\n<ul class=\"wp-block-list\"><li><a href=\"https:\/\/www.estrategiaconcursos.com.br\/blog\/concursos-abertos\/\" target=\"_blank\" rel=\"noreferrer noopener\">Concursos abertos<\/a><\/li><li><a href=\"https:\/\/www.estrategiaconcursos.com.br\/blog\/concursos-2022\/\" target=\"_blank\" rel=\"noreferrer noopener\">Concursos 2022<\/a><\/li><\/ul>\n\n\n\n<h2 class=\"has-text-align-center wp-block-heading\" id=\"cursos\"><strong><em>Quer estudar para Concurso&nbsp;<\/em><\/strong><em>CREFITO 2 (RJ)<\/em><strong><em>?<\/em><\/strong><\/h2>\n\n\n\n<div class=\"col-sm\">\n      <div class=\"banner-estrategia\" id=\"box-assinatura\">\n        <h3 class=\"titulo-assinatura\">Cursos para CREFITO 2<\/h3>\n        <p class=\"subtitulo-assinatura\">Conhe\u00e7a os cursos<\/p>\n        <div class=\"box-botao\">\n          <a class=\"btn-assinatura\" target=\"_blank\" href=\"https:\/\/www.estrategiaconcursos.com.br\/cursos\/concurso\/\" role=\"button\" rel=\"noopener noreferrer\">Conhe\u00e7a mais<\/a>\n        <\/div>\n      <\/div>\n      <p class=\"texto-auxiliar\">Prepare-se com o melhor material e com quem mais aprova em Concursos P\u00fablicos em todo o pa\u00eds.<\/p>\n    <\/div>\n\n\n","protected":false},"excerpt":{"rendered":"<p>O\u00a0concurso\u00a0 Crefito 2\u00a0(RJ) &#8211; Conselho Regional de Fisioterapia e Terapia Ocupacional da 2\u00aa\u00a0Regi\u00e3o &#8211; est\u00e1 com a banca definida! Consta no Di\u00e1rio Oficial da Uni\u00e3o desta quarta-feira (13\/04), que o Iuds (Instituto Universal de Desenvolvimento Social) \u00e9 a empresa respons\u00e1vel pela organiza\u00e7\u00e3o e execu\u00e7\u00e3o do novo certame p\u00fablico. O n\u00famero de vagas e cargos a [&hellip;]<\/p>\n","protected":false},"author":2375,"featured_media":1007853,"comment_status":"open","ping_status":"closed","sticky":false,"template":"","format":"standard","meta":{"post_tipo":"news","footnotes":""},"categories":[214992,220219],"tags":[],"tax_estado":[219982],"class_list":["post-1007852","post","type-post","status-publish","format-standard","has-post-thumbnail","hentry","category-concursos-administrativos","category-noticias","tax_estado-rj"],"acf":[],"yoast_head":"<!-- This site is optimized with the Yoast SEO Premium plugin v27.2 (Yoast SEO v27.2) - https:\/\/yoast.com\/product\/yoast-seo-premium-wordpress\/ -->\n<title>Concurso Crefito 2 (RJ): banca definida; edital iminente<\/title>\n<meta name=\"description\" content=\"Concurso Crefito 2 (RJ): banca definida. IUDS organizar\u00e1 certame do Conselho Regional de Fisioterapia e Terapia Ocupacional da 2\u00aa\u00a0Regi\u00e3o.\" \/>\n<meta name=\"robots\" content=\"index, follow, max-snippet:-1, max-image-preview:large, max-video-preview:-1\" \/>\n<link rel=\"canonical\" href=\"https:\/\/www.estrategiaconcursos.com.br\/blog\/concurso-crefiro-2-rj-banca-definida\/\" \/>\n<meta property=\"og:locale\" content=\"pt_BR\" \/>\n<meta property=\"og:type\" content=\"article\" \/>\n<meta property=\"og:title\" content=\"Concurso Crefito 2 (RJ): banca definida; edital iminente\" \/>\n<meta property=\"og:description\" content=\"Concurso Crefito 2 (RJ): banca definida. IUDS organizar\u00e1 certame do Conselho Regional de Fisioterapia e Terapia Ocupacional da 2\u00aa\u00a0Regi\u00e3o.\" \/>\n<meta property=\"og:url\" content=\"https:\/\/www.estrategiaconcursos.com.br\/blog\/concurso-crefiro-2-rj-banca-definida\/\" \/>\n<meta property=\"og:site_name\" content=\"Estrat\u00e9gia Concursos\" \/>\n<meta property=\"article:published_time\" content=\"2022-04-13T09:49:47+00:00\" \/>\n<meta property=\"article:modified_time\" content=\"2022-04-13T09:51:33+00:00\" \/>\n<meta property=\"og:image\" content=\"https:\/\/dhg1h5j42swfq.cloudfront.net\/2022\/04\/13063937\/concurso-crefito-2-rj-banca-definida.png\" \/>\n\t<meta property=\"og:image:width\" content=\"150\" \/>\n\t<meta property=\"og:image:height\" content=\"150\" \/>\n\t<meta property=\"og:image:type\" content=\"image\/png\" \/>\n<meta name=\"author\" content=\"Priscila Almeida\" \/>\n<meta name=\"twitter:card\" content=\"summary_large_image\" \/>\n<meta name=\"twitter:creator\" content=\"@EstratConcursos\" \/>\n<meta name=\"twitter:site\" content=\"@EstratConcursos\" \/>\n<meta name=\"twitter:label1\" content=\"Escrito por\" \/>\n\t<meta name=\"twitter:data1\" content=\"Priscila Almeida\" \/>\n\t<meta name=\"twitter:label2\" content=\"Est. tempo de leitura\" \/>\n\t<meta name=\"twitter:data2\" content=\"3 minutos\" \/>\n<script type=\"application\/ld+json\" class=\"yoast-schema-graph\">{\"@context\":\"https:\/\/schema.org\",\"@graph\":[{\"@type\":\"NewsArticle\",\"@id\":\"https:\/\/www.estrategiaconcursos.com.br\/blog\/concurso-crefiro-2-rj-banca-definida\/#article\",\"isPartOf\":{\"@id\":\"https:\/\/www.estrategiaconcursos.com.br\/blog\/concurso-crefiro-2-rj-banca-definida\/\"},\"author\":{\"name\":\"Priscila Almeida\",\"@id\":\"https:\/\/www.estrategiaconcursos.com.br\/blog\/#\/schema\/person\/a06e841e501f2e1d8c49c4e8f066bfd1\"},\"headline\":\"Concurso Crefito 2 (RJ): banca definida; edital iminente\",\"datePublished\":\"2022-04-13T09:49:47+00:00\",\"dateModified\":\"2022-04-13T09:51:33+00:00\",\"mainEntityOfPage\":{\"@id\":\"https:\/\/www.estrategiaconcursos.com.br\/blog\/concurso-crefiro-2-rj-banca-definida\/\"},\"wordCount\":436,\"commentCount\":0,\"publisher\":{\"@id\":\"https:\/\/www.estrategiaconcursos.com.br\/blog\/#organization\"},\"image\":{\"@id\":\"https:\/\/www.estrategiaconcursos.com.br\/blog\/concurso-crefiro-2-rj-banca-definida\/#primaryimage\"},\"thumbnailUrl\":\"https:\/\/dhg1h5j42swfq.cloudfront.net\/2022\/04\/13063937\/concurso-crefito-2-rj-banca-definida.png\",\"articleSection\":[\"Executivo (Administrativa)\",\"\u00daltimas not\u00edcias\"],\"inLanguage\":\"pt-BR\",\"potentialAction\":[{\"@type\":\"CommentAction\",\"name\":\"Comment\",\"target\":[\"https:\/\/www.estrategiaconcursos.com.br\/blog\/concurso-crefiro-2-rj-banca-definida\/#respond\"]}],\"copyrightYear\":\"2022\",\"copyrightHolder\":{\"@id\":\"https:\/\/www.estrategiaconcursos.com.br\/blog\/#organization\"}},{\"@type\":\"WebPage\",\"@id\":\"https:\/\/www.estrategiaconcursos.com.br\/blog\/concurso-crefiro-2-rj-banca-definida\/\",\"url\":\"https:\/\/www.estrategiaconcursos.com.br\/blog\/concurso-crefiro-2-rj-banca-definida\/\",\"name\":\"Concurso Crefito 2 (RJ): banca definida; edital iminente\",\"isPartOf\":{\"@id\":\"https:\/\/www.estrategiaconcursos.com.br\/blog\/#website\"},\"primaryImageOfPage\":{\"@id\":\"https:\/\/www.estrategiaconcursos.com.br\/blog\/concurso-crefiro-2-rj-banca-definida\/#primaryimage\"},\"image\":{\"@id\":\"https:\/\/www.estrategiaconcursos.com.br\/blog\/concurso-crefiro-2-rj-banca-definida\/#primaryimage\"},\"thumbnailUrl\":\"https:\/\/dhg1h5j42swfq.cloudfront.net\/2022\/04\/13063937\/concurso-crefito-2-rj-banca-definida.png\",\"datePublished\":\"2022-04-13T09:49:47+00:00\",\"dateModified\":\"2022-04-13T09:51:33+00:00\",\"description\":\"Concurso Crefito 2 (RJ): banca definida. IUDS organizar\u00e1 certame do Conselho Regional de Fisioterapia e Terapia Ocupacional da 2\u00aa\u00a0Regi\u00e3o.\",\"breadcrumb\":{\"@id\":\"https:\/\/www.estrategiaconcursos.com.br\/blog\/concurso-crefiro-2-rj-banca-definida\/#breadcrumb\"},\"inLanguage\":\"pt-BR\",\"potentialAction\":[{\"@type\":\"ReadAction\",\"target\":[\"https:\/\/www.estrategiaconcursos.com.br\/blog\/concurso-crefiro-2-rj-banca-definida\/\"]}]},{\"@type\":\"ImageObject\",\"inLanguage\":\"pt-BR\",\"@id\":\"https:\/\/www.estrategiaconcursos.com.br\/blog\/concurso-crefiro-2-rj-banca-definida\/#primaryimage\",\"url\":\"https:\/\/dhg1h5j42swfq.cloudfront.net\/2022\/04\/13063937\/concurso-crefito-2-rj-banca-definida.png\",\"contentUrl\":\"https:\/\/dhg1h5j42swfq.cloudfront.net\/2022\/04\/13063937\/concurso-crefito-2-rj-banca-definida.png\",\"width\":150,\"height\":150},{\"@type\":\"BreadcrumbList\",\"@id\":\"https:\/\/www.estrategiaconcursos.com.br\/blog\/concurso-crefiro-2-rj-banca-definida\/#breadcrumb\",\"itemListElement\":[{\"@type\":\"ListItem\",\"position\":1,\"name\":\"In\u00edcio\",\"item\":\"https:\/\/www.estrategiaconcursos.com.br\/blog\/\"},{\"@type\":\"ListItem\",\"position\":2,\"name\":\"Concurso Crefito 2 (RJ): banca definida; edital iminente\"}]},{\"@type\":\"WebSite\",\"@id\":\"https:\/\/www.estrategiaconcursos.com.br\/blog\/#website\",\"url\":\"https:\/\/www.estrategiaconcursos.com.br\/blog\/\",\"name\":\"Estrat\u00e9gia Concursos\",\"description\":\"O blog da Estrat\u00e9gia Concursos traz not\u00edcias sobre concursos e artigos de professores oferecendo cursos para concursos (pdf + videaulas) no site.\",\"publisher\":{\"@id\":\"https:\/\/www.estrategiaconcursos.com.br\/blog\/#organization\"},\"potentialAction\":[{\"@type\":\"SearchAction\",\"target\":{\"@type\":\"EntryPoint\",\"urlTemplate\":\"https:\/\/www.estrategiaconcursos.com.br\/blog\/?s={search_term_string}\"},\"query-input\":{\"@type\":\"PropertyValueSpecification\",\"valueRequired\":true,\"valueName\":\"search_term_string\"}}],\"inLanguage\":\"pt-BR\"},{\"@type\":\"Organization\",\"@id\":\"https:\/\/www.estrategiaconcursos.com.br\/blog\/#organization\",\"name\":\"Estrat\u00e9gia Concursos\",\"url\":\"https:\/\/www.estrategiaconcursos.com.br\/blog\/\",\"logo\":{\"@type\":\"ImageObject\",\"inLanguage\":\"pt-BR\",\"@id\":\"https:\/\/www.estrategiaconcursos.com.br\/blog\/#\/schema\/logo\/image\/\",\"url\":\"https:\/\/dhg1h5j42swfq.cloudfront.net\/2025\/06\/03203428\/logo_concursos-1.jpg\",\"contentUrl\":\"https:\/\/dhg1h5j42swfq.cloudfront.net\/2025\/06\/03203428\/logo_concursos-1.jpg\",\"width\":230,\"height\":60,\"caption\":\"Estrat\u00e9gia Concursos\"},\"image\":{\"@id\":\"https:\/\/www.estrategiaconcursos.com.br\/blog\/#\/schema\/logo\/image\/\"},\"sameAs\":[\"https:\/\/x.com\/EstratConcursos\"]},{\"@type\":\"Person\",\"@id\":\"https:\/\/www.estrategiaconcursos.com.br\/blog\/#\/schema\/person\/a06e841e501f2e1d8c49c4e8f066bfd1\",\"name\":\"Priscila Almeida\",\"image\":{\"@type\":\"ImageObject\",\"inLanguage\":\"pt-BR\",\"@id\":\"https:\/\/secure.gravatar.com\/avatar\/0a963c9e2a947fa675b669cea2b5d0ba6dd1cbf46b966190343b6c9973ad3337?s=96&d=mm&r=g\",\"url\":\"https:\/\/secure.gravatar.com\/avatar\/0a963c9e2a947fa675b669cea2b5d0ba6dd1cbf46b966190343b6c9973ad3337?s=96&d=mm&r=g\",\"contentUrl\":\"https:\/\/secure.gravatar.com\/avatar\/0a963c9e2a947fa675b669cea2b5d0ba6dd1cbf46b966190343b6c9973ad3337?s=96&d=mm&r=g\",\"caption\":\"Priscila Almeida\"},\"description\":\"Atua na \u00e1rea de concursos p\u00fablicos desde 2019. As editorias que mais t\u00eam familiaridade s\u00e3o: Tribunais (TJs; TRTs; TREs; TSTs; STJ, STF, STM e TSE); Defensorias; Minist\u00e9rios P\u00fablicos; Procuradorias; Educa\u00e7\u00e3o e Conselhos. Na \u00e1rea de comunica\u00e7\u00e3o, de maneira geral, a caminhada \u00e9 um pouco mais longa - desde 2007. Possui experi\u00eancia em reda\u00e7\u00f5es de r\u00e1dio, TV, Web e impresso, al\u00e9m de desenvolver trabalhos em assessorias de comunica\u00e7\u00e3o institucional, empresarial e p\u00fablicas. Entre outros trabalhos, se destacam a atua\u00e7\u00e3o nas \u00e1reas de Justi\u00e7a, Congresso, Esportes, Sa\u00fade, Agropecu\u00e1ria, Cidades e Avia\u00e7\u00e3o Civil.\",\"url\":\"https:\/\/www.estrategiaconcursos.com.br\/blog\/author\/priscila-almeidaestrategia-com\/\"}]}<\/script>\n<!-- \/ Yoast SEO Premium plugin. -->","yoast_head_json":{"title":"Concurso Crefito 2 (RJ): banca definida; edital iminente","description":"Concurso Crefito 2 (RJ): banca definida. IUDS organizar\u00e1 certame do Conselho Regional de Fisioterapia e Terapia Ocupacional da 2\u00aa\u00a0Regi\u00e3o.","robots":{"index":"index","follow":"follow","max-snippet":"max-snippet:-1","max-image-preview":"max-image-preview:large","max-video-preview":"max-video-preview:-1"},"canonical":"https:\/\/www.estrategiaconcursos.com.br\/blog\/concurso-crefiro-2-rj-banca-definida\/","og_locale":"pt_BR","og_type":"article","og_title":"Concurso Crefito 2 (RJ): banca definida; edital iminente","og_description":"Concurso Crefito 2 (RJ): banca definida. IUDS organizar\u00e1 certame do Conselho Regional de Fisioterapia e Terapia Ocupacional da 2\u00aa\u00a0Regi\u00e3o.","og_url":"https:\/\/www.estrategiaconcursos.com.br\/blog\/concurso-crefiro-2-rj-banca-definida\/","og_site_name":"Estrat\u00e9gia Concursos","article_published_time":"2022-04-13T09:49:47+00:00","article_modified_time":"2022-04-13T09:51:33+00:00","og_image":[{"width":150,"height":150,"url":"https:\/\/dhg1h5j42swfq.cloudfront.net\/2022\/04\/13063937\/concurso-crefito-2-rj-banca-definida.png","type":"image\/png"}],"author":"Priscila Almeida","twitter_card":"summary_large_image","twitter_creator":"@EstratConcursos","twitter_site":"@EstratConcursos","twitter_misc":{"Escrito por":"Priscila Almeida","Est. tempo de leitura":"3 minutos"},"schema":{"@context":"https:\/\/schema.org","@graph":[{"@type":"NewsArticle","@id":"https:\/\/www.estrategiaconcursos.com.br\/blog\/concurso-crefiro-2-rj-banca-definida\/#article","isPartOf":{"@id":"https:\/\/www.estrategiaconcursos.com.br\/blog\/concurso-crefiro-2-rj-banca-definida\/"},"author":{"name":"Priscila Almeida","@id":"https:\/\/www.estrategiaconcursos.com.br\/blog\/#\/schema\/person\/a06e841e501f2e1d8c49c4e8f066bfd1"},"headline":"Concurso Crefito 2 (RJ): banca definida; edital iminente","datePublished":"2022-04-13T09:49:47+00:00","dateModified":"2022-04-13T09:51:33+00:00","mainEntityOfPage":{"@id":"https:\/\/www.estrategiaconcursos.com.br\/blog\/concurso-crefiro-2-rj-banca-definida\/"},"wordCount":436,"commentCount":0,"publisher":{"@id":"https:\/\/www.estrategiaconcursos.com.br\/blog\/#organization"},"image":{"@id":"https:\/\/www.estrategiaconcursos.com.br\/blog\/concurso-crefiro-2-rj-banca-definida\/#primaryimage"},"thumbnailUrl":"https:\/\/dhg1h5j42swfq.cloudfront.net\/2022\/04\/13063937\/concurso-crefito-2-rj-banca-definida.png","articleSection":["Executivo (Administrativa)","\u00daltimas not\u00edcias"],"inLanguage":"pt-BR","potentialAction":[{"@type":"CommentAction","name":"Comment","target":["https:\/\/www.estrategiaconcursos.com.br\/blog\/concurso-crefiro-2-rj-banca-definida\/#respond"]}],"copyrightYear":"2022","copyrightHolder":{"@id":"https:\/\/www.estrategiaconcursos.com.br\/blog\/#organization"}},{"@type":"WebPage","@id":"https:\/\/www.estrategiaconcursos.com.br\/blog\/concurso-crefiro-2-rj-banca-definida\/","url":"https:\/\/www.estrategiaconcursos.com.br\/blog\/concurso-crefiro-2-rj-banca-definida\/","name":"Concurso Crefito 2 (RJ): banca definida; edital iminente","isPartOf":{"@id":"https:\/\/www.estrategiaconcursos.com.br\/blog\/#website"},"primaryImageOfPage":{"@id":"https:\/\/www.estrategiaconcursos.com.br\/blog\/concurso-crefiro-2-rj-banca-definida\/#primaryimage"},"image":{"@id":"https:\/\/www.estrategiaconcursos.com.br\/blog\/concurso-crefiro-2-rj-banca-definida\/#primaryimage"},"thumbnailUrl":"https:\/\/dhg1h5j42swfq.cloudfront.net\/2022\/04\/13063937\/concurso-crefito-2-rj-banca-definida.png","datePublished":"2022-04-13T09:49:47+00:00","dateModified":"2022-04-13T09:51:33+00:00","description":"Concurso Crefito 2 (RJ): banca definida. IUDS organizar\u00e1 certame do Conselho Regional de Fisioterapia e Terapia Ocupacional da 2\u00aa\u00a0Regi\u00e3o.","breadcrumb":{"@id":"https:\/\/www.estrategiaconcursos.com.br\/blog\/concurso-crefiro-2-rj-banca-definida\/#breadcrumb"},"inLanguage":"pt-BR","potentialAction":[{"@type":"ReadAction","target":["https:\/\/www.estrategiaconcursos.com.br\/blog\/concurso-crefiro-2-rj-banca-definida\/"]}]},{"@type":"ImageObject","inLanguage":"pt-BR","@id":"https:\/\/www.estrategiaconcursos.com.br\/blog\/concurso-crefiro-2-rj-banca-definida\/#primaryimage","url":"https:\/\/dhg1h5j42swfq.cloudfront.net\/2022\/04\/13063937\/concurso-crefito-2-rj-banca-definida.png","contentUrl":"https:\/\/dhg1h5j42swfq.cloudfront.net\/2022\/04\/13063937\/concurso-crefito-2-rj-banca-definida.png","width":150,"height":150},{"@type":"BreadcrumbList","@id":"https:\/\/www.estrategiaconcursos.com.br\/blog\/concurso-crefiro-2-rj-banca-definida\/#breadcrumb","itemListElement":[{"@type":"ListItem","position":1,"name":"In\u00edcio","item":"https:\/\/www.estrategiaconcursos.com.br\/blog\/"},{"@type":"ListItem","position":2,"name":"Concurso Crefito 2 (RJ): banca definida; edital iminente"}]},{"@type":"WebSite","@id":"https:\/\/www.estrategiaconcursos.com.br\/blog\/#website","url":"https:\/\/www.estrategiaconcursos.com.br\/blog\/","name":"Estrat\u00e9gia Concursos","description":"O blog da Estrat\u00e9gia Concursos traz not\u00edcias sobre concursos e artigos de professores oferecendo cursos para concursos (pdf + videaulas) no site.","publisher":{"@id":"https:\/\/www.estrategiaconcursos.com.br\/blog\/#organization"},"potentialAction":[{"@type":"SearchAction","target":{"@type":"EntryPoint","urlTemplate":"https:\/\/www.estrategiaconcursos.com.br\/blog\/?s={search_term_string}"},"query-input":{"@type":"PropertyValueSpecification","valueRequired":true,"valueName":"search_term_string"}}],"inLanguage":"pt-BR"},{"@type":"Organization","@id":"https:\/\/www.estrategiaconcursos.com.br\/blog\/#organization","name":"Estrat\u00e9gia Concursos","url":"https:\/\/www.estrategiaconcursos.com.br\/blog\/","logo":{"@type":"ImageObject","inLanguage":"pt-BR","@id":"https:\/\/www.estrategiaconcursos.com.br\/blog\/#\/schema\/logo\/image\/","url":"https:\/\/dhg1h5j42swfq.cloudfront.net\/2025\/06\/03203428\/logo_concursos-1.jpg","contentUrl":"https:\/\/dhg1h5j42swfq.cloudfront.net\/2025\/06\/03203428\/logo_concursos-1.jpg","width":230,"height":60,"caption":"Estrat\u00e9gia Concursos"},"image":{"@id":"https:\/\/www.estrategiaconcursos.com.br\/blog\/#\/schema\/logo\/image\/"},"sameAs":["https:\/\/x.com\/EstratConcursos"]},{"@type":"Person","@id":"https:\/\/www.estrategiaconcursos.com.br\/blog\/#\/schema\/person\/a06e841e501f2e1d8c49c4e8f066bfd1","name":"Priscila Almeida","image":{"@type":"ImageObject","inLanguage":"pt-BR","@id":"https:\/\/secure.gravatar.com\/avatar\/0a963c9e2a947fa675b669cea2b5d0ba6dd1cbf46b966190343b6c9973ad3337?s=96&d=mm&r=g","url":"https:\/\/secure.gravatar.com\/avatar\/0a963c9e2a947fa675b669cea2b5d0ba6dd1cbf46b966190343b6c9973ad3337?s=96&d=mm&r=g","contentUrl":"https:\/\/secure.gravatar.com\/avatar\/0a963c9e2a947fa675b669cea2b5d0ba6dd1cbf46b966190343b6c9973ad3337?s=96&d=mm&r=g","caption":"Priscila Almeida"},"description":"Atua na \u00e1rea de concursos p\u00fablicos desde 2019. As editorias que mais t\u00eam familiaridade s\u00e3o: Tribunais (TJs; TRTs; TREs; TSTs; STJ, STF, STM e TSE); Defensorias; Minist\u00e9rios P\u00fablicos; Procuradorias; Educa\u00e7\u00e3o e Conselhos. Na \u00e1rea de comunica\u00e7\u00e3o, de maneira geral, a caminhada \u00e9 um pouco mais longa - desde 2007. Possui experi\u00eancia em reda\u00e7\u00f5es de r\u00e1dio, TV, Web e impresso, al\u00e9m de desenvolver trabalhos em assessorias de comunica\u00e7\u00e3o institucional, empresarial e p\u00fablicas. Entre outros trabalhos, se destacam a atua\u00e7\u00e3o nas \u00e1reas de Justi\u00e7a, Congresso, Esportes, Sa\u00fade, Agropecu\u00e1ria, Cidades e Avia\u00e7\u00e3o Civil.","url":"https:\/\/www.estrategiaconcursos.com.br\/blog\/author\/priscila-almeidaestrategia-com\/"}]}},"_links":{"self":[{"href":"https:\/\/www.estrategiaconcursos.com.br\/blog\/wp-json\/wp\/v2\/posts\/1007852","targetHints":{"allow":["GET"]}}],"collection":[{"href":"https:\/\/www.estrategiaconcursos.com.br\/blog\/wp-json\/wp\/v2\/posts"}],"about":[{"href":"https:\/\/www.estrategiaconcursos.com.br\/blog\/wp-json\/wp\/v2\/types\/post"}],"author":[{"embeddable":true,"href":"https:\/\/www.estrategiaconcursos.com.br\/blog\/wp-json\/wp\/v2\/users\/2375"}],"replies":[{"embeddable":true,"href":"https:\/\/www.estrategiaconcursos.com.br\/blog\/wp-json\/wp\/v2\/comments?post=1007852"}],"version-history":[{"count":4,"href":"https:\/\/www.estrategiaconcursos.com.br\/blog\/wp-json\/wp\/v2\/posts\/1007852\/revisions"}],"predecessor-version":[{"id":1007862,"href":"https:\/\/www.estrategiaconcursos.com.br\/blog\/wp-json\/wp\/v2\/posts\/1007852\/revisions\/1007862"}],"wp:featuredmedia":[{"embeddable":true,"href":"https:\/\/www.estrategiaconcursos.com.br\/blog\/wp-json\/wp\/v2\/media\/1007853"}],"wp:attachment":[{"href":"https:\/\/www.estrategiaconcursos.com.br\/blog\/wp-json\/wp\/v2\/media?parent=1007852"}],"wp:term":[{"taxonomy":"category","embeddable":true,"href":"https:\/\/www.estrategiaconcursos.com.br\/blog\/wp-json\/wp\/v2\/categories?post=1007852"},{"taxonomy":"post_tag","embeddable":true,"href":"https:\/\/www.estrategiaconcursos.com.br\/blog\/wp-json\/wp\/v2\/tags?post=1007852"},{"taxonomy":"tax_estado","embeddable":true,"href":"https:\/\/www.estrategiaconcursos.com.br\/blog\/wp-json\/wp\/v2\/tax_estado?post=1007852"}],"curies":[{"name":"wp","href":"https:\/\/api.w.org\/{rel}","templated":true}]}}