{"id":100723,"date":"2021-06-17T09:00:00","date_gmt":"2021-06-17T12:00:00","guid":{"rendered":"https:\/\/www.estrategiaconcursos.com.br\/blog\/?p=100723"},"modified":"2021-06-25T22:08:17","modified_gmt":"2021-06-26T01:08:17","slug":"concurso-guarda-prisional-se","status":"publish","type":"post","link":"https:\/\/www.estrategiaconcursos.com.br\/blog\/concurso-guarda-prisional-se\/","title":{"rendered":"Concurso Pol\u00edcia Penal SE: PLP determina cria\u00e7\u00e3o de 150 vagas!"},"content":{"rendered":"\n<p>Aten\u00e7\u00e3o, corujas! Foi aprovado o Projeto&nbsp;de Lei Complementar (PLP) que cria <strong>150 vagas para o cargo de Policial Penal<\/strong>. As oportunidades ser\u00e3o preenchidas com os aprovados do \u00faltimo concurso p\u00fablico, que ocorreu em 2018.<\/p>\n\n\n\n<p>Segundo a Secretaria de Estado da Justi\u00e7a, do Trabalho e de Defesa do Consumidor (SEJUC), atualmente h\u00e1 613 guardas e agentes efetivos em seus quadros e uma popula\u00e7\u00e3o carcer\u00e1ria de 5.325 internos, distribu\u00eddos nas nove unidades penitenci\u00e1rias do estado. <\/p>\n\n\n\n<p>Assim, tem-se uma propor\u00e7\u00e3o de nove custodiados por Policial Penal, n\u00famero que extrapola a recomenda\u00e7\u00e3o do Conselho Nacional de Pol\u00edtica Criminal e Penitenci\u00e1ria.<\/p>\n\n\n\n<p>Lembrando que foi enviada, para a Assembleia Legislativa de Sergipe, a PEC (Proposta de Emenda \u00e0 Constitui\u00e7\u00e3o) que prop\u00f5e a cria\u00e7\u00e3o do cargo de Pol\u00edcia Penal (antigo Guarda Prisional).<\/p>\n\n\n\n<p>Com isso, os cargos agente de seguranc\u0327a penitencia\u0301ria, agente auxiliar de seguranc\u0327a penitencia\u0301ria, guarda de seguranc\u0327a do sistema prisional, al\u00e9m dos cargos isolados e equivalentes, ser\u00e3o transformados em fun\u00e7\u00f5es dos policiais penais. <\/p>\n\n\n\n<p>Outro fato relevante \u00e9 sobre um poss\u00edvel novo concurso. Isso porque a 12\u00aa Vara C\u00edvel de Aracaju determinou que a sele\u00e7\u00e3o aconte\u00e7a dentro de seis meses. <\/p>\n\n\n\n<p>Confira neste artigo as principais informa\u00e7\u00f5es e novidades sobre o concurso da Pol\u00edcia Penal SE. Acompanhe os t\u00f3picos abaixo e n\u00e3o perca nenhum detalhe:<\/p>\n\n\n\n<ul class=\"wp-block-list\"><li><a href=\"#situacao\">Situa\u00e7\u00e3o atual<\/a><ul><li><a href=\"#criacao-vagas\">Cria\u00e7\u00e3o de vagas<\/a><\/li><li><a href=\"#cargo\">Mudan\u00e7as no cargo<\/a><\/li><\/ul><\/li><li><a href=\"#sobre-cargo\">Sobre os cargos<\/a><ul><li><a href=\"#requisito\">Requisitos<\/a><\/li><li><a href=\"#remuneracoes\">Remunera\u00e7\u00f5es<\/a><\/li><li><a href=\"#carga\">Carga hor\u00e1ria<\/a><\/li><\/ul><\/li><li><a href=\"#ultimo-concurso\">\u00daltimo concurso<\/a><ul><li><a href=\"#etapas\">Etapas e provas<\/a><\/li><\/ul><\/li><li><a href=\"#cursos-assinatura\">Cursos e assinaturas<\/a><\/li><li><a href=\"#ficha\">Ficha t\u00e9cnica<\/a><\/li><\/ul>\n\n\n\n<h2 class=\"wp-block-heading\" id=\"situacao\">Situa\u00e7\u00e3o atual do concurso Guarda Prisional SE<\/h2>\n\n\n\n<h3 class=\"wp-block-heading\" id=\"criacao-vagas\">Cria\u00e7\u00e3o de vagas<\/h3>\n\n\n\n<p>Foi aprovado o Projeto&nbsp;de Lei Complementar que cria 150 vagas para o cargo de Policial Penal. As vagas ser\u00e3o preenchidas com os aprovados do \u00faltimo concurso Pol\u00edcia Penal SE. Atualmente, o n\u00famero de agentes penitenci\u00e1rio n\u00e3o \u00e9 proporcional \u00e0 popula\u00e7\u00e3o carcer\u00e1ria.<\/p>\n\n\n\n<blockquote class=\"wp-block-quote is-layout-flow wp-block-quote-is-layout-flow\"><p><em>\u201cFazendo uma rela\u00e7\u00e3o entre o n\u00famero de internos e o n\u00famero de servidores em atividade, tem-se uma propor\u00e7\u00e3o de nove custodiados por Policial Penal, n\u00famero que extrapola a recomenda\u00e7\u00e3o do Conselho Nacional de Pol\u00edtica Criminal e Penitenci\u00e1ria (CNPCP)&#8221;<\/em>, informa o Projeto de Lei.<\/p><\/blockquote>\n\n\n\n<p>Lembrando que foi determinado pela 12\u00aa Vara C\u00edvel de Aracaju que, dentre de seis meses, seja realizado um novo concurso p\u00fablico para Agente Penitenci\u00e1rio em Sergipe, que, atualmente, mant\u00e9m o nome de Guarda Prisional. <\/p>\n\n\n\n<p>Segundo respons\u00e1vel pela decis\u00e3o, o juiz Jair Teles da Silva Filho, a medida deveria ser cumprida no prazo de 30 dias, sob pena de multa di\u00e1ria de R$ 500,00, limitado a R$ 15 mil.<\/p>\n\n\n\n<h3 class=\"wp-block-heading\" id=\"cargo\">Mudan\u00e7as no cargo<\/h3>\n\n\n\n<p>Foi enviado a Assembleia Legislativa de Sergipe \u00e0 PEC (Proposta de Emenda \u00e0 Constitui\u00e7\u00e3o) que instaura o cargo de Pol\u00edcia Penal (antigo Guarda Prisional).<\/p>\n\n\n\n<p>Assim os cargos agente de seguran\u00e7a penitenci\u00e1ria, de agente auxiliar de seguran\u00e7a penitenci\u00e1ria, de guarda de seguran\u00e7a do sistema prisional, e dos cargos isolados e equivalentes, ser\u00e3o transformados em fun\u00e7\u00f5es dos policiais penais. <\/p>\n\n\n\n<p>Segundo o secret\u00e1rio geral de governo, Jos\u00e9 Felizola, a cria\u00e7\u00e3o da Pol\u00edcia Penal SE segue a movimenta\u00e7\u00e3o nacional de cria\u00e7\u00e3o da nova institui\u00e7\u00e3o de seguran\u00e7a p\u00fablica brasileira. <em>\u201c\u00c9 um movimento nacional de todas as categorias, tanto dos agentes federais, quanto dos estados da federa\u00e7\u00e3o&#8221;<\/em>.<\/p>\n\n\n\n<h2 class=\"wp-block-heading\" id=\"sobre-cargo\">Sobre o cargo do concurso Pol\u00edcia Penal SE<\/h2>\n\n\n\n<h3 class=\"wp-block-heading\" id=\"requisito\">Requisitos<\/h3>\n\n\n\n<p>Para participar do concurso para Guarda Prisional, o candidato precisa apresentar diploma, devidamente registrado, de conclus\u00e3o de curso de Ensino M\u00e9dio, fornecido por institui\u00e7\u00e3o reconhecida pelo Minist\u00e9rio de Educa\u00e7\u00e3o \u2013 MEC.<\/p>\n\n\n\n<h3 class=\"wp-block-heading\" id=\"remuneracoes\">Remunera\u00e7\u00f5es<\/h3>\n\n\n\n<p>A Carreira de Guarda de Seguran\u00e7a do Sistema Prisional \u00e9 estruturada em 07 classes, hierarquicamente escalonadas, tendo na \u00faltima classe o vencimento b\u00e1sico no valor de R$ 4.457,86. Acrescido de demais vantagens (periculosidade, tri\u00eanios, adicional noturno, titula\u00e7\u00e3o), o valor pode atingir R$ 8.445,00.<\/p>\n\n\n\n<p>De acordo com a Lei Complementar 293\/2017 do Estado de Sergipe, a remunera\u00e7\u00e3o para o cargo de&nbsp;Guarda Prisional bruta inicial \u00e9 de&nbsp;R$ 1.500,00. Com benef\u00edcios, o total pode chegar a R$ 2.200,00.<\/p>\n\n\n\n<div class=\"wp-block-image\"><figure class=\"aligncenter size-large is-resized\"><img loading=\"lazy\" decoding=\"async\" src=\"https:\/\/dhg1h5j42swfq.cloudfront.net\/2020\/10\/01180739\/image-4.png\" alt=\"\" class=\"wp-image-581548\" width=\"518\" height=\"212\" srcset=\"https:\/\/dhg1h5j42swfq.cloudfront.net\/2020\/10\/01180739\/image-4.png 953w, https:\/\/dhg1h5j42swfq.cloudfront.net\/2020\/10\/01180739\/image-4-300x123.png 300w, https:\/\/dhg1h5j42swfq.cloudfront.net\/2020\/10\/01180739\/image-4-768x315.png 768w, https:\/\/dhg1h5j42swfq.cloudfront.net\/2020\/10\/01180739\/image-4-610x250.png 610w\" sizes=\"auto, (max-width: 518px) 100vw, 518px\" \/><\/figure><\/div>\n\n\n\n<h3 class=\"wp-block-heading\" id=\"carga\">Carga hor\u00e1ria<\/h3>\n\n\n\n<p>A jornada de trabalho dos Guardas Prisionais \u00e9 de 40 horas semanais, respeitado o limite de 24 horas consecutivas em regime de plant\u00e3o.<\/p>\n\n\n\n<h2 class=\"wp-block-heading\">\u00daltimo concurso Pol\u00edcia Penal SE<\/h2>\n\n\n\n<p>O \u00faltimo concurso para a Guarda Prisional do Sergipe foi publicado em abril de 2018, com a oferta de 100 vagas imediatas. A homologa\u00e7\u00e3o foi anunciada em agosto do mesmo ano. Ao todo, foram registradas 26.321 inscri\u00e7\u00f5es.<\/p>\n\n\n\n<figure class=\"wp-block-table is-style-stripes\"><table class=\"has-subtle-pale-blue-background-color has-fixed-layout has-background\"><thead><tr><th class=\"has-text-align-left\" data-align=\"left\"><strong>Vagas<\/strong><\/th><th class=\"has-text-align-center\" data-align=\"center\">AC<\/th><th class=\"has-text-align-center\" data-align=\"center\">PcD<\/th><th class=\"has-text-align-center\" data-align=\"center\">Negros<\/th><\/tr><\/thead><tbody><tr><td class=\"has-text-align-left\" data-align=\"left\">Masculino<\/td><td class=\"has-text-align-center\" data-align=\"center\">52<\/td><td class=\"has-text-align-center\" data-align=\"center\">15<\/td><td class=\"has-text-align-center\" data-align=\"center\">08<\/td><\/tr><tr><td class=\"has-text-align-left\" data-align=\"left\">Feminino<\/td><td class=\"has-text-align-center\" data-align=\"center\">17<\/td><td class=\"has-text-align-center\" data-align=\"center\">05<\/td><td class=\"has-text-align-center\" data-align=\"center\">03<\/td><\/tr><\/tbody><\/table><\/figure>\n\n\n\n<h3 class=\"wp-block-heading\">Etapas e provas do \u00faltimo Pol\u00edcia Penal SE<\/h3>\n\n\n\n<p>De acordo com o edital, os candidatos do \u00faltimo concurso para Guarda Prisional SE foram avaliados atrav\u00e9s das seguintes fases:<\/p>\n\n\n\n<ul class=\"wp-block-list\"><li><strong>1\u00aa FASE &#8211; Prova Objetiva<\/strong>: de car\u00e1ter eliminat\u00f3rio e classificat\u00f3rio;<\/li><li><strong>2\u00aa FASE &#8211; Exames Psicol\u00f3gicos e Toxicol\u00f3gicos<\/strong>: de car\u00e1ter eliminat\u00f3rio; <\/li><li><strong>3\u00aa FASE &#8211; Teste de Aptid\u00e3o F\u00edsica<\/strong> \u2013 TAF: de car\u00e1ter eliminat\u00f3rio; <\/li><li><strong>4\u00aa FASE &#8211; Investiga\u00e7\u00e3o Social<\/strong>: de car\u00e1ter eliminat\u00f3rio; <\/li><li><strong>5\u00aa FASE &#8211; Curso de Prepara\u00e7\u00e3o<\/strong>: de car\u00e1ter eliminat\u00f3rio; <\/li><li><strong>6\u00aa FASE &#8211; Prova de T\u00edtulos<\/strong>: de car\u00e1ter classificat\u00f3rio.<\/li><\/ul>\n\n\n\n<h3 class=\"wp-block-heading\">Provas Objetivas<\/h3>\n\n\n\n<p>De car\u00e1ter eliminat\u00f3rio e classificat\u00f3rio, as provas objetivas foram compostas por quest\u00f5es de Conhecimentos Gerais e Espec\u00edficos:<\/p>\n\n\n\n<ul class=\"wp-block-list\"><li>Portugu\u00eas &#8211; 10 quest\u00f5es<\/li><li>Matem\u00e1tica &#8211; 05 quest\u00f5es<\/li><li>Inform\u00e1tica &#8211; 05 quest\u00f5es<\/li><li>Hist\u00f3ria, geografia e cultura de Sergipe &#8211; 05 quest\u00f5es<\/li><li>Direito Constitucional &#8211; 05 quest\u00f5es<\/li><li>Direitos Administrativos &#8211; 05 quest\u00f5es<\/li><li>Direito Penal &#8211; 05 quest\u00f5es<\/li><li>Direitos Humanos &#8211; 05 quest\u00f5es<\/li><li>Lei de Execu\u00e7\u00e3o Penal &#8211; 10 quest\u00f5es<\/li><li>Lei Estadual 2.148\/90 e Lei Complementar 72\/2002 + altera\u00e7\u00f5es posteriores &#8211; 05 quest\u00f5es<\/li><\/ul>\n\n\n\n<hr class=\"wp-block-separator\"\/>\n\n\n\n<h2 class=\"has-text-align-center wp-block-heading\" id=\"cursos-assinatura\">Quer estudar para o concurso Pol\u00edcia Penal SE?<\/h2>\n\n\n\n<div class=\"col-sm\">\n      <div class=\"banner-estrategia\" id=\"box-assinatura\">\n        <h3 class=\"titulo-assinatura\">Concurso Pol\u00edcia Penal SE<\/h3>\n        <p class=\"subtitulo-assinatura\">Conhe\u00e7a os cursos<\/p>\n        <div class=\"box-botao\">\n          <a class=\"btn-assinatura\" target=\"_blank\" href=\"https:\/\/www.estrategiaconcursos.com.br\/cursosPorConcurso\" role=\"button\" rel=\"noopener noreferrer\">Conhe\u00e7a mais<\/a>\n        <\/div>\n      <\/div>\n      \n    <\/div>\n\n\n\n<div class=\"container\" id=\"boxes\">\n  <div class=\"row\">\n\n    <div class=\"col-sm\">\n      <div class=\"estrategia\" id=\"box-assinatura\">\n        <h3 class=\"titulo-assinatura\">Assinatura Concursos<\/h3>\n        <p class=\"subtitulo-assinatura\">Assinatura de 1 ano ou 2 anos<\/p>\n        <div class=\"box-botao\">\n          <a class=\"btn-assinatura\" target=\"_blank\" href=\"https:\/\/www.estrategiaconcursos.com.br\/assinaturas\/\" role=\"button\" rel=\"noopener noreferrer\">ASSINE AGORA<\/a>\n        <\/div>\n      <\/div>\n     \n    <\/div><\/div><\/div>\n\n\n\n<div class=\"container\" id=\"boxes\">\n  <div class=\"row\">\n\n    <div class=\"col-sm\" id=\"boxes-concursos\">\n      <div style=\"background-color: #005DAD;\" class=\"conteudo-concursos\" id=\"box-concursos\">\n        <h3 class=\"titulo-assinatura\">Concursos Abertos<\/h3>\n        <p class=\"subtitulo-assinatura\">Os editais publicados<\/p>\n        <div class=\"box-botao\">\n          <a class=\"btn-assinatura\" target=\"_blank\" href=\"https:\/\/www.estrategiaconcursos.com.br\/blog\/concursos-abertos\/\" role=\"button\" rel=\"noopener noreferrer\">Conhe\u00e7a Agora<\/a>\n        <\/div>\n      <\/div>\n    <\/div>\n\n    <div class=\"col-sm\" id=\"boxes-concursos\">\n      <div style=\"background-color: #1A7ED5;\" class=\"conteudo-concursos\" id=\"box-concursos\">\n        <h3 class=\"titulo-assinatura\">Concursos 2021<\/h3>\n        <p class=\"subtitulo-assinatura\">As oportunidades previstas<\/p>\n        <div class=\"box-botao\">\n          <a class=\"btn-assinatura\" target=\"_blank\" href=\"https:\/\/www.estrategiaconcursos.com.br\/blog\/concursos-2021\/\" role=\"button\" rel=\"noopener noreferrer\">Conhe\u00e7a Agora<\/a>\n        <\/div>\n      <\/div>\n    <\/div>\n\n    <div class=\"col-sm\" id=\"boxes-concursos\">\n      <div style=\"background-color: #419FF0;\" class=\"conteudo-concursos\" id=\"box-concursos\">\n        <h3 class=\"titulo-assinatura\">Concursos 2022<\/h3>\n        <p class=\"subtitulo-assinatura\">Vagas para o pr\u00f3ximo ano<\/p>\n        <div class=\"box-botao\">\n          <a class=\"btn-assinatura\" target=\"_blank\" href=\"https:\/\/www.estrategiaconcursos.com.br\/blog\/concursos-2022\/\" role=\"button\" rel=\"noopener noreferrer\">Conhe\u00e7a Agora<\/a>\n        <\/div>\n      <\/div>\n    <\/div>\n\n  <\/div>\n<\/div>\n\n\n\n<figure class=\"wp-block-image size-large is-resized\"><img loading=\"lazy\" decoding=\"async\" src=\"https:\/\/dhg1h5j42swfq.cloudfront.net\/2021\/06\/17094429\/ficha-tecnica-3-1024x632.png\" alt=\"Concurso Pol\u00edcia Penal SE\" class=\"wp-image-769350\" width=\"283\" height=\"175\" srcset=\"https:\/\/dhg1h5j42swfq.cloudfront.net\/2021\/06\/17094429\/ficha-tecnica-3-1024x632.png 1024w, https:\/\/dhg1h5j42swfq.cloudfront.net\/2021\/06\/17094429\/ficha-tecnica-3-300x185.png 300w, https:\/\/dhg1h5j42swfq.cloudfront.net\/2021\/06\/17094429\/ficha-tecnica-3-768x474.png 768w, https:\/\/dhg1h5j42swfq.cloudfront.net\/2021\/06\/17094429\/ficha-tecnica-3-1536x948.png 1536w, https:\/\/dhg1h5j42swfq.cloudfront.net\/2021\/06\/17094429\/ficha-tecnica-3-610x377.png 610w, https:\/\/dhg1h5j42swfq.cloudfront.net\/2021\/06\/17094429\/ficha-tecnica-3.png 1571w\" sizes=\"auto, (max-width: 283px) 100vw, 283px\" \/><\/figure>\n\n\n\n<h3 class=\"wp-block-heading\">Informa\u00e7\u00f5es do \u00faltimo Concurso Pol\u00edcia Penal SE<\/h3>\n\n\n\n<ul class=\"wp-block-list\"><li><strong>Vagas<\/strong>: 100 vagas<\/li><li><strong>Lota\u00e7\u00f5es<\/strong>: Sergipe<\/li><li><strong>Banca<\/strong>: IBADE<\/li><li><strong>Escolaridade<\/strong>: Ensino M\u00e9dio Completo<\/li><li><strong>Edital<\/strong>: <a rel=\"noopener noreferrer\" href=\"https:\/\/dhg1h5j42swfq.cloudfront.net\/2018\/05\/08163541\/EDITAL-GUARDA-PRISIONAL-SERGIPE-ATUALIZADO-CONF-RETIFICA-O-01-E-EDITAL-PRORROGA-O-DAS-INSCRI-ES.pdf\" target=\"_blank\">EDITAL GUARDA PRISIONAL SE<\/a><\/li><\/ul>\n","protected":false},"excerpt":{"rendered":"<p>Aten\u00e7\u00e3o, corujas! Foi aprovado o Projeto&nbsp;de Lei Complementar (PLP) que cria 150 vagas para o cargo de Policial Penal. As oportunidades ser\u00e3o preenchidas com os aprovados do \u00faltimo concurso p\u00fablico, que ocorreu em 2018. Segundo a Secretaria de Estado da Justi\u00e7a, do Trabalho e de Defesa do Consumidor (SEJUC), atualmente h\u00e1 613 guardas e agentes [&hellip;]<\/p>\n","protected":false},"author":1,"featured_media":777128,"comment_status":"open","ping_status":"closed","sticky":false,"template":"","format":"standard","meta":{"post_tipo":"news_page","footnotes":""},"categories":[220188],"tags":[3308,3309,3310],"tax_estado":[219988],"class_list":["post-100723","post","type-post","status-publish","format-standard","has-post-thumbnail","hentry","category-policial-agente-penitenciario","tag-concurso-guarda-prisional-sergipe","tag-guarda-prisional","tag-sergipe","tax_estado-se"],"acf":[],"yoast_head":"<!-- This site is optimized with the Yoast SEO Premium plugin v27.2 (Yoast SEO v27.2) - https:\/\/yoast.com\/product\/yoast-seo-premium-wordpress\/ -->\n<title>Concurso Pol\u00edcia Penal SE: PLP determina cria\u00e7\u00e3o de 150 vagas!<\/title>\n<meta name=\"description\" content=\"Concurso Pol\u00edcia Penal SE: Foi enviado a Assembleia Legislativa de Sergipe a PEC que instaura o cargo de Pol\u00edcia Penal. Confira!\" \/>\n<meta name=\"robots\" content=\"index, follow, max-snippet:-1, max-image-preview:large, max-video-preview:-1\" \/>\n<link rel=\"canonical\" href=\"https:\/\/www.estrategiaconcursos.com.br\/blog\/concurso-guarda-prisional-se\/\" \/>\n<meta property=\"og:locale\" content=\"pt_BR\" \/>\n<meta property=\"og:type\" content=\"article\" \/>\n<meta property=\"og:title\" content=\"Concurso Pol\u00edcia Penal SE: PLP determina cria\u00e7\u00e3o de 150 vagas!\" \/>\n<meta property=\"og:description\" content=\"Concurso Pol\u00edcia Penal SE: Foi enviado a Assembleia Legislativa de Sergipe a PEC que instaura o cargo de Pol\u00edcia Penal. Confira!\" \/>\n<meta property=\"og:url\" content=\"https:\/\/www.estrategiaconcursos.com.br\/blog\/concurso-guarda-prisional-se\/\" \/>\n<meta property=\"og:site_name\" content=\"Estrat\u00e9gia Concursos\" \/>\n<meta property=\"article:author\" content=\"https:\/\/www.facebook.com\/EstrategiaConcursos\" \/>\n<meta property=\"article:published_time\" content=\"2021-06-17T12:00:00+00:00\" \/>\n<meta property=\"article:modified_time\" content=\"2021-06-26T01:08:17+00:00\" \/>\n<meta property=\"og:image\" content=\"https:\/\/dhg1h5j42swfq.cloudfront.net\/2021\/06\/25131550\/policia-penal-se.jpg\" \/>\n\t<meta property=\"og:image:width\" content=\"768\" \/>\n\t<meta property=\"og:image:height\" content=\"432\" \/>\n\t<meta property=\"og:image:type\" content=\"image\/jpeg\" \/>\n<meta name=\"author\" content=\"Coordena\u00e7\u00e3o\" \/>\n<meta name=\"twitter:card\" content=\"summary_large_image\" \/>\n<meta name=\"twitter:creator\" content=\"@EstratConcursos\" \/>\n<meta name=\"twitter:site\" content=\"@EstratConcursos\" \/>\n<meta name=\"twitter:label1\" content=\"Escrito por\" \/>\n\t<meta name=\"twitter:data1\" content=\"Coordena\u00e7\u00e3o\" \/>\n\t<meta name=\"twitter:label2\" content=\"Est. tempo de leitura\" \/>\n\t<meta name=\"twitter:data2\" content=\"5 minutos\" \/>\n<script type=\"application\/ld+json\" class=\"yoast-schema-graph\">{\"@context\":\"https:\/\/schema.org\",\"@graph\":[{\"@type\":\"NewsArticle\",\"@id\":\"https:\/\/www.estrategiaconcursos.com.br\/blog\/concurso-guarda-prisional-se\/#article\",\"isPartOf\":{\"@id\":\"https:\/\/www.estrategiaconcursos.com.br\/blog\/concurso-guarda-prisional-se\/\"},\"author\":{\"name\":\"Coordena\u00e7\u00e3o\",\"@id\":\"https:\/\/www.estrategiaconcursos.com.br\/blog\/#\/schema\/person\/b4a388c97673c5f483d72185668afa1f\"},\"headline\":\"Concurso Pol\u00edcia Penal SE: PLP determina cria\u00e7\u00e3o de 150 vagas!\",\"datePublished\":\"2021-06-17T12:00:00+00:00\",\"dateModified\":\"2021-06-26T01:08:17+00:00\",\"mainEntityOfPage\":{\"@id\":\"https:\/\/www.estrategiaconcursos.com.br\/blog\/concurso-guarda-prisional-se\/\"},\"wordCount\":1044,\"commentCount\":11,\"publisher\":{\"@id\":\"https:\/\/www.estrategiaconcursos.com.br\/blog\/#organization\"},\"image\":{\"@id\":\"https:\/\/www.estrategiaconcursos.com.br\/blog\/concurso-guarda-prisional-se\/#primaryimage\"},\"thumbnailUrl\":\"https:\/\/dhg1h5j42swfq.cloudfront.net\/2021\/06\/25131550\/policia-penal-se.jpg\",\"keywords\":[\"concurso guarda prisional sergipe\",\"guarda prisional\",\"sergipe\"],\"articleSection\":[\"Policial (Agente Penitenci\u00e1rio)\"],\"inLanguage\":\"pt-BR\",\"potentialAction\":[{\"@type\":\"CommentAction\",\"name\":\"Comment\",\"target\":[\"https:\/\/www.estrategiaconcursos.com.br\/blog\/concurso-guarda-prisional-se\/#respond\"]}],\"copyrightYear\":\"2021\",\"copyrightHolder\":{\"@id\":\"https:\/\/www.estrategiaconcursos.com.br\/blog\/#organization\"}},{\"@type\":\"WebPage\",\"@id\":\"https:\/\/www.estrategiaconcursos.com.br\/blog\/concurso-guarda-prisional-se\/\",\"url\":\"https:\/\/www.estrategiaconcursos.com.br\/blog\/concurso-guarda-prisional-se\/\",\"name\":\"Concurso Pol\u00edcia Penal SE: PLP determina cria\u00e7\u00e3o de 150 vagas!\",\"isPartOf\":{\"@id\":\"https:\/\/www.estrategiaconcursos.com.br\/blog\/#website\"},\"primaryImageOfPage\":{\"@id\":\"https:\/\/www.estrategiaconcursos.com.br\/blog\/concurso-guarda-prisional-se\/#primaryimage\"},\"image\":{\"@id\":\"https:\/\/www.estrategiaconcursos.com.br\/blog\/concurso-guarda-prisional-se\/#primaryimage\"},\"thumbnailUrl\":\"https:\/\/dhg1h5j42swfq.cloudfront.net\/2021\/06\/25131550\/policia-penal-se.jpg\",\"datePublished\":\"2021-06-17T12:00:00+00:00\",\"dateModified\":\"2021-06-26T01:08:17+00:00\",\"description\":\"Concurso Pol\u00edcia Penal SE: Foi enviado a Assembleia Legislativa de Sergipe a PEC que instaura o cargo de Pol\u00edcia Penal. Confira!\",\"breadcrumb\":{\"@id\":\"https:\/\/www.estrategiaconcursos.com.br\/blog\/concurso-guarda-prisional-se\/#breadcrumb\"},\"inLanguage\":\"pt-BR\",\"potentialAction\":[{\"@type\":\"ReadAction\",\"target\":[\"https:\/\/www.estrategiaconcursos.com.br\/blog\/concurso-guarda-prisional-se\/\"]}]},{\"@type\":\"ImageObject\",\"inLanguage\":\"pt-BR\",\"@id\":\"https:\/\/www.estrategiaconcursos.com.br\/blog\/concurso-guarda-prisional-se\/#primaryimage\",\"url\":\"https:\/\/dhg1h5j42swfq.cloudfront.net\/2021\/06\/25131550\/policia-penal-se.jpg\",\"contentUrl\":\"https:\/\/dhg1h5j42swfq.cloudfront.net\/2021\/06\/25131550\/policia-penal-se.jpg\",\"width\":768,\"height\":432,\"caption\":\"POL\u00cdCIA PENAL SE\"},{\"@type\":\"BreadcrumbList\",\"@id\":\"https:\/\/www.estrategiaconcursos.com.br\/blog\/concurso-guarda-prisional-se\/#breadcrumb\",\"itemListElement\":[{\"@type\":\"ListItem\",\"position\":1,\"name\":\"In\u00edcio\",\"item\":\"https:\/\/www.estrategiaconcursos.com.br\/blog\/\"},{\"@type\":\"ListItem\",\"position\":2,\"name\":\"Concurso Pol\u00edcia Penal SE: PLP determina cria\u00e7\u00e3o de 150 vagas!\"}]},{\"@type\":\"WebSite\",\"@id\":\"https:\/\/www.estrategiaconcursos.com.br\/blog\/#website\",\"url\":\"https:\/\/www.estrategiaconcursos.com.br\/blog\/\",\"name\":\"Estrat\u00e9gia Concursos\",\"description\":\"O blog da Estrat\u00e9gia Concursos traz not\u00edcias sobre concursos e artigos de professores oferecendo cursos para concursos (pdf + videaulas) no site.\",\"publisher\":{\"@id\":\"https:\/\/www.estrategiaconcursos.com.br\/blog\/#organization\"},\"potentialAction\":[{\"@type\":\"SearchAction\",\"target\":{\"@type\":\"EntryPoint\",\"urlTemplate\":\"https:\/\/www.estrategiaconcursos.com.br\/blog\/?s={search_term_string}\"},\"query-input\":{\"@type\":\"PropertyValueSpecification\",\"valueRequired\":true,\"valueName\":\"search_term_string\"}}],\"inLanguage\":\"pt-BR\"},{\"@type\":\"Organization\",\"@id\":\"https:\/\/www.estrategiaconcursos.com.br\/blog\/#organization\",\"name\":\"Estrat\u00e9gia Concursos\",\"url\":\"https:\/\/www.estrategiaconcursos.com.br\/blog\/\",\"logo\":{\"@type\":\"ImageObject\",\"inLanguage\":\"pt-BR\",\"@id\":\"https:\/\/www.estrategiaconcursos.com.br\/blog\/#\/schema\/logo\/image\/\",\"url\":\"https:\/\/dhg1h5j42swfq.cloudfront.net\/2025\/06\/03203428\/logo_concursos-1.jpg\",\"contentUrl\":\"https:\/\/dhg1h5j42swfq.cloudfront.net\/2025\/06\/03203428\/logo_concursos-1.jpg\",\"width\":230,\"height\":60,\"caption\":\"Estrat\u00e9gia Concursos\"},\"image\":{\"@id\":\"https:\/\/www.estrategiaconcursos.com.br\/blog\/#\/schema\/logo\/image\/\"},\"sameAs\":[\"https:\/\/x.com\/EstratConcursos\"]},{\"@type\":\"Person\",\"@id\":\"https:\/\/www.estrategiaconcursos.com.br\/blog\/#\/schema\/person\/b4a388c97673c5f483d72185668afa1f\",\"name\":\"Coordena\u00e7\u00e3o\",\"image\":{\"@type\":\"ImageObject\",\"inLanguage\":\"pt-BR\",\"@id\":\"https:\/\/secure.gravatar.com\/avatar\/b720319e4c9a967eb58678d110f4fe35452fc5d5f97b202bac7b8acceb18c6ad?s=96&d=mm&r=g\",\"url\":\"https:\/\/secure.gravatar.com\/avatar\/b720319e4c9a967eb58678d110f4fe35452fc5d5f97b202bac7b8acceb18c6ad?s=96&d=mm&r=g\",\"contentUrl\":\"https:\/\/secure.gravatar.com\/avatar\/b720319e4c9a967eb58678d110f4fe35452fc5d5f97b202bac7b8acceb18c6ad?s=96&d=mm&r=g\",\"caption\":\"Coordena\u00e7\u00e3o\"},\"sameAs\":[\"https:\/\/www.facebook.com\/EstrategiaConcursos\",\"https:\/\/x.com\/EstratConcursos\"],\"url\":\"https:\/\/www.estrategiaconcursos.com.br\/blog\/author\/estrategia2013\/\"}]}<\/script>\n<!-- \/ Yoast SEO Premium plugin. -->","yoast_head_json":{"title":"Concurso Pol\u00edcia Penal SE: PLP determina cria\u00e7\u00e3o de 150 vagas!","description":"Concurso Pol\u00edcia Penal SE: Foi enviado a Assembleia Legislativa de Sergipe a PEC que instaura o cargo de Pol\u00edcia Penal. Confira!","robots":{"index":"index","follow":"follow","max-snippet":"max-snippet:-1","max-image-preview":"max-image-preview:large","max-video-preview":"max-video-preview:-1"},"canonical":"https:\/\/www.estrategiaconcursos.com.br\/blog\/concurso-guarda-prisional-se\/","og_locale":"pt_BR","og_type":"article","og_title":"Concurso Pol\u00edcia Penal SE: PLP determina cria\u00e7\u00e3o de 150 vagas!","og_description":"Concurso Pol\u00edcia Penal SE: Foi enviado a Assembleia Legislativa de Sergipe a PEC que instaura o cargo de Pol\u00edcia Penal. Confira!","og_url":"https:\/\/www.estrategiaconcursos.com.br\/blog\/concurso-guarda-prisional-se\/","og_site_name":"Estrat\u00e9gia Concursos","article_author":"https:\/\/www.facebook.com\/EstrategiaConcursos","article_published_time":"2021-06-17T12:00:00+00:00","article_modified_time":"2021-06-26T01:08:17+00:00","og_image":[{"width":768,"height":432,"url":"https:\/\/dhg1h5j42swfq.cloudfront.net\/2021\/06\/25131550\/policia-penal-se.jpg","type":"image\/jpeg"}],"author":"Coordena\u00e7\u00e3o","twitter_card":"summary_large_image","twitter_creator":"@EstratConcursos","twitter_site":"@EstratConcursos","twitter_misc":{"Escrito por":"Coordena\u00e7\u00e3o","Est. tempo de leitura":"5 minutos"},"schema":{"@context":"https:\/\/schema.org","@graph":[{"@type":"NewsArticle","@id":"https:\/\/www.estrategiaconcursos.com.br\/blog\/concurso-guarda-prisional-se\/#article","isPartOf":{"@id":"https:\/\/www.estrategiaconcursos.com.br\/blog\/concurso-guarda-prisional-se\/"},"author":{"name":"Coordena\u00e7\u00e3o","@id":"https:\/\/www.estrategiaconcursos.com.br\/blog\/#\/schema\/person\/b4a388c97673c5f483d72185668afa1f"},"headline":"Concurso Pol\u00edcia Penal SE: PLP determina cria\u00e7\u00e3o de 150 vagas!","datePublished":"2021-06-17T12:00:00+00:00","dateModified":"2021-06-26T01:08:17+00:00","mainEntityOfPage":{"@id":"https:\/\/www.estrategiaconcursos.com.br\/blog\/concurso-guarda-prisional-se\/"},"wordCount":1044,"commentCount":11,"publisher":{"@id":"https:\/\/www.estrategiaconcursos.com.br\/blog\/#organization"},"image":{"@id":"https:\/\/www.estrategiaconcursos.com.br\/blog\/concurso-guarda-prisional-se\/#primaryimage"},"thumbnailUrl":"https:\/\/dhg1h5j42swfq.cloudfront.net\/2021\/06\/25131550\/policia-penal-se.jpg","keywords":["concurso guarda prisional sergipe","guarda prisional","sergipe"],"articleSection":["Policial (Agente Penitenci\u00e1rio)"],"inLanguage":"pt-BR","potentialAction":[{"@type":"CommentAction","name":"Comment","target":["https:\/\/www.estrategiaconcursos.com.br\/blog\/concurso-guarda-prisional-se\/#respond"]}],"copyrightYear":"2021","copyrightHolder":{"@id":"https:\/\/www.estrategiaconcursos.com.br\/blog\/#organization"}},{"@type":"WebPage","@id":"https:\/\/www.estrategiaconcursos.com.br\/blog\/concurso-guarda-prisional-se\/","url":"https:\/\/www.estrategiaconcursos.com.br\/blog\/concurso-guarda-prisional-se\/","name":"Concurso Pol\u00edcia Penal SE: PLP determina cria\u00e7\u00e3o de 150 vagas!","isPartOf":{"@id":"https:\/\/www.estrategiaconcursos.com.br\/blog\/#website"},"primaryImageOfPage":{"@id":"https:\/\/www.estrategiaconcursos.com.br\/blog\/concurso-guarda-prisional-se\/#primaryimage"},"image":{"@id":"https:\/\/www.estrategiaconcursos.com.br\/blog\/concurso-guarda-prisional-se\/#primaryimage"},"thumbnailUrl":"https:\/\/dhg1h5j42swfq.cloudfront.net\/2021\/06\/25131550\/policia-penal-se.jpg","datePublished":"2021-06-17T12:00:00+00:00","dateModified":"2021-06-26T01:08:17+00:00","description":"Concurso Pol\u00edcia Penal SE: Foi enviado a Assembleia Legislativa de Sergipe a PEC que instaura o cargo de Pol\u00edcia Penal. Confira!","breadcrumb":{"@id":"https:\/\/www.estrategiaconcursos.com.br\/blog\/concurso-guarda-prisional-se\/#breadcrumb"},"inLanguage":"pt-BR","potentialAction":[{"@type":"ReadAction","target":["https:\/\/www.estrategiaconcursos.com.br\/blog\/concurso-guarda-prisional-se\/"]}]},{"@type":"ImageObject","inLanguage":"pt-BR","@id":"https:\/\/www.estrategiaconcursos.com.br\/blog\/concurso-guarda-prisional-se\/#primaryimage","url":"https:\/\/dhg1h5j42swfq.cloudfront.net\/2021\/06\/25131550\/policia-penal-se.jpg","contentUrl":"https:\/\/dhg1h5j42swfq.cloudfront.net\/2021\/06\/25131550\/policia-penal-se.jpg","width":768,"height":432,"caption":"POL\u00cdCIA PENAL SE"},{"@type":"BreadcrumbList","@id":"https:\/\/www.estrategiaconcursos.com.br\/blog\/concurso-guarda-prisional-se\/#breadcrumb","itemListElement":[{"@type":"ListItem","position":1,"name":"In\u00edcio","item":"https:\/\/www.estrategiaconcursos.com.br\/blog\/"},{"@type":"ListItem","position":2,"name":"Concurso Pol\u00edcia Penal SE: PLP determina cria\u00e7\u00e3o de 150 vagas!"}]},{"@type":"WebSite","@id":"https:\/\/www.estrategiaconcursos.com.br\/blog\/#website","url":"https:\/\/www.estrategiaconcursos.com.br\/blog\/","name":"Estrat\u00e9gia Concursos","description":"O blog da Estrat\u00e9gia Concursos traz not\u00edcias sobre concursos e artigos de professores oferecendo cursos para concursos (pdf + videaulas) no site.","publisher":{"@id":"https:\/\/www.estrategiaconcursos.com.br\/blog\/#organization"},"potentialAction":[{"@type":"SearchAction","target":{"@type":"EntryPoint","urlTemplate":"https:\/\/www.estrategiaconcursos.com.br\/blog\/?s={search_term_string}"},"query-input":{"@type":"PropertyValueSpecification","valueRequired":true,"valueName":"search_term_string"}}],"inLanguage":"pt-BR"},{"@type":"Organization","@id":"https:\/\/www.estrategiaconcursos.com.br\/blog\/#organization","name":"Estrat\u00e9gia Concursos","url":"https:\/\/www.estrategiaconcursos.com.br\/blog\/","logo":{"@type":"ImageObject","inLanguage":"pt-BR","@id":"https:\/\/www.estrategiaconcursos.com.br\/blog\/#\/schema\/logo\/image\/","url":"https:\/\/dhg1h5j42swfq.cloudfront.net\/2025\/06\/03203428\/logo_concursos-1.jpg","contentUrl":"https:\/\/dhg1h5j42swfq.cloudfront.net\/2025\/06\/03203428\/logo_concursos-1.jpg","width":230,"height":60,"caption":"Estrat\u00e9gia Concursos"},"image":{"@id":"https:\/\/www.estrategiaconcursos.com.br\/blog\/#\/schema\/logo\/image\/"},"sameAs":["https:\/\/x.com\/EstratConcursos"]},{"@type":"Person","@id":"https:\/\/www.estrategiaconcursos.com.br\/blog\/#\/schema\/person\/b4a388c97673c5f483d72185668afa1f","name":"Coordena\u00e7\u00e3o","image":{"@type":"ImageObject","inLanguage":"pt-BR","@id":"https:\/\/secure.gravatar.com\/avatar\/b720319e4c9a967eb58678d110f4fe35452fc5d5f97b202bac7b8acceb18c6ad?s=96&d=mm&r=g","url":"https:\/\/secure.gravatar.com\/avatar\/b720319e4c9a967eb58678d110f4fe35452fc5d5f97b202bac7b8acceb18c6ad?s=96&d=mm&r=g","contentUrl":"https:\/\/secure.gravatar.com\/avatar\/b720319e4c9a967eb58678d110f4fe35452fc5d5f97b202bac7b8acceb18c6ad?s=96&d=mm&r=g","caption":"Coordena\u00e7\u00e3o"},"sameAs":["https:\/\/www.facebook.com\/EstrategiaConcursos","https:\/\/x.com\/EstratConcursos"],"url":"https:\/\/www.estrategiaconcursos.com.br\/blog\/author\/estrategia2013\/"}]}},"_links":{"self":[{"href":"https:\/\/www.estrategiaconcursos.com.br\/blog\/wp-json\/wp\/v2\/posts\/100723","targetHints":{"allow":["GET"]}}],"collection":[{"href":"https:\/\/www.estrategiaconcursos.com.br\/blog\/wp-json\/wp\/v2\/posts"}],"about":[{"href":"https:\/\/www.estrategiaconcursos.com.br\/blog\/wp-json\/wp\/v2\/types\/post"}],"author":[{"embeddable":true,"href":"https:\/\/www.estrategiaconcursos.com.br\/blog\/wp-json\/wp\/v2\/users\/1"}],"replies":[{"embeddable":true,"href":"https:\/\/www.estrategiaconcursos.com.br\/blog\/wp-json\/wp\/v2\/comments?post=100723"}],"version-history":[{"count":44,"href":"https:\/\/www.estrategiaconcursos.com.br\/blog\/wp-json\/wp\/v2\/posts\/100723\/revisions"}],"predecessor-version":[{"id":777825,"href":"https:\/\/www.estrategiaconcursos.com.br\/blog\/wp-json\/wp\/v2\/posts\/100723\/revisions\/777825"}],"wp:featuredmedia":[{"embeddable":true,"href":"https:\/\/www.estrategiaconcursos.com.br\/blog\/wp-json\/wp\/v2\/media\/777128"}],"wp:attachment":[{"href":"https:\/\/www.estrategiaconcursos.com.br\/blog\/wp-json\/wp\/v2\/media?parent=100723"}],"wp:term":[{"taxonomy":"category","embeddable":true,"href":"https:\/\/www.estrategiaconcursos.com.br\/blog\/wp-json\/wp\/v2\/categories?post=100723"},{"taxonomy":"post_tag","embeddable":true,"href":"https:\/\/www.estrategiaconcursos.com.br\/blog\/wp-json\/wp\/v2\/tags?post=100723"},{"taxonomy":"tax_estado","embeddable":true,"href":"https:\/\/www.estrategiaconcursos.com.br\/blog\/wp-json\/wp\/v2\/tax_estado?post=100723"}],"curies":[{"name":"wp","href":"https:\/\/api.w.org\/{rel}","templated":true}]}}