{"id":1006873,"date":"2023-03-20T15:25:00","date_gmt":"2023-03-20T18:25:00","guid":{"rendered":"https:\/\/www.estrategiaconcursos.com.br\/blog\/?p=1006873"},"modified":"2023-03-20T15:27:25","modified_gmt":"2023-03-20T18:27:25","slug":"concurso-core-go","status":"publish","type":"post","link":"https:\/\/www.estrategiaconcursos.com.br\/blog\/concurso-core-go\/","title":{"rendered":"Concurso CORE GO: edital publicado para n\u00edveis m\u00e9dio e t\u00e9cnico"},"content":{"rendered":"\n<p>O\u00a0<a href=\"https:\/\/www.estrategiaconcursos.com.br\/cursos\/\" target=\"_blank\" rel=\"noreferrer noopener\">Conselho Regional dos Representantes Comerciais no Estado do Goi\u00e1s<\/a>\u00a0(<strong>CORE GO<\/strong>) publicou novo edital com oportunidades para cargos de n\u00edveis m\u00e9dio e t\u00e9cnico. <\/p>\n\n\n\n<p>As oportunidades s\u00e3o para Assistente Administrativo e Fiscal, totalizando quatro vagas imediatas mais 200 para forma\u00e7\u00e3o de cadastro de reserva. <\/p>\n\n\n\n<p>Os interessados podem se inscrever no per\u00edodo de 20 de mar\u00e7o de 2023 at\u00e9 \u00e0s 16h do dia 24 de abril de 2023, no site do Instituto Consulplan.<\/p>\n\n\n\n<p>A taxa de participa\u00e7\u00e3o ficou fixada em R$ 74,12. A remunera\u00e7\u00e3o inicial dos aprovados ser\u00e1 de R$ 2.964,47 mais benef\u00edcios. <\/p>\n\n\n\n<ul class=\"wp-block-list\">\n<li><strong>Status: <\/strong>inscri\u00e7\u00f5es abertas <\/li>\n\n\n\n<li><strong>Banca:<\/strong> Instituto Consulplan<\/li>\n\n\n\n<li><strong>Cargos:<\/strong> Assistente Administrativo e Fiscal<\/li>\n\n\n\n<li><strong>Vagas:<\/strong> 04 + 200 CR<\/li>\n\n\n\n<li><strong>Edital<\/strong>: <a href=\"https:\/\/dhg1h5j42swfq.cloudfront.net\/2023\/03\/20145520\/1_439665.pdf\" target=\"_blank\" rel=\"noreferrer noopener nofollow\">CORE GO<\/a><\/li>\n<\/ul>\n\n\n\n\n\n<ul class=\"wp-block-list\">\n<li><a href=\"#principais-datas\">Principais datas <\/a><\/li>\n\n\n\n<li><a href=\"#cargos-vagas-e-remuneracoes\">Cargos, vagas e remunera\u00e7\u00f5es<\/a><\/li>\n\n\n\n<li><a href=\"#requisitos\">Requisitos <\/a><\/li>\n\n\n\n<li><a href=\"#etapas-e-provas\">Etapas e provas<\/a><\/li>\n\n\n\n<li><a href=\"#ultimo-concurso\">\u00daltimo concurso<\/a><\/li>\n\n\n\n<li><a href=\"#artigos\">Artigos<\/a><\/li>\n\n\n\n<li><a href=\"#ficha-tecnica\">Ficha t\u00e9cnica <\/a><\/li>\n\n\n\n<li><a href=\"#cursos\">Cursos <\/a><\/li>\n<\/ul>\n\n\n\n<h2 class=\"wp-block-heading\">Concurso CORE GO: principais datas <\/h2>\n\n\n\n<ul class=\"wp-block-list\">\n<li>Inscri\u00e7\u00f5es: 20\/03 a 24\/04<\/li>\n\n\n\n<li>Isen\u00e7\u00e3o: 20 a 22\/03<\/li>\n\n\n\n<li>Prova: 28\/05<\/li>\n<\/ul>\n\n\n\n<h2 class=\"wp-block-heading\" id=\"cargos-vagas\">Concurso CORE GO: cargos, vagas e remunera\u00e7\u00f5es <\/h2>\n\n\n\n<figure class=\"wp-block-table is-style-stripes\"><table class=\"has-background has-fixed-layout\" style=\"background-color:#e7f5fe\"><thead><tr><th class=\"has-text-align-center\" data-align=\"center\">CARGOS<\/th><th class=\"has-text-align-center\" data-align=\"center\">VAGAS<\/th><th class=\"has-text-align-center\" data-align=\"center\">SAL\u00c1RIO<\/th><\/tr><\/thead><tbody><tr><td class=\"has-text-align-center\" data-align=\"center\">ASSISTENTE<br \/>ADMINISTRATIVO<\/td><td class=\"has-text-align-center\" data-align=\"center\">02 + 100 CR<\/td><td class=\"has-text-align-center\" data-align=\"center\">R$ 2.964,47<\/td><\/tr><tr><td class=\"has-text-align-center\" data-align=\"center\">FISCAL<\/td><td class=\"has-text-align-center\" data-align=\"center\">02 + 100 CR<\/td><td class=\"has-text-align-center\" data-align=\"center\">R$ 2.964,47<\/td><\/tr><\/tbody><\/table><\/figure>\n\n\n\n<p>Al\u00e9m da remunera\u00e7\u00e3o inicial, o aprovado ter\u00e1 direito a aux\u00edlio-alimenta\u00e7\u00e3o de R$ 52,00 por dia trabalhado mais vale transporte, aux\u00edlio-sa\u00fade e plano de carreira. <\/p>\n\n\n\n<h2 class=\"wp-block-heading\">Concurso CORE GO: requisitos <\/h2>\n\n\n\n<p>Para concorrer \u00e9 necess\u00e1rio:<\/p>\n\n\n\n<ul class=\"wp-block-list\">\n<li>ASSISTENTE ADMINISTRATIVO: Certificado, devidamente registrado, de conclus\u00e3o de curso de ensino m\u00e9dio (antigo 2\u00ba grau) ou de curso t\u00e9cnico equivalente, realizado em institui\u00e7\u00e3o de ensino reconhecida pelo Minist\u00e9rio da Educa\u00e7\u00e3o (MEC).<\/li>\n\n\n\n<li>FISCAL: Certificado, devidamente registrado, de conclus\u00e3o de curso de ensino m\u00e9dio (antigo 2\u00ba grau) ou de curso t\u00e9cnico equivalente, realizado em institui\u00e7\u00e3o de ensino reconhecida pelo Minist\u00e9rio da Educa\u00e7\u00e3o (MEC).<\/li>\n<\/ul>\n\n\n\n<h2 class=\"wp-block-heading\" id=\"etapas\">Concurso CORE GO: etapas e provas<\/h2>\n\n\n\n<p>A sele\u00e7\u00e3o dos candidatos inscritos no edital CORE GO se dar\u00e1 mediante aplica\u00e7\u00e3o da seguinte etapa:<\/p>\n\n\n\n<ul class=\"wp-block-list\">\n<li>Prova objetiva \u2013 eliminat\u00f3rio e classificat\u00f3rio. <\/li>\n<\/ul>\n\n\n\n<h3 class=\"wp-block-heading\" id=\"objetiva\">Provas Objetivas<\/h3>\n\n\n\n<p>A prova objetiva de m\u00faltipla escolha, de car\u00e1ter eliminat\u00f3rio e classificat\u00f3rio, ter\u00e1 quest\u00f5es de:<\/p>\n\n\n\n<ul class=\"wp-block-list\">\n<li>L\u00edngua Portuguesa &#8211; 10 quest\u00f5es; <\/li>\n\n\n\n<li>Racioc\u00ednio-L\u00f3gico &#8211; 05 quest\u00f5es;<\/li>\n\n\n\n<li>No\u00e7\u00f5es de Direito Constitucional e Administrativo &#8211; 10 quest\u00f5es; e<\/li>\n\n\n\n<li>Conhecimentos do cargo &#8211; 15 quest\u00f5es.<\/li>\n<\/ul>\n\n\n\n<p>Ser\u00e1 considerado aprovado o candidato que:<\/p>\n\n\n\n<ul class=\"wp-block-list\">\n<li>obtiver no m\u00ednimo 50% de aproveitamento do total de pontos das Provas Objetivas de M\u00faltipla Escolha; e<\/li>\n\n\n\n<li>n\u00e3o obtiver nota 0 em quaisquer das disciplinas integrantes das Provas Objetivas de M\u00faltipla Escolha.<\/li>\n<\/ul>\n\n\n\n<p>As Provas Escritas Objetivas de M\u00faltipla Escolha ser\u00e3o realizadas no munic\u00edpio de Goi\u00e2nia\/GO, na data prov\u00e1vel de 28 de maio de 2023 (domingo).<\/p>\n\n\n\n<ul class=\"wp-block-list\">\n<li>Fiscal &#8211; manh\u00e3: 8h00min \u00e0s 11h00min<\/li>\n\n\n\n<li>Assistente Administrativo &#8211; tarde: 13h00min \u00e0s 16h00min<\/li>\n<\/ul>\n\n\n\n<h2 class=\"wp-block-heading\" id=\"concurso-core-go-ultimo-edital\">Concurso CORE GO: \u00faltimo edital <\/h2>\n\n\n\n<p>O Conselho Regional dos Representantes Comerciais no Estado de Goi\u00e1s lan\u00e7ou em 2011 o edital do concurso CORE GO para o preenchimento de vagas efetivas e forma\u00e7\u00e3o de cadastro de reserva. <\/p>\n\n\n\n<p>Foram oferecidas 07 vagas mais cadastro de reserva de n\u00edvel fundamental e m\u00e9dio para cargos de Motorista, Telefonista e Assistente Administrativo, com sal\u00e1rios variados entre R$ 800,00 e R$ 1.100,00 mais benef\u00edcios.<\/p>\n\n\n\n<p>Na \u00e9poca, as inscri\u00e7\u00f5es foram realizadas no per\u00edodo de 10 de outubro a 25 de novembro de 2011, atrav\u00e9s do <a href=\"http:\/\/www.quadrix.org.br\" target=\"_blank\" rel=\"noreferrer noopener\">Quadrix<\/a>. A taxa de inscri\u00e7\u00e3o variou de R$ 35,00 e R$ 45,00.<\/p>\n\n\n\n<p>As provas foram realizadas no dia 11 de dezembro de 2011.<\/p>\n\n\n\n<h2 class=\"has-text-align-center wp-block-heading\" id=\"h-quer-saber-tudo-sobre-concursos-previstos-confira-nossos-artigos\">Quer saber tudo sobre concursos previstos?<br \/>Confira  nossos artigos!<\/h2>\n\n\n\n<ul class=\"wp-block-list\">\n<li><a href=\"https:\/\/www.estrategiaconcursos.com.br\/blog\/concursos-abertos\/\" target=\"_blank\" rel=\"noreferrer noopener\">Concursos abertos<\/a><\/li>\n\n\n\n<li><a href=\"https:\/\/www.estrategiaconcursos.com.br\/blog\/concursos-2023\/\" target=\"_blank\" rel=\"noreferrer noopener\">Concursos 2023<\/a><\/li>\n<\/ul>\n\n\n\n<figure class=\"wp-block-image size-large is-resized\"><img loading=\"lazy\" decoding=\"async\" src=\"https:\/\/dhg1h5j42swfq.cloudfront.net\/2025\/06\/27101122\/ficha-tecnica-1-1024x632.png\" alt=\"Informa\u00e7\u00f5es do edital CORE GO\" class=\"wp-image-702728\" width=\"269\" height=\"166\" srcset=\"https:\/\/dhg1h5j42swfq.cloudfront.net\/2025\/06\/27101122\/ficha-tecnica-1-1024x632.png 1024w, https:\/\/dhg1h5j42swfq.cloudfront.net\/2025\/06\/27101122\/ficha-tecnica-1-300x185.png 300w, https:\/\/dhg1h5j42swfq.cloudfront.net\/2025\/06\/27101122\/ficha-tecnica-1-768x474.png 768w, https:\/\/dhg1h5j42swfq.cloudfront.net\/2025\/06\/27101122\/ficha-tecnica-1-1536x948.png 1536w, https:\/\/dhg1h5j42swfq.cloudfront.net\/2025\/06\/27101122\/ficha-tecnica-1-610x377.png 610w, https:\/\/dhg1h5j42swfq.cloudfront.net\/2025\/06\/27101122\/ficha-tecnica-1.png 1571w\" sizes=\"auto, (max-width: 269px) 100vw, 269px\" \/><\/figure>\n\n\n\n<h3 class=\"wp-block-heading\" id=\"block-ba1614b5-988b-41ef-892d-f4c9f7e9dd42\">Informa\u00e7\u00f5es do edital CORE GO<\/h3>\n\n\n\n<ul class=\"wp-block-list\">\n<li><strong>Inscri\u00e7\u00f5es<\/strong>: 20\/03 a 24\/04<\/li>\n\n\n\n<li><strong>Provas<\/strong>: 28\/05<\/li>\n\n\n\n<li><strong>Vagas<\/strong>: 04 + 200 CR<\/li>\n\n\n\n<li><strong>Cargos<\/strong>: Assistente Administrativo e Fiscal<\/li>\n\n\n\n<li><strong>Banca<\/strong>: Instituto Consulplan<\/li>\n\n\n\n<li><strong>Escolaridade<\/strong>: m\u00e9dio e t\u00e9cnico <\/li>\n\n\n\n<li><strong>Edital<\/strong>:\u00a0<a href=\"https:\/\/dhg1h5j42swfq.cloudfront.net\/2023\/03\/20145520\/1_439665.pdf\" target=\"_blank\" rel=\"noreferrer noopener nofollow\">CORE GO<\/a><\/li>\n<\/ul>\n\n\n\n<div class=\"container\" id=\"boxes\">\n  <div class=\"row\">\n\n    <div class=\"col-sm\">\n      <div class=\"estrategia\" id=\"box-assinatura\">\n        <h3 class=\"titulo-assinatura\">Assinatura de Concursos<\/h3>\n        <p class=\"subtitulo-assinatura\">Assinatura de 1 ano ou 2 anos<\/p>\n        <div class=\"box-botao\">\n          <a class=\"btn-assinatura\" target=\"_blank\" href=\"https:\/\/www.estrategiaconcursos.com.br\/assinaturas\/\" role=\"button\" rel=\"noopener noreferrer\">ASSINE AGORA<\/a>\n        <\/div>\n      <\/div>\n     \n    <\/div><\/div><\/div>\n","protected":false},"excerpt":{"rendered":"<p>O\u00a0Conselho Regional dos Representantes Comerciais no Estado do Goi\u00e1s\u00a0(CORE GO) publicou novo edital com oportunidades para cargos de n\u00edveis m\u00e9dio e t\u00e9cnico. As oportunidades s\u00e3o para Assistente Administrativo e Fiscal, totalizando quatro vagas imediatas mais 200 para forma\u00e7\u00e3o de cadastro de reserva. Os interessados podem se inscrever no per\u00edodo de 20 de mar\u00e7o de 2023 [&hellip;]<\/p>\n","protected":false},"author":1,"featured_media":1006885,"comment_status":"open","ping_status":"closed","sticky":false,"template":"","format":"standard","meta":{"post_tipo":"news_page","footnotes":""},"categories":[214992,220219],"tags":[],"tax_estado":[219972],"class_list":["post-1006873","post","type-post","status-publish","format-standard","has-post-thumbnail","hentry","category-concursos-administrativos","category-noticias","tax_estado-go"],"acf":[],"yoast_head":"<!-- This site is optimized with the Yoast SEO Premium plugin v27.2 (Yoast SEO v27.2) - https:\/\/yoast.com\/product\/yoast-seo-premium-wordpress\/ -->\n<title>Concurso CORE GO: edital publicado para n\u00edveis m\u00e9dio e t\u00e9cnico<\/title>\n<meta name=\"description\" content=\"Concurso CORE GO: Conselho Regional dos Representantes Comerciais no Estado do Goi\u00e1s oferta vagas de n\u00edveis m\u00e9dio e t\u00e9cnico.\" \/>\n<meta name=\"robots\" content=\"index, follow, max-snippet:-1, max-image-preview:large, max-video-preview:-1\" \/>\n<link rel=\"canonical\" href=\"https:\/\/www.estrategiaconcursos.com.br\/blog\/concurso-core-go\/\" \/>\n<meta property=\"og:locale\" content=\"pt_BR\" \/>\n<meta property=\"og:type\" content=\"article\" \/>\n<meta property=\"og:title\" content=\"Concurso CORE GO: edital publicado para n\u00edveis m\u00e9dio e t\u00e9cnico\" \/>\n<meta property=\"og:description\" content=\"Concurso CORE GO: Conselho Regional dos Representantes Comerciais no Estado do Goi\u00e1s oferta vagas de n\u00edveis m\u00e9dio e t\u00e9cnico.\" \/>\n<meta property=\"og:url\" content=\"https:\/\/www.estrategiaconcursos.com.br\/blog\/concurso-core-go\/\" \/>\n<meta property=\"og:site_name\" content=\"Estrat\u00e9gia Concursos\" \/>\n<meta property=\"article:author\" content=\"https:\/\/www.facebook.com\/EstrategiaConcursos\" \/>\n<meta property=\"article:published_time\" content=\"2023-03-20T18:25:00+00:00\" \/>\n<meta property=\"article:modified_time\" content=\"2023-03-20T18:27:25+00:00\" \/>\n<meta property=\"og:image\" content=\"https:\/\/dhg1h5j42swfq.cloudfront.net\/2022\/04\/12083932\/concurso-core-go.png\" \/>\n\t<meta property=\"og:image:width\" content=\"236\" \/>\n\t<meta property=\"og:image:height\" content=\"145\" \/>\n\t<meta property=\"og:image:type\" content=\"image\/png\" \/>\n<meta name=\"author\" content=\"Coordena\u00e7\u00e3o\" \/>\n<meta name=\"twitter:card\" content=\"summary_large_image\" \/>\n<meta name=\"twitter:creator\" content=\"@EstratConcursos\" \/>\n<meta name=\"twitter:site\" content=\"@EstratConcursos\" \/>\n<meta name=\"twitter:label1\" content=\"Escrito por\" \/>\n\t<meta name=\"twitter:data1\" content=\"Coordena\u00e7\u00e3o\" \/>\n\t<meta name=\"twitter:label2\" content=\"Est. tempo de leitura\" \/>\n\t<meta name=\"twitter:data2\" content=\"2 minutos\" \/>\n<script type=\"application\/ld+json\" class=\"yoast-schema-graph\">{\"@context\":\"https:\/\/schema.org\",\"@graph\":[{\"@type\":\"NewsArticle\",\"@id\":\"https:\/\/www.estrategiaconcursos.com.br\/blog\/concurso-core-go\/#article\",\"isPartOf\":{\"@id\":\"https:\/\/www.estrategiaconcursos.com.br\/blog\/concurso-core-go\/\"},\"author\":{\"name\":\"Coordena\u00e7\u00e3o\",\"@id\":\"https:\/\/www.estrategiaconcursos.com.br\/blog\/#\/schema\/person\/b4a388c97673c5f483d72185668afa1f\"},\"headline\":\"Concurso CORE GO: edital publicado para n\u00edveis m\u00e9dio e t\u00e9cnico\",\"datePublished\":\"2023-03-20T18:25:00+00:00\",\"dateModified\":\"2023-03-20T18:27:25+00:00\",\"mainEntityOfPage\":{\"@id\":\"https:\/\/www.estrategiaconcursos.com.br\/blog\/concurso-core-go\/\"},\"wordCount\":609,\"commentCount\":0,\"publisher\":{\"@id\":\"https:\/\/www.estrategiaconcursos.com.br\/blog\/#organization\"},\"image\":{\"@id\":\"https:\/\/www.estrategiaconcursos.com.br\/blog\/concurso-core-go\/#primaryimage\"},\"thumbnailUrl\":\"https:\/\/dhg1h5j42swfq.cloudfront.net\/2022\/04\/12083932\/concurso-core-go.png\",\"articleSection\":[\"Executivo (Administrativa)\",\"\u00daltimas not\u00edcias\"],\"inLanguage\":\"pt-BR\",\"potentialAction\":[{\"@type\":\"CommentAction\",\"name\":\"Comment\",\"target\":[\"https:\/\/www.estrategiaconcursos.com.br\/blog\/concurso-core-go\/#respond\"]}],\"copyrightYear\":\"2023\",\"copyrightHolder\":{\"@id\":\"https:\/\/www.estrategiaconcursos.com.br\/blog\/#organization\"}},{\"@type\":\"WebPage\",\"@id\":\"https:\/\/www.estrategiaconcursos.com.br\/blog\/concurso-core-go\/\",\"url\":\"https:\/\/www.estrategiaconcursos.com.br\/blog\/concurso-core-go\/\",\"name\":\"Concurso CORE GO: edital publicado para n\u00edveis m\u00e9dio e t\u00e9cnico\",\"isPartOf\":{\"@id\":\"https:\/\/www.estrategiaconcursos.com.br\/blog\/#website\"},\"primaryImageOfPage\":{\"@id\":\"https:\/\/www.estrategiaconcursos.com.br\/blog\/concurso-core-go\/#primaryimage\"},\"image\":{\"@id\":\"https:\/\/www.estrategiaconcursos.com.br\/blog\/concurso-core-go\/#primaryimage\"},\"thumbnailUrl\":\"https:\/\/dhg1h5j42swfq.cloudfront.net\/2022\/04\/12083932\/concurso-core-go.png\",\"datePublished\":\"2023-03-20T18:25:00+00:00\",\"dateModified\":\"2023-03-20T18:27:25+00:00\",\"description\":\"Concurso CORE GO: Conselho Regional dos Representantes Comerciais no Estado do Goi\u00e1s oferta vagas de n\u00edveis m\u00e9dio e t\u00e9cnico.\",\"breadcrumb\":{\"@id\":\"https:\/\/www.estrategiaconcursos.com.br\/blog\/concurso-core-go\/#breadcrumb\"},\"inLanguage\":\"pt-BR\",\"potentialAction\":[{\"@type\":\"ReadAction\",\"target\":[\"https:\/\/www.estrategiaconcursos.com.br\/blog\/concurso-core-go\/\"]}]},{\"@type\":\"ImageObject\",\"inLanguage\":\"pt-BR\",\"@id\":\"https:\/\/www.estrategiaconcursos.com.br\/blog\/concurso-core-go\/#primaryimage\",\"url\":\"https:\/\/dhg1h5j42swfq.cloudfront.net\/2022\/04\/12083932\/concurso-core-go.png\",\"contentUrl\":\"https:\/\/dhg1h5j42swfq.cloudfront.net\/2022\/04\/12083932\/concurso-core-go.png\",\"width\":236,\"height\":145},{\"@type\":\"BreadcrumbList\",\"@id\":\"https:\/\/www.estrategiaconcursos.com.br\/blog\/concurso-core-go\/#breadcrumb\",\"itemListElement\":[{\"@type\":\"ListItem\",\"position\":1,\"name\":\"In\u00edcio\",\"item\":\"https:\/\/www.estrategiaconcursos.com.br\/blog\/\"},{\"@type\":\"ListItem\",\"position\":2,\"name\":\"Concurso CORE GO: edital publicado para n\u00edveis m\u00e9dio e t\u00e9cnico\"}]},{\"@type\":\"WebSite\",\"@id\":\"https:\/\/www.estrategiaconcursos.com.br\/blog\/#website\",\"url\":\"https:\/\/www.estrategiaconcursos.com.br\/blog\/\",\"name\":\"Estrat\u00e9gia Concursos\",\"description\":\"O blog da Estrat\u00e9gia Concursos traz not\u00edcias sobre concursos e artigos de professores oferecendo cursos para concursos (pdf + videaulas) no site.\",\"publisher\":{\"@id\":\"https:\/\/www.estrategiaconcursos.com.br\/blog\/#organization\"},\"potentialAction\":[{\"@type\":\"SearchAction\",\"target\":{\"@type\":\"EntryPoint\",\"urlTemplate\":\"https:\/\/www.estrategiaconcursos.com.br\/blog\/?s={search_term_string}\"},\"query-input\":{\"@type\":\"PropertyValueSpecification\",\"valueRequired\":true,\"valueName\":\"search_term_string\"}}],\"inLanguage\":\"pt-BR\"},{\"@type\":\"Organization\",\"@id\":\"https:\/\/www.estrategiaconcursos.com.br\/blog\/#organization\",\"name\":\"Estrat\u00e9gia Concursos\",\"url\":\"https:\/\/www.estrategiaconcursos.com.br\/blog\/\",\"logo\":{\"@type\":\"ImageObject\",\"inLanguage\":\"pt-BR\",\"@id\":\"https:\/\/www.estrategiaconcursos.com.br\/blog\/#\/schema\/logo\/image\/\",\"url\":\"https:\/\/dhg1h5j42swfq.cloudfront.net\/2025\/06\/03203428\/logo_concursos-1.jpg\",\"contentUrl\":\"https:\/\/dhg1h5j42swfq.cloudfront.net\/2025\/06\/03203428\/logo_concursos-1.jpg\",\"width\":230,\"height\":60,\"caption\":\"Estrat\u00e9gia Concursos\"},\"image\":{\"@id\":\"https:\/\/www.estrategiaconcursos.com.br\/blog\/#\/schema\/logo\/image\/\"},\"sameAs\":[\"https:\/\/x.com\/EstratConcursos\"]},{\"@type\":\"Person\",\"@id\":\"https:\/\/www.estrategiaconcursos.com.br\/blog\/#\/schema\/person\/b4a388c97673c5f483d72185668afa1f\",\"name\":\"Coordena\u00e7\u00e3o\",\"image\":{\"@type\":\"ImageObject\",\"inLanguage\":\"pt-BR\",\"@id\":\"https:\/\/secure.gravatar.com\/avatar\/b720319e4c9a967eb58678d110f4fe35452fc5d5f97b202bac7b8acceb18c6ad?s=96&d=mm&r=g\",\"url\":\"https:\/\/secure.gravatar.com\/avatar\/b720319e4c9a967eb58678d110f4fe35452fc5d5f97b202bac7b8acceb18c6ad?s=96&d=mm&r=g\",\"contentUrl\":\"https:\/\/secure.gravatar.com\/avatar\/b720319e4c9a967eb58678d110f4fe35452fc5d5f97b202bac7b8acceb18c6ad?s=96&d=mm&r=g\",\"caption\":\"Coordena\u00e7\u00e3o\"},\"sameAs\":[\"https:\/\/www.facebook.com\/EstrategiaConcursos\",\"https:\/\/x.com\/EstratConcursos\"],\"url\":\"https:\/\/www.estrategiaconcursos.com.br\/blog\/author\/estrategia2013\/\"}]}<\/script>\n<!-- \/ Yoast SEO Premium plugin. -->","yoast_head_json":{"title":"Concurso CORE GO: edital publicado para n\u00edveis m\u00e9dio e t\u00e9cnico","description":"Concurso CORE GO: Conselho Regional dos Representantes Comerciais no Estado do Goi\u00e1s oferta vagas de n\u00edveis m\u00e9dio e t\u00e9cnico.","robots":{"index":"index","follow":"follow","max-snippet":"max-snippet:-1","max-image-preview":"max-image-preview:large","max-video-preview":"max-video-preview:-1"},"canonical":"https:\/\/www.estrategiaconcursos.com.br\/blog\/concurso-core-go\/","og_locale":"pt_BR","og_type":"article","og_title":"Concurso CORE GO: edital publicado para n\u00edveis m\u00e9dio e t\u00e9cnico","og_description":"Concurso CORE GO: Conselho Regional dos Representantes Comerciais no Estado do Goi\u00e1s oferta vagas de n\u00edveis m\u00e9dio e t\u00e9cnico.","og_url":"https:\/\/www.estrategiaconcursos.com.br\/blog\/concurso-core-go\/","og_site_name":"Estrat\u00e9gia Concursos","article_author":"https:\/\/www.facebook.com\/EstrategiaConcursos","article_published_time":"2023-03-20T18:25:00+00:00","article_modified_time":"2023-03-20T18:27:25+00:00","og_image":[{"width":236,"height":145,"url":"https:\/\/dhg1h5j42swfq.cloudfront.net\/2022\/04\/12083932\/concurso-core-go.png","type":"image\/png"}],"author":"Coordena\u00e7\u00e3o","twitter_card":"summary_large_image","twitter_creator":"@EstratConcursos","twitter_site":"@EstratConcursos","twitter_misc":{"Escrito por":"Coordena\u00e7\u00e3o","Est. tempo de leitura":"2 minutos"},"schema":{"@context":"https:\/\/schema.org","@graph":[{"@type":"NewsArticle","@id":"https:\/\/www.estrategiaconcursos.com.br\/blog\/concurso-core-go\/#article","isPartOf":{"@id":"https:\/\/www.estrategiaconcursos.com.br\/blog\/concurso-core-go\/"},"author":{"name":"Coordena\u00e7\u00e3o","@id":"https:\/\/www.estrategiaconcursos.com.br\/blog\/#\/schema\/person\/b4a388c97673c5f483d72185668afa1f"},"headline":"Concurso CORE GO: edital publicado para n\u00edveis m\u00e9dio e t\u00e9cnico","datePublished":"2023-03-20T18:25:00+00:00","dateModified":"2023-03-20T18:27:25+00:00","mainEntityOfPage":{"@id":"https:\/\/www.estrategiaconcursos.com.br\/blog\/concurso-core-go\/"},"wordCount":609,"commentCount":0,"publisher":{"@id":"https:\/\/www.estrategiaconcursos.com.br\/blog\/#organization"},"image":{"@id":"https:\/\/www.estrategiaconcursos.com.br\/blog\/concurso-core-go\/#primaryimage"},"thumbnailUrl":"https:\/\/dhg1h5j42swfq.cloudfront.net\/2022\/04\/12083932\/concurso-core-go.png","articleSection":["Executivo (Administrativa)","\u00daltimas not\u00edcias"],"inLanguage":"pt-BR","potentialAction":[{"@type":"CommentAction","name":"Comment","target":["https:\/\/www.estrategiaconcursos.com.br\/blog\/concurso-core-go\/#respond"]}],"copyrightYear":"2023","copyrightHolder":{"@id":"https:\/\/www.estrategiaconcursos.com.br\/blog\/#organization"}},{"@type":"WebPage","@id":"https:\/\/www.estrategiaconcursos.com.br\/blog\/concurso-core-go\/","url":"https:\/\/www.estrategiaconcursos.com.br\/blog\/concurso-core-go\/","name":"Concurso CORE GO: edital publicado para n\u00edveis m\u00e9dio e t\u00e9cnico","isPartOf":{"@id":"https:\/\/www.estrategiaconcursos.com.br\/blog\/#website"},"primaryImageOfPage":{"@id":"https:\/\/www.estrategiaconcursos.com.br\/blog\/concurso-core-go\/#primaryimage"},"image":{"@id":"https:\/\/www.estrategiaconcursos.com.br\/blog\/concurso-core-go\/#primaryimage"},"thumbnailUrl":"https:\/\/dhg1h5j42swfq.cloudfront.net\/2022\/04\/12083932\/concurso-core-go.png","datePublished":"2023-03-20T18:25:00+00:00","dateModified":"2023-03-20T18:27:25+00:00","description":"Concurso CORE GO: Conselho Regional dos Representantes Comerciais no Estado do Goi\u00e1s oferta vagas de n\u00edveis m\u00e9dio e t\u00e9cnico.","breadcrumb":{"@id":"https:\/\/www.estrategiaconcursos.com.br\/blog\/concurso-core-go\/#breadcrumb"},"inLanguage":"pt-BR","potentialAction":[{"@type":"ReadAction","target":["https:\/\/www.estrategiaconcursos.com.br\/blog\/concurso-core-go\/"]}]},{"@type":"ImageObject","inLanguage":"pt-BR","@id":"https:\/\/www.estrategiaconcursos.com.br\/blog\/concurso-core-go\/#primaryimage","url":"https:\/\/dhg1h5j42swfq.cloudfront.net\/2022\/04\/12083932\/concurso-core-go.png","contentUrl":"https:\/\/dhg1h5j42swfq.cloudfront.net\/2022\/04\/12083932\/concurso-core-go.png","width":236,"height":145},{"@type":"BreadcrumbList","@id":"https:\/\/www.estrategiaconcursos.com.br\/blog\/concurso-core-go\/#breadcrumb","itemListElement":[{"@type":"ListItem","position":1,"name":"In\u00edcio","item":"https:\/\/www.estrategiaconcursos.com.br\/blog\/"},{"@type":"ListItem","position":2,"name":"Concurso CORE GO: edital publicado para n\u00edveis m\u00e9dio e t\u00e9cnico"}]},{"@type":"WebSite","@id":"https:\/\/www.estrategiaconcursos.com.br\/blog\/#website","url":"https:\/\/www.estrategiaconcursos.com.br\/blog\/","name":"Estrat\u00e9gia Concursos","description":"O blog da Estrat\u00e9gia Concursos traz not\u00edcias sobre concursos e artigos de professores oferecendo cursos para concursos (pdf + videaulas) no site.","publisher":{"@id":"https:\/\/www.estrategiaconcursos.com.br\/blog\/#organization"},"potentialAction":[{"@type":"SearchAction","target":{"@type":"EntryPoint","urlTemplate":"https:\/\/www.estrategiaconcursos.com.br\/blog\/?s={search_term_string}"},"query-input":{"@type":"PropertyValueSpecification","valueRequired":true,"valueName":"search_term_string"}}],"inLanguage":"pt-BR"},{"@type":"Organization","@id":"https:\/\/www.estrategiaconcursos.com.br\/blog\/#organization","name":"Estrat\u00e9gia Concursos","url":"https:\/\/www.estrategiaconcursos.com.br\/blog\/","logo":{"@type":"ImageObject","inLanguage":"pt-BR","@id":"https:\/\/www.estrategiaconcursos.com.br\/blog\/#\/schema\/logo\/image\/","url":"https:\/\/dhg1h5j42swfq.cloudfront.net\/2025\/06\/03203428\/logo_concursos-1.jpg","contentUrl":"https:\/\/dhg1h5j42swfq.cloudfront.net\/2025\/06\/03203428\/logo_concursos-1.jpg","width":230,"height":60,"caption":"Estrat\u00e9gia Concursos"},"image":{"@id":"https:\/\/www.estrategiaconcursos.com.br\/blog\/#\/schema\/logo\/image\/"},"sameAs":["https:\/\/x.com\/EstratConcursos"]},{"@type":"Person","@id":"https:\/\/www.estrategiaconcursos.com.br\/blog\/#\/schema\/person\/b4a388c97673c5f483d72185668afa1f","name":"Coordena\u00e7\u00e3o","image":{"@type":"ImageObject","inLanguage":"pt-BR","@id":"https:\/\/secure.gravatar.com\/avatar\/b720319e4c9a967eb58678d110f4fe35452fc5d5f97b202bac7b8acceb18c6ad?s=96&d=mm&r=g","url":"https:\/\/secure.gravatar.com\/avatar\/b720319e4c9a967eb58678d110f4fe35452fc5d5f97b202bac7b8acceb18c6ad?s=96&d=mm&r=g","contentUrl":"https:\/\/secure.gravatar.com\/avatar\/b720319e4c9a967eb58678d110f4fe35452fc5d5f97b202bac7b8acceb18c6ad?s=96&d=mm&r=g","caption":"Coordena\u00e7\u00e3o"},"sameAs":["https:\/\/www.facebook.com\/EstrategiaConcursos","https:\/\/x.com\/EstratConcursos"],"url":"https:\/\/www.estrategiaconcursos.com.br\/blog\/author\/estrategia2013\/"}]}},"_links":{"self":[{"href":"https:\/\/www.estrategiaconcursos.com.br\/blog\/wp-json\/wp\/v2\/posts\/1006873","targetHints":{"allow":["GET"]}}],"collection":[{"href":"https:\/\/www.estrategiaconcursos.com.br\/blog\/wp-json\/wp\/v2\/posts"}],"about":[{"href":"https:\/\/www.estrategiaconcursos.com.br\/blog\/wp-json\/wp\/v2\/types\/post"}],"author":[{"embeddable":true,"href":"https:\/\/www.estrategiaconcursos.com.br\/blog\/wp-json\/wp\/v2\/users\/1"}],"replies":[{"embeddable":true,"href":"https:\/\/www.estrategiaconcursos.com.br\/blog\/wp-json\/wp\/v2\/comments?post=1006873"}],"version-history":[{"count":7,"href":"https:\/\/www.estrategiaconcursos.com.br\/blog\/wp-json\/wp\/v2\/posts\/1006873\/revisions"}],"predecessor-version":[{"id":1189309,"href":"https:\/\/www.estrategiaconcursos.com.br\/blog\/wp-json\/wp\/v2\/posts\/1006873\/revisions\/1189309"}],"wp:featuredmedia":[{"embeddable":true,"href":"https:\/\/www.estrategiaconcursos.com.br\/blog\/wp-json\/wp\/v2\/media\/1006885"}],"wp:attachment":[{"href":"https:\/\/www.estrategiaconcursos.com.br\/blog\/wp-json\/wp\/v2\/media?parent=1006873"}],"wp:term":[{"taxonomy":"category","embeddable":true,"href":"https:\/\/www.estrategiaconcursos.com.br\/blog\/wp-json\/wp\/v2\/categories?post=1006873"},{"taxonomy":"post_tag","embeddable":true,"href":"https:\/\/www.estrategiaconcursos.com.br\/blog\/wp-json\/wp\/v2\/tags?post=1006873"},{"taxonomy":"tax_estado","embeddable":true,"href":"https:\/\/www.estrategiaconcursos.com.br\/blog\/wp-json\/wp\/v2\/tax_estado?post=1006873"}],"curies":[{"name":"wp","href":"https:\/\/api.w.org\/{rel}","templated":true}]}}