{"id":1006128,"date":"2022-04-29T08:18:00","date_gmt":"2022-04-29T11:18:00","guid":{"rendered":"https:\/\/www.estrategiaconcursos.com.br\/blog\/?p=1006128"},"modified":"2022-04-19T07:57:14","modified_gmt":"2022-04-19T10:57:14","slug":"cte-sefaz-ba","status":"publish","type":"post","link":"https:\/\/www.estrategiaconcursos.com.br\/blog\/cte-sefaz-ba\/","title":{"rendered":"Principais pontos do CTE para a SEFAZ BA"},"content":{"rendered":"\n<p class=\"has-medium-font-size\">Confira neste artigo uma an\u00e1lise sobre os principais pontos do C\u00f3digo Tribut\u00e1rio Estadual (CTE) para o concurso da&nbsp;<strong><a href=\"https:\/\/www.estrategiaconcursos.com.br\/cursosPorConcurso\/icms-ba\/\" target=\"_blank\" rel=\"noreferrer noopener\">SEFAZ BA<\/a><\/strong>.<\/p>\n\n\n\n<div class=\"wp-block-image\"><figure class=\"aligncenter size-full is-resized\"><img loading=\"lazy\" decoding=\"async\" src=\"https:\/\/dhg1h5j42swfq.cloudfront.net\/2021\/08\/13142701\/sefaz-ba.jpg\" alt=\"Principais pontos do CTE para a SEFAZ BA\" class=\"wp-image-835565\" width=\"602\" height=\"360\" srcset=\"https:\/\/dhg1h5j42swfq.cloudfront.net\/2021\/08\/13142701\/sefaz-ba.jpg 717w, https:\/\/dhg1h5j42swfq.cloudfront.net\/2021\/08\/13142701\/sefaz-ba-300x179.jpg 300w, https:\/\/dhg1h5j42swfq.cloudfront.net\/2021\/08\/13142701\/sefaz-ba-610x364.jpg 610w\" sizes=\"auto, (max-width: 602px) 100vw, 602px\" \/><figcaption>Principais pontos do CTE para a SEFAZ BA<\/figcaption><\/figure><\/div>\n\n\n\n<p>Ol\u00e1, pessoal! Tudo bem com voc\u00eas?<\/p>\n\n\n\n<p>A&nbsp;<strong><a href=\"https:\/\/www.estrategiaconcursos.com.br\/blog\/concurso-sefaz-ba\/\" target=\"_blank\" rel=\"noreferrer noopener\">SEFAZ BA<\/a><\/strong>&nbsp;(Secretaria da Fazenda do Estado da Bahia) est\u00e1 com o seu edital publicado. S\u00e3o&nbsp;<strong>49 vagas,&nbsp;<\/strong>para tr\u00eas cargos de&nbsp;<strong>Agente de Tributos Estaduais<\/strong>, com remunera\u00e7\u00e3o inicial de&nbsp;at\u00e9&nbsp;<strong>R$ 13.111,66<\/strong>.<\/p>\n\n\n\n<p>Dessa maneira, com o intuito de auxili\u00e1-los na prepara\u00e7\u00e3o, estamos preparando diversos resumos sobre a&nbsp;<strong>Legisla\u00e7\u00e3o Tribut\u00e1ria Espec\u00edfica<\/strong>&nbsp;para este concurso, sendo que o artigo de hoje \u00e9 sobre o<mark style=\"background-color:rgba(0, 0, 0, 0)\" class=\"has-inline-color has-vivid-cyan-blue-color\"> <strong>C\u00f3digo Tribut\u00e1rio Estadual (CTE)<\/strong><\/mark>, disposto na Lei 3.956\/81, para a SEFAZ BA.<\/p>\n\n\n\n<div class=\"container\" id=\"boxes\">\n  <div class=\"row\">\n\n    <div class=\"col-sm\">\n      <div class=\"banner-fiscal-01\" id=\"box-assinatura\">\n        <h3 class=\"titulo-assinatura\">Concurso SEFAZ BA<\/h3>\n        <p class=\"subtitulo-assinatura\">Cursos para todos os cargos<\/p>\n        <div class=\"box-botao\">\n          <a class=\"btn-assinatura\" target=\"_blank\" href=\"https:\/\/www.estrategiaconcursos.com.br\/cursosPorConcurso\/icms-ba\/\" role=\"button\" rel=\"noopener noreferrer\">Conhe\u00e7a mais<\/a>\n        <\/div>\n      <\/div>\n      \n    <\/div>\n\n  <\/div>\n<\/div>\n\n\n\n<h2 class=\"wp-block-heading\" id=\"h-o-codigo-tributario-estadual-cte-para-a-sefaz-ba\"><mark style=\"background-color:rgba(0, 0, 0, 0)\" class=\"has-inline-color has-vivid-cyan-blue-color\">O C\u00f3digo Tribut\u00e1rio Estadual (CTE) para a SEFAZ BA<\/mark><\/h2>\n\n\n\n<p>O C\u00f3digo Tribut\u00e1rio Estadual (CTE), disposto na Lei Estadual 3.956\/81, traz diversas <strong>disposi\u00e7\u00f5es sobre a mat\u00e9ria tribut\u00e1ria<\/strong> para o estado da Bahia.<\/p>\n\n\n\n<p>Por ser muito antigo, h\u00e1 ainda alguns dispositivos que est\u00e3o em desacordo com a Constitui\u00e7\u00e3o Federal, como o inciso que coloca o ITBI como imposto de compet\u00eancia estadual. Portanto, fique atento.<\/p>\n\n\n\n<p>Em outros artigos, j\u00e1 aprendemos sobre o <a href=\"https:\/\/www.estrategiaconcursos.com.br\/blog\/icms-sefaz-ba-incidencia\/\" target=\"_blank\" rel=\"noreferrer noopener\"><strong>ICMS<\/strong><\/a>, o <strong><a href=\"https:\/\/www.estrategiaconcursos.com.br\/blog\/ipva-sefaz-ba\/\" target=\"_blank\" rel=\"noreferrer noopener\">IPVA<\/a><\/strong> e o <a href=\"https:\/\/www.estrategiaconcursos.com.br\/blog\/itcmd-sefaz-ba\/\" target=\"_blank\" rel=\"noreferrer noopener\"><strong>ITCMD<\/strong><\/a>. Desse modo, o nosso estudo de hoje ser\u00e1 voltado para<strong> outras informa\u00e7\u00f5es do CTE<\/strong>, como a <strong>Contribui\u00e7\u00e3o de Melhoria<\/strong> e a <strong>Administra\u00e7\u00e3o Tribut\u00e1ria.<\/strong><\/p>\n\n\n\n<p>Preparados? Ent\u00e3o vamos l\u00e1! <strong><\/strong><\/p>\n\n\n\n<h2 class=\"wp-block-heading\" id=\"h-contribuicao-de-melhoria-no-cte-para-a-sefaz-ba\"><mark style=\"background-color:rgba(0, 0, 0, 0)\" class=\"has-inline-color has-vivid-cyan-blue-color\">Contribui\u00e7\u00e3o de Melhoria no CTE para a SEFAZ BA<\/mark><\/h2>\n\n\n\n<p>A contribui\u00e7\u00e3o de melhoria \u00e9 um tributo exigido quando h\u00e1<strong> <mark style=\"background-color:rgba(0, 0, 0, 0)\" class=\"has-inline-color has-vivid-cyan-blue-color\">valoriza\u00e7\u00e3o de im\u00f3veis<\/mark> <\/strong>particulares em decorr\u00eancia de alguma<strong> <mark style=\"background-color:rgba(0, 0, 0, 0)\" class=\"has-inline-color has-vivid-cyan-blue-color\">obra p\u00fablica estadual<\/mark><\/strong>.<\/p>\n\n\n\n<p><strong><mark style=\"background-color:rgba(0, 0, 0, 0)\" class=\"has-inline-color has-vivid-red-color\">FIQUE ATENTO: <\/mark><\/strong>O CTE da Bahia disp\u00f5e expressamente que as pessoas de <strong>direito p\u00fablico<\/strong>, como a Uni\u00e3o, Estados e Munic\u00edpios, <strong>n\u00e3o<\/strong> est\u00e3o sujeitas ao pagamento da contribui\u00e7\u00e3o de melhoria.<\/p>\n\n\n\n<p>Mas quais obras s\u00e3o consideradas p\u00fablicas estaduais? S\u00e3o apenas aquelas realizadas diretamente pelo estado da Bahia?<\/p>\n\n\n\n<p>Bom, de acordo com o CTE, considera-se <strong>obra p\u00fablica estadual<\/strong> a realizada tanto pelo <strong>Estado <\/strong>como por entidade da <strong>Administra\u00e7\u00e3o Descentralizada do Estado<\/strong>, com recursos <strong>pr\u00f3prios <\/strong>ou oriundos de transfer\u00eancia da <strong>Uni\u00e3o<\/strong>.<\/p>\n\n\n\n<p>O <strong><mark style=\"background-color:rgba(0, 0, 0, 0)\" class=\"has-inline-color has-vivid-cyan-blue-color\">contribuinte <\/mark><\/strong>ser\u00e1 o <strong>propriet\u00e1rio <\/strong>ao tempo do <strong>lan\u00e7amento <\/strong>do im\u00f3vel beneficiado, sendo que o <strong>valor <\/strong>a ser cobrado ter\u00e1 como <strong>limite total a despesa <mark style=\"background-color:rgba(0, 0, 0, 0)\" class=\"has-inline-color has-vivid-cyan-blue-color\">realizada<\/mark><\/strong>.<\/p>\n\n\n\n<p>Al\u00e9m disso, s\u00e3o <strong><mark style=\"background-color:rgba(0, 0, 0, 0)\" class=\"has-inline-color has-vivid-cyan-blue-color\">respons\u00e1veis solid\u00e1rios<\/mark><\/strong> pelo pagamento da contribui\u00e7\u00e3o de melhoria o <strong>enfiteuta<\/strong>, o <strong>adquirente<\/strong> ou o <strong>sucessor<\/strong>, a qualquer t\u00edtulo.<\/p>\n\n\n\n<p>De maneira similar aos outros tributos, haver\u00e1 <strong>penalidades <\/strong>para aqueles que <strong>descumprirem <\/strong>as obriga\u00e7\u00f5es principais ou acess\u00f3rias relacionadas \u00e0 contribui\u00e7\u00e3o de melhoria, como, por exemplo, o pagamento das seguintes <strong><mark style=\"background-color:rgba(0, 0, 0, 0)\" class=\"has-inline-color has-vivid-cyan-blue-color\">multas<\/mark><\/strong>:<\/p>\n\n\n\n<ul class=\"wp-block-list\"><li><strong><mark style=\"background-color:rgba(0, 0, 0, 0)\" class=\"has-inline-color has-vivid-cyan-blue-color\">100%<\/mark><\/strong> do valor da contribui\u00e7\u00e3o devida, quando o recolhimento for exigido por <strong>a\u00e7\u00e3o fiscal<\/strong>;<\/li><li><strong><mark style=\"background-color:rgba(0, 0, 0, 0)\" class=\"has-inline-color has-vivid-cyan-blue-color\">150%<\/mark><\/strong> do valor da contribui\u00e7\u00e3o devida, em consequ\u00eancia de a\u00e7\u00e3o ou omiss\u00e3o tendente a <strong>elidir <\/strong>o pagamento do tributo ou <strong>retardar o seu recolhimento<\/strong>, total ou parcialmente;<\/li><li><strong><mark style=\"background-color:rgba(0, 0, 0, 0)\" class=\"has-inline-color has-vivid-cyan-blue-color\">R$ 80,00<\/mark><\/strong> em caso de<strong> infra\u00e7\u00e3o diversa<\/strong> das tipificadas nos incisos acima.<\/li><\/ul>\n\n\n\n<h2 class=\"wp-block-heading\" id=\"h-a-administracao-tributaria-no-cte-para-a-sefaz-ba\"><mark style=\"background-color:rgba(0, 0, 0, 0)\" class=\"has-inline-color has-vivid-cyan-blue-color\">A Administra\u00e7\u00e3o Tribut\u00e1ria no CTE para a SEFAZ BA<\/mark><\/h2>\n\n\n\n<p>Mudando de assunto, vamos falar agora sobre a administra\u00e7\u00e3o tribut\u00e1ria, disposta no CTE.<\/p>\n\n\n\n<p>Os <strong>principais pontos<\/strong> sobre a administra\u00e7\u00e3o tribut\u00e1ria nesta lei dizem respeito \u00e0 <strong><mark style=\"background-color:rgba(0, 0, 0, 0)\" class=\"has-inline-color has-vivid-cyan-blue-color\">arrecada\u00e7\u00e3o<\/mark><\/strong><mark style=\"background-color:rgba(0, 0, 0, 0)\" class=\"has-inline-color has-black-color\"> e \u00e0<\/mark><strong><mark style=\"background-color:rgba(0, 0, 0, 0)\" class=\"has-inline-color has-vivid-cyan-blue-color\"> fiscaliza\u00e7\u00e3o<\/mark><\/strong> dos tributos de compet\u00eancia do estado da Bahia.<\/p>\n\n\n\n<p>Nesse sentido, o <strong>\u00f3rg\u00e3o respons\u00e1vel<\/strong> pela fiscaliza\u00e7\u00e3o e arrecada\u00e7\u00e3o dos impostos, das taxas e das contribui\u00e7\u00f5es de melhoria \u00e9 a <strong>Secretaria da Fazenda do Estado,<\/strong> sendo que:<\/p>\n\n\n\n<ul class=\"wp-block-list\"><li>A fun\u00e7\u00e3o <strong>fiscalizadora <\/strong>ser\u00e1 exercida pelos <strong><mark style=\"background-color:rgba(0, 0, 0, 0)\" class=\"has-inline-color has-vivid-cyan-blue-color\">Auditores Fiscais<\/mark><\/strong> e pelos<strong><mark style=\"background-color:rgba(0, 0, 0, 0)\" class=\"has-inline-color has-vivid-cyan-blue-color\"> Agentes de Tributos Estaduais<\/mark><\/strong>.<\/li><li>A <strong>arrecada\u00e7\u00e3o <\/strong>tribut\u00e1ria ser\u00e1 realizada atrav\u00e9s de <strong><mark style=\"background-color:rgba(0, 0, 0, 0)\" class=\"has-inline-color has-vivid-cyan-blue-color\">estabelecimentos banc\u00e1rios<\/mark><\/strong>, devidamente <strong>credenciados <\/strong>pela Secretaria da Fazenda e, excepcionalmente, atrav\u00e9s de funcion\u00e1rios com fun\u00e7\u00f5es arrecadadoras.<\/li><\/ul>\n\n\n\n<p>Para que seja realizada a arrecada\u00e7\u00e3o dos tributos, primeiramente, \u00e9 preciso <strong>constituir o cr\u00e9dito tribut\u00e1rio<\/strong>, fun\u00e7\u00e3o essa exercida pelos <strong><mark style=\"background-color:rgba(0, 0, 0, 0)\" class=\"has-inline-color has-vivid-cyan-blue-color\">Auditores Fiscais<\/mark><\/strong>, <strong>salvo <\/strong>na fiscaliza\u00e7\u00e3o de <strong>mercadorias em tr\u00e2nsito<\/strong> e nos estabelecimentos de microempresas e de empresas de pequeno porte que sejam optantes pelo Simples Nacional, tarefa essa que compete aos <mark style=\"background-color:rgba(0, 0, 0, 0)\" class=\"has-inline-color has-vivid-cyan-blue-color\"><strong>Agentes de Tributos Estaduais<\/strong>.<\/mark><\/p>\n\n\n\n<p><mark style=\"background-color:rgba(0, 0, 0, 0)\" class=\"has-inline-color has-vivid-red-color\"><strong>A SABER:<\/strong>\u00a0<\/mark>A Fazenda P\u00fablica Estadual \u00e9 <strong>dispensada <\/strong>do <strong>lan\u00e7amento <\/strong>e da <strong>inscri\u00e7\u00e3o <\/strong>em <strong>D\u00edvida Ativa<\/strong> de cr\u00e9ditos tribut\u00e1rios cujo valor seja <strong><mark style=\"background-color:rgba(0, 0, 0, 0)\" class=\"has-inline-color has-vivid-cyan-blue-color\">inferior a R$ 460,00<\/mark><\/strong>.<\/p>\n\n\n\n<h3 class=\"wp-block-heading\" id=\"h-fiscalizacao-tributaria\"><mark style=\"background-color:rgba(0, 0, 0, 0)\" class=\"has-inline-color has-vivid-cyan-blue-color\">Fiscaliza\u00e7\u00e3o Tribut\u00e1ria<\/mark><\/h3>\n\n\n\n<p>Uma das ferramentas de fiscaliza\u00e7\u00e3o \u00e9 a <strong>exibi\u00e7\u00e3o obrigat\u00f3ria<\/strong> aos agentes do fisco estadual dos <strong>livros <\/strong>fiscais e cont\u00e1beis, bem como dos <strong>documentos <\/strong>e demonstrativos comprobat\u00f3rios dos lan\u00e7amentos.<\/p>\n\n\n\n<p>Al\u00e9m disso, em caso de <strong>embara\u00e7o <\/strong>\u00e0 fiscaliza\u00e7\u00e3o ou de <strong>desacato <\/strong>ao agente do Fisco estadual, poder\u00e1 o funcion\u00e1rio embara\u00e7ado ou desacatado <strong>requisitar <\/strong>o aux\u00edlio da <strong>Pol\u00edcia <\/strong>Civil ou Militar.<\/p>\n\n\n\n<p>Ademais, no caso de <strong>recusa \u00e0 exibi\u00e7\u00e3o de livros e documentos<\/strong> assim como no de <strong>obst\u00e1culo <\/strong>ao exame de mercadorias no estabelecimento, o funcion\u00e1rio fiscal poder\u00e1<strong><mark style=\"background-color:rgba(0, 0, 0, 0)\" class=\"has-inline-color has-vivid-cyan-blue-color\"> lacrar m\u00f3veis e im\u00f3veis<\/mark><\/strong>, onde possivelmente estejam guardados os documentos, livros e mercadorias, deixando com o contribuinte uma c\u00f3pia do respectivo termo e diligenciando para que se fa\u00e7a a exibi\u00e7\u00e3o por via judicial.<\/p>\n\n\n\n<p>A fiscaliza\u00e7\u00e3o tribut\u00e1ria tamb\u00e9m \u00e9 competente para <strong><mark style=\"background-color:rgba(0, 0, 0, 0)\" class=\"has-inline-color has-vivid-cyan-blue-color\">apreender mercadorias em situa\u00e7\u00e3o irregular<\/mark><\/strong>, bem como os documentos fiscais <strong>inid\u00f4neos<\/strong>, com o fim prec\u00edpuo de documentar a infra\u00e7\u00e3o cometida.<\/p>\n\n\n\n<p>Mas vale salientar que se a mercadoria for <strong>oriunda<\/strong> ou <strong>destinada <\/strong>a <strong>contribuinte regularmente inscrito<\/strong>, ela pode<strong> <\/strong>ser<strong> imediatamente liberada<\/strong>, mediante assinatura de termo.<\/p>\n\n\n\n<p>Os bens porventura apreendidos podem ser <strong>depositados <\/strong>ou <strong>confiados <\/strong>\u00e0 guarda do <strong>transportador<\/strong>, do <strong>estabelecimento <\/strong>de origem ou do <strong>propriet\u00e1rio <\/strong>das mercadorias.<\/p>\n\n\n\n<p>Por\u00e9m, n\u00e3o sendo solicitada a libera\u00e7\u00e3o e n\u00e3o havendo pagamento ou impugna\u00e7\u00e3o do d\u00e9bito, as mercadorias ser\u00e3o consideradas <strong>abandonadas e doadas<\/strong>, sendo incorporadas ao patrim\u00f4nio do <strong>Estado <\/strong>ou levadas a <strong>leil\u00e3o<\/strong>.<\/p>\n\n\n\n<p>Por fim, o devedor ficar\u00e1 <strong>desobrigado do pagamento<\/strong> do cr\u00e9dito tribut\u00e1rio se as mercadorias apreendidas que constituam <strong>prova material<\/strong> da respectiva infra\u00e7\u00e3o \u00e0 legisla\u00e7\u00e3o fiscal forem consideradas <strong><mark style=\"background-color:rgba(0, 0, 0, 0)\" class=\"has-inline-color has-black-color\">abandonadas<\/mark>.<\/strong><\/p>\n\n\n\n<h3 class=\"wp-block-heading\" id=\"h-a-certidao-negativa-no-cte-para-a-sefaz-ba\"><mark style=\"background-color:rgba(0, 0, 0, 0)\" class=\"has-inline-color has-vivid-cyan-blue-color\">A Certid\u00e3o negativa no CTE para a SEFAZ BA<\/mark><\/h3>\n\n\n\n<p>A&nbsp;<strong>certid\u00e3o negativa<\/strong>&nbsp;tribut\u00e1ria estadual \u00e9 um documento fornecido pelos \u00f3rg\u00e3os p\u00fablicos que confirma a <strong><mark style=\"background-color:rgba(0, 0, 0, 0)\" class=\"has-inline-color has-vivid-cyan-blue-color\">aus\u00eancia de d\u00edvidas fiscais de tributos estaduais<\/mark><\/strong>, em rela\u00e7\u00e3o a determinado contribuinte.<\/p>\n\n\n\n<p>A solicita\u00e7\u00e3o de certid\u00e3o negativa dever\u00e1 ser <strong>atendida<\/strong> no prazo m\u00e1ximo de <strong><mark style=\"background-color:rgba(0, 0, 0, 0)\" class=\"has-inline-color has-vivid-cyan-blue-color\">5 dias \u00fateis<\/mark><\/strong>, salvo exce\u00e7\u00e3o regulamentar.<\/p>\n\n\n\n<p>H\u00e1 algumas situa\u00e7\u00f5es espec\u00edficas em que o contribuinte ser\u00e1<strong> obrigado a apresentar <\/strong>a certid\u00e3o negativa de d\u00e9bito tribut\u00e1rio estadual, como nos casos de:<\/p>\n\n\n\n<ul class=\"wp-block-list\"><li>pedido de <strong>incentivos fiscais;<\/strong><\/li><li>participa\u00e7\u00e3o em <strong>licita\u00e7\u00e3o <\/strong>promovida pelo Estado, suas autarquias e empresas;<\/li><li><strong>transmiss\u00e3o de bens im\u00f3veis <\/strong>e de direitos a eles relativos.<\/li><\/ul>\n\n\n\n<h3 class=\"wp-block-heading\" id=\"h-a-divida-ativa-tributaria-no-cte-para-a-sefaz-ba\"><mark style=\"background-color:rgba(0, 0, 0, 0)\" class=\"has-inline-color has-vivid-cyan-blue-color\">A D\u00edvida ativa tribut\u00e1ria no CTE para a SEFAZ BA<\/mark><\/h3>\n\n\n\n<p>Quando o contribuinte <strong>n\u00e3o paga<\/strong> os seus tributos estaduais dentro do prazo, tal d\u00edvida ser\u00e1 <strong>inscrita <\/strong>na <strong>d\u00edvida ativa<\/strong> tribut\u00e1ria estadual.<\/p>\n\n\n\n<p>Nesse sentido, compete \u00e0 <strong><mark style=\"background-color:rgba(0, 0, 0, 0)\" class=\"has-inline-color has-vivid-cyan-blue-color\">Secretaria da Fazenda<\/mark><\/strong>, atrav\u00e9s do \u00f3rg\u00e3o competente, proceder \u00e0 <strong>inscri\u00e7\u00e3o <\/strong>e <strong>cobran\u00e7a <\/strong>da d\u00edvida ativa tribut\u00e1ria.<\/p>\n\n\n\n<p>Durante a execu\u00e7\u00e3o da d\u00edvida ativa, \u00e9 poss\u00edvel que haja a<strong> penhora de bens<\/strong> do devedor, de modo a assegurar o pagamento do tributo devido.<\/p>\n\n\n\n<p>Por\u00e9m, \u00e9 <strong>vedado <\/strong>\u00e0 Fazenda Estadual promover a <strong>penhora <\/strong>ou a <strong>aliena\u00e7\u00e3o <\/strong>do im\u00f3vel residencial do devedor e de sua fam\u00edlia, quando este for sua <strong>\u00fanica propriedade<\/strong>.<\/p>\n\n\n\n<p>Contudo, o benef\u00edcio acima <strong>apenas <\/strong>ser\u00e1<strong> aplicado caso<\/strong>:<\/p>\n\n\n\n<ul class=\"wp-block-list\"><li>o d\u00e9bito tribut\u00e1rio <strong>n\u00e3o <\/strong>tenha resultado de <strong>dolo<\/strong>;<\/li><li>a <strong>propriedade <\/strong>do <strong>im\u00f3vel <\/strong>residencial por parte do devedor <strong>preexista ao d\u00e9bito tribut\u00e1rio<\/strong>;<\/li><li>o <strong>valor venal <\/strong>do im\u00f3vel <strong>n\u00e3o exceda 1.000 UPFs-BA<\/strong>.<\/li><\/ul>\n\n\n\n<p><strong><mark style=\"background-color:rgba(0, 0, 0, 0)\" class=\"has-inline-color has-vivid-red-color\">A SABER:<\/mark><\/strong> Caso o d\u00e9bito seja de <strong><mark style=\"background-color:rgba(0, 0, 0, 0)\" class=\"has-inline-color has-vivid-cyan-blue-color\">pequeno valor <\/mark><\/strong>ou considerado <strong><mark style=\"background-color:rgba(0, 0, 0, 0)\" class=\"has-inline-color has-vivid-cyan-blue-color\">prescrito<\/mark><\/strong>, o Poder Executivo, obedecidas as normas de lei complementar ou conv\u00eanio, poder\u00e1 autorizar o<strong> n\u00e3o-ajuizamento da d\u00edvida<\/strong>.<\/p>\n\n\n\n<p>Ademais, h\u00e1 situa\u00e7\u00f5es em que poder\u00e1 haver o <strong><mark style=\"background-color:rgba(0, 0, 0, 0)\" class=\"has-inline-color has-vivid-cyan-blue-color\">cancelamento<\/mark><\/strong> do cr\u00e9dito tribut\u00e1rio inscrito em D\u00edvida Ativa, pela <strong>Procuradoria Geral do Estado<\/strong> ou pela<strong> Diretoria de Arrecada\u00e7\u00e3o, Cr\u00e9dito Tribut\u00e1rio e Controle<\/strong>, quando da:&nbsp;<\/p>\n\n\n\n<ul class=\"wp-block-list\"><li><strong>comprova\u00e7\u00e3o do pagamento<\/strong> antes da lavratura do auto de infra\u00e7\u00e3o ou da notifica\u00e7\u00e3o fiscal;<\/li><li>exist\u00eancia de <strong>v\u00edcio insan\u00e1vel<\/strong> ou de <strong>ilegalidade flagrante<\/strong>;<\/li><li><strong>superposi\u00e7\u00e3o de valores j\u00e1 pagos<\/strong> ou reclamados mediante lavratura de auto de infra\u00e7\u00e3o ou de notifica\u00e7\u00e3o fiscal.<\/li><\/ul>\n\n\n\n<p>Na hip\u00f3tese de exist\u00eancia de<strong> v\u00edcio insan\u00e1vel <\/strong>ou<strong> ilegalidade flagrante<\/strong> em auto de infra\u00e7\u00e3o, a Procuradoria Fiscal (PROFIS), \u00f3rg\u00e3o da Procuradoria Geral do Estado, <strong>representar\u00e1 <\/strong>ao Conselho de Fazenda Estadual (CONSEF), no prazo de <strong><mark style=\"background-color:rgba(0, 0, 0, 0)\" class=\"has-inline-color has-vivid-cyan-blue-color\">5 dias<\/mark><\/strong>, para aprecia\u00e7\u00e3o do fato.<\/p>\n\n\n\n<p>Al\u00e9m disso, h\u00e1 um caso em que a Fazenda Estadual ser\u00e1 autorizada a <strong><mark style=\"background-color:rgba(0, 0, 0, 0)\" class=\"has-inline-color has-vivid-cyan-blue-color\">n\u00e3o inscrever <\/mark><\/strong>em D\u00edvida Ativa, a<strong> n\u00e3o ajuizar<\/strong> a respectiva execu\u00e7\u00e3o fiscal, a <strong>n\u00e3o interpor recurso<\/strong> ou a <strong>desistir <\/strong>do que tenha sido interposto. Isso acontecer\u00e1 na hip\u00f3tese de mat\u00e9rias que tenham sido objeto de<strong> reiteradas decis\u00f5es contr\u00e1rias \u00e0 Fazenda P\u00fablica Estadual<\/strong>, em virtude de jurisprud\u00eancia pac\u00edfica do Supremo Tribunal Federal (STF) ou do Superior Tribunal de Justi\u00e7a (STJ).<\/p>\n\n\n\n<p>Outra importante informa\u00e7\u00e3o sobre a d\u00edvida ativa \u00e9 que o <strong>Secret\u00e1rio da Fazenda<\/strong> poder\u00e1 celebrar <strong><mark style=\"background-color:rgba(0, 0, 0, 0)\" class=\"has-inline-color has-vivid-cyan-blue-color\">transa\u00e7\u00e3o <\/mark><\/strong>para o recebimento de d\u00edvida ativa tribut\u00e1ria estadual, ouvida a Procuradoria Fiscal, <strong>quando <\/strong>ocorrer as seguintes situa\u00e7\u00f5es:<\/p>\n\n\n\n<ul class=\"wp-block-list\"><li>havendo <strong>d\u00favida <\/strong>a respeito do sucesso da cobran\u00e7a judicial, em raz\u00e3o do entendimento de jurisprud\u00eancia dominante no momento da transa\u00e7\u00e3o;<\/li><li>quando a <strong>empresa <\/strong>estiver <strong>desativada <\/strong>h\u00e1 <strong>mais de 1 ano<\/strong>, em dificuldades financeiras;<\/li><li>estando o contribuinte em estado de <strong>insolv\u00eancia <\/strong>comprovada;<\/li><li><strong>inexist\u00eancia ou insufici\u00eancia de bens <\/strong>do contribuinte e respons\u00e1veis para garantir a execu\u00e7\u00e3o.<\/li><\/ul>\n\n\n\n<p>Al\u00e9m do processo de transa\u00e7\u00e3o citado acima, o <strong>Secret\u00e1rio da Fazenda<\/strong> poder\u00e1 autorizar o <strong>recebimento de bem im\u00f3vel<\/strong> em <strong>pagamento <\/strong>de d\u00edvida ativa tribut\u00e1ria. Essa \u00e9 a famosa <strong><mark style=\"background-color:rgba(0, 0, 0, 0)\" class=\"has-inline-color has-vivid-cyan-blue-color\">da\u00e7\u00e3o em pagamento<\/mark><\/strong>.<\/p>\n\n\n\n<h2 class=\"wp-block-heading\" id=\"h-finalizando\"><mark style=\"background-color:rgba(0, 0, 0, 0)\" class=\"has-inline-color has-vivid-cyan-blue-color\">Finalizando<\/mark><\/h2>\n\n\n\n<p>Bom, pessoal! Chegamos ao final do nosso artigo sobre C\u00f3digo Tribut\u00e1rio Estadual (CTE), para a SEFAZ BA.<\/p>\n\n\n\n<p>Para a sua aprova\u00e7\u00e3o, \u00e9 extremamente&nbsp;<strong>importante&nbsp;<\/strong>a<strong>&nbsp;leitura da lei&nbsp;<\/strong>citada aqui. Esse artigo \u00e9 apenas uma an\u00e1lise mais simplificada dessa norma.<\/p>\n\n\n\n<p>Caso queira se preparar para chegar&nbsp;<strong>competitivo&nbsp;<\/strong>nesta prova, invista nos&nbsp;<strong><a href=\"https:\/\/www.estrategiaconcursos.com.br\/cursosPorConcurso\/icms-ba\/\" target=\"_blank\" rel=\"noreferrer noopener\">cursos para a SEFAZ BA<\/a><\/strong>&nbsp;do&nbsp;<strong>Estrat\u00e9gia Concursos<\/strong>.&nbsp;<\/p>\n\n\n\n<p>L\u00e1 voc\u00ea encontrar\u00e1&nbsp;<strong>aulas completas e detalhadas, com os melhores professores do mercado<\/strong>,&nbsp;de todos os t\u00f3picos exigidos no edital deste concurso.<\/p>\n\n\n\n<p>Conhe\u00e7a tamb\u00e9m o<strong>&nbsp;<a href=\"https:\/\/questoes.estrategiaconcursos.com.br\/\" target=\"_blank\" rel=\"noreferrer noopener\">Sistema de Quest\u00f5es do Estrat\u00e9gia<\/a><\/strong>. Afinal, a \u00fanica maneira de&nbsp;<strong>consolidar o conte\u00fado&nbsp;<\/strong>de maneira satisfat\u00f3ria \u00e9 atrav\u00e9s da&nbsp;<strong>resolu\u00e7\u00e3o de quest\u00f5es.<\/strong><\/p>\n\n\n\n<p>Bons estudos a todos e at\u00e9 a pr\u00f3xima!<\/p>\n\n\n\n<h2 class=\"has-text-align-center wp-block-heading\" id=\"h-cursos-e-assinaturas\">Cursos e Assinaturas <\/h2>\n\n\n\n<p>Prepare-se com o melhor material e com quem mais aprova em Concursos P\u00fablicos em todo o pa\u00eds!<\/p>\n\n\n\n<p class=\"has-text-align-center has-vivid-cyan-blue-color has-text-color has-background\" style=\"background-color:#0078bd\"><a href=\"https:\/\/www.estrategiaconcursos.com.br\/blog\/concursos-abertos\/\" target=\"_blank\" rel=\"noreferrer noopener\"><strong><span class=\"has-inline-color has-white-color\">Concursos abertos<\/span><\/strong><\/a><\/p>\n\n\n\n<p class=\"has-text-align-center has-vivid-cyan-blue-color has-text-color has-background\" style=\"background-color:#0072b4\"><strong><a href=\"https:\/\/www.estrategiaconcursos.com.br\/blog\/concursos-2022\/\" target=\"_blank\" rel=\"noreferrer noopener\"><span class=\"has-inline-color has-white-color\">Concursos 2022<\/span><\/a><\/strong><\/p>\n\n\n\n<div class=\"container\" id=\"boxes\">\n  <div class=\"row\">\n    <div class=\"col-sm\">\n      <div class=\"estrategia\" id=\"box-assinatura\">\n        <h3 class=\"titulo-assinatura\">Assinatura de Concursos<\/h3>\n        <p class=\"subtitulo-assinatura\">Assinatura de 1 ano ou 2 anos<\/p>\n        <div class=\"box-botao\">\n          <a class=\"btn-assinatura\" target=\"_blank\" href=\"https:\/\/www.estrategiaconcursos.com.br\/assinaturas\/\" role=\"button\" rel=\"noopener noreferrer\">ASSINE AGORA<\/a>\n        <\/div>\n      <\/div>\n      \n    <\/div><\/div><\/div>\n","protected":false},"excerpt":{"rendered":"<p>Confira neste artigo uma an\u00e1lise sobre os principais pontos do C\u00f3digo Tribut\u00e1rio Estadual (CTE) para o concurso da&nbsp;SEFAZ BA. Ol\u00e1, pessoal! Tudo bem com voc\u00eas? A&nbsp;SEFAZ BA&nbsp;(Secretaria da Fazenda do Estado da Bahia) est\u00e1 com o seu edital publicado. S\u00e3o&nbsp;49 vagas,&nbsp;para tr\u00eas cargos de&nbsp;Agente de Tributos Estaduais, com remunera\u00e7\u00e3o inicial de&nbsp;at\u00e9&nbsp;R$ 13.111,66. Dessa maneira, com [&hellip;]<\/p>\n","protected":false},"author":1976,"featured_media":835565,"comment_status":"open","ping_status":"closed","sticky":false,"template":"","format":"standard","meta":{"post_tipo":"article","footnotes":""},"categories":[1,1983],"tags":[],"tax_estado":[219968],"class_list":["post-1006128","post","type-post","status-publish","format-standard","has-post-thumbnail","hentry","category-cursos-e-concursos","category-fiscal-estadual","tax_estado-ba"],"acf":[],"yoast_head":"<!-- This site is optimized with the Yoast SEO Premium plugin v27.2 (Yoast SEO v27.2) - https:\/\/yoast.com\/product\/yoast-seo-premium-wordpress\/ -->\n<title>Principais pontos do CTE para a SEFAZ BA<\/title>\n<meta name=\"description\" content=\"Confira neste artigo uma an\u00e1lise sobre os principais pontos do CTE (C\u00f3digo Tribut\u00e1rio Estadual) para o concurso da\u00a0SEFAZ BA.\" \/>\n<meta name=\"robots\" content=\"index, follow, max-snippet:-1, max-image-preview:large, max-video-preview:-1\" \/>\n<link rel=\"canonical\" href=\"https:\/\/www.estrategiaconcursos.com.br\/blog\/cte-sefaz-ba\/\" \/>\n<meta property=\"og:locale\" content=\"pt_BR\" \/>\n<meta property=\"og:type\" content=\"article\" \/>\n<meta property=\"og:title\" content=\"Principais pontos do CTE para a SEFAZ BA\" \/>\n<meta property=\"og:description\" content=\"Confira neste artigo uma an\u00e1lise sobre os principais pontos do CTE (C\u00f3digo Tribut\u00e1rio Estadual) para o concurso da\u00a0SEFAZ BA.\" \/>\n<meta property=\"og:url\" content=\"https:\/\/www.estrategiaconcursos.com.br\/blog\/cte-sefaz-ba\/\" \/>\n<meta property=\"og:site_name\" content=\"Estrat\u00e9gia Concursos\" \/>\n<meta property=\"article:published_time\" content=\"2022-04-29T11:18:00+00:00\" \/>\n<meta property=\"og:image\" content=\"https:\/\/dhg1h5j42swfq.cloudfront.net\/2021\/08\/13142701\/sefaz-ba.jpg\" \/>\n\t<meta property=\"og:image:width\" content=\"717\" \/>\n\t<meta property=\"og:image:height\" content=\"428\" \/>\n\t<meta property=\"og:image:type\" content=\"image\/jpeg\" \/>\n<meta name=\"author\" content=\"Kassio Henrique Sobral Rocha\" \/>\n<meta name=\"twitter:card\" content=\"summary_large_image\" \/>\n<meta name=\"twitter:creator\" content=\"@EstratConcursos\" \/>\n<meta name=\"twitter:site\" content=\"@EstratConcursos\" \/>\n<meta name=\"twitter:label1\" content=\"Escrito por\" \/>\n\t<meta name=\"twitter:data1\" content=\"Kassio Henrique Sobral Rocha\" \/>\n\t<meta name=\"twitter:label2\" content=\"Est. tempo de leitura\" \/>\n\t<meta name=\"twitter:data2\" content=\"10 minutos\" \/>\n<script type=\"application\/ld+json\" class=\"yoast-schema-graph\">{\"@context\":\"https:\/\/schema.org\",\"@graph\":[{\"@type\":\"NewsArticle\",\"@id\":\"https:\/\/www.estrategiaconcursos.com.br\/blog\/cte-sefaz-ba\/#article\",\"isPartOf\":{\"@id\":\"https:\/\/www.estrategiaconcursos.com.br\/blog\/cte-sefaz-ba\/\"},\"author\":{\"name\":\"Kassio Henrique Sobral Rocha\",\"@id\":\"https:\/\/www.estrategiaconcursos.com.br\/blog\/#\/schema\/person\/f0c830e07cfe11c231c0ea5dbb036df5\"},\"headline\":\"Principais pontos do CTE para a SEFAZ BA\",\"datePublished\":\"2022-04-29T11:18:00+00:00\",\"mainEntityOfPage\":{\"@id\":\"https:\/\/www.estrategiaconcursos.com.br\/blog\/cte-sefaz-ba\/\"},\"wordCount\":1899,\"commentCount\":0,\"publisher\":{\"@id\":\"https:\/\/www.estrategiaconcursos.com.br\/blog\/#organization\"},\"image\":{\"@id\":\"https:\/\/www.estrategiaconcursos.com.br\/blog\/cte-sefaz-ba\/#primaryimage\"},\"thumbnailUrl\":\"https:\/\/dhg1h5j42swfq.cloudfront.net\/2021\/08\/13142701\/sefaz-ba.jpg\",\"articleSection\":[\"Concursos P\u00fablicos\",\"Fiscal - Estadual (ICMS)\"],\"inLanguage\":\"pt-BR\",\"potentialAction\":[{\"@type\":\"CommentAction\",\"name\":\"Comment\",\"target\":[\"https:\/\/www.estrategiaconcursos.com.br\/blog\/cte-sefaz-ba\/#respond\"]}],\"copyrightYear\":\"2022\",\"copyrightHolder\":{\"@id\":\"https:\/\/www.estrategiaconcursos.com.br\/blog\/#organization\"}},{\"@type\":\"WebPage\",\"@id\":\"https:\/\/www.estrategiaconcursos.com.br\/blog\/cte-sefaz-ba\/\",\"url\":\"https:\/\/www.estrategiaconcursos.com.br\/blog\/cte-sefaz-ba\/\",\"name\":\"Principais pontos do CTE para a SEFAZ BA\",\"isPartOf\":{\"@id\":\"https:\/\/www.estrategiaconcursos.com.br\/blog\/#website\"},\"primaryImageOfPage\":{\"@id\":\"https:\/\/www.estrategiaconcursos.com.br\/blog\/cte-sefaz-ba\/#primaryimage\"},\"image\":{\"@id\":\"https:\/\/www.estrategiaconcursos.com.br\/blog\/cte-sefaz-ba\/#primaryimage\"},\"thumbnailUrl\":\"https:\/\/dhg1h5j42swfq.cloudfront.net\/2021\/08\/13142701\/sefaz-ba.jpg\",\"datePublished\":\"2022-04-29T11:18:00+00:00\",\"description\":\"Confira neste artigo uma an\u00e1lise sobre os principais pontos do CTE (C\u00f3digo Tribut\u00e1rio Estadual) para o concurso da\u00a0SEFAZ BA.\",\"breadcrumb\":{\"@id\":\"https:\/\/www.estrategiaconcursos.com.br\/blog\/cte-sefaz-ba\/#breadcrumb\"},\"inLanguage\":\"pt-BR\",\"potentialAction\":[{\"@type\":\"ReadAction\",\"target\":[\"https:\/\/www.estrategiaconcursos.com.br\/blog\/cte-sefaz-ba\/\"]}]},{\"@type\":\"ImageObject\",\"inLanguage\":\"pt-BR\",\"@id\":\"https:\/\/www.estrategiaconcursos.com.br\/blog\/cte-sefaz-ba\/#primaryimage\",\"url\":\"https:\/\/dhg1h5j42swfq.cloudfront.net\/2021\/08\/13142701\/sefaz-ba.jpg\",\"contentUrl\":\"https:\/\/dhg1h5j42swfq.cloudfront.net\/2021\/08\/13142701\/sefaz-ba.jpg\",\"width\":717,\"height\":428,\"caption\":\"sefaz-ba\"},{\"@type\":\"BreadcrumbList\",\"@id\":\"https:\/\/www.estrategiaconcursos.com.br\/blog\/cte-sefaz-ba\/#breadcrumb\",\"itemListElement\":[{\"@type\":\"ListItem\",\"position\":1,\"name\":\"In\u00edcio\",\"item\":\"https:\/\/www.estrategiaconcursos.com.br\/blog\/\"},{\"@type\":\"ListItem\",\"position\":2,\"name\":\"Principais pontos do CTE para a SEFAZ BA\"}]},{\"@type\":\"WebSite\",\"@id\":\"https:\/\/www.estrategiaconcursos.com.br\/blog\/#website\",\"url\":\"https:\/\/www.estrategiaconcursos.com.br\/blog\/\",\"name\":\"Estrat\u00e9gia Concursos\",\"description\":\"O blog da Estrat\u00e9gia Concursos traz not\u00edcias sobre concursos e artigos de professores oferecendo cursos para concursos (pdf + videaulas) no site.\",\"publisher\":{\"@id\":\"https:\/\/www.estrategiaconcursos.com.br\/blog\/#organization\"},\"potentialAction\":[{\"@type\":\"SearchAction\",\"target\":{\"@type\":\"EntryPoint\",\"urlTemplate\":\"https:\/\/www.estrategiaconcursos.com.br\/blog\/?s={search_term_string}\"},\"query-input\":{\"@type\":\"PropertyValueSpecification\",\"valueRequired\":true,\"valueName\":\"search_term_string\"}}],\"inLanguage\":\"pt-BR\"},{\"@type\":\"Organization\",\"@id\":\"https:\/\/www.estrategiaconcursos.com.br\/blog\/#organization\",\"name\":\"Estrat\u00e9gia Concursos\",\"url\":\"https:\/\/www.estrategiaconcursos.com.br\/blog\/\",\"logo\":{\"@type\":\"ImageObject\",\"inLanguage\":\"pt-BR\",\"@id\":\"https:\/\/www.estrategiaconcursos.com.br\/blog\/#\/schema\/logo\/image\/\",\"url\":\"https:\/\/dhg1h5j42swfq.cloudfront.net\/2025\/06\/03203428\/logo_concursos-1.jpg\",\"contentUrl\":\"https:\/\/dhg1h5j42swfq.cloudfront.net\/2025\/06\/03203428\/logo_concursos-1.jpg\",\"width\":230,\"height\":60,\"caption\":\"Estrat\u00e9gia Concursos\"},\"image\":{\"@id\":\"https:\/\/www.estrategiaconcursos.com.br\/blog\/#\/schema\/logo\/image\/\"},\"sameAs\":[\"https:\/\/x.com\/EstratConcursos\"]},{\"@type\":\"Person\",\"@id\":\"https:\/\/www.estrategiaconcursos.com.br\/blog\/#\/schema\/person\/f0c830e07cfe11c231c0ea5dbb036df5\",\"name\":\"Kassio Henrique Sobral Rocha\",\"image\":{\"@type\":\"ImageObject\",\"inLanguage\":\"pt-BR\",\"@id\":\"https:\/\/secure.gravatar.com\/avatar\/d10350cbdad043facd8ec77a377f86f9026afee3348e463b04854fd4490ce759?s=96&d=mm&r=g\",\"url\":\"https:\/\/secure.gravatar.com\/avatar\/d10350cbdad043facd8ec77a377f86f9026afee3348e463b04854fd4490ce759?s=96&d=mm&r=g\",\"contentUrl\":\"https:\/\/secure.gravatar.com\/avatar\/d10350cbdad043facd8ec77a377f86f9026afee3348e463b04854fd4490ce759?s=96&d=mm&r=g\",\"caption\":\"Kassio Henrique Sobral Rocha\"},\"url\":\"https:\/\/www.estrategiaconcursos.com.br\/blog\/author\/kassio-rochayahoo-com-br\/\"}]}<\/script>\n<!-- \/ Yoast SEO Premium plugin. -->","yoast_head_json":{"title":"Principais pontos do CTE para a SEFAZ BA","description":"Confira neste artigo uma an\u00e1lise sobre os principais pontos do CTE (C\u00f3digo Tribut\u00e1rio Estadual) para o concurso da\u00a0SEFAZ BA.","robots":{"index":"index","follow":"follow","max-snippet":"max-snippet:-1","max-image-preview":"max-image-preview:large","max-video-preview":"max-video-preview:-1"},"canonical":"https:\/\/www.estrategiaconcursos.com.br\/blog\/cte-sefaz-ba\/","og_locale":"pt_BR","og_type":"article","og_title":"Principais pontos do CTE para a SEFAZ BA","og_description":"Confira neste artigo uma an\u00e1lise sobre os principais pontos do CTE (C\u00f3digo Tribut\u00e1rio Estadual) para o concurso da\u00a0SEFAZ BA.","og_url":"https:\/\/www.estrategiaconcursos.com.br\/blog\/cte-sefaz-ba\/","og_site_name":"Estrat\u00e9gia Concursos","article_published_time":"2022-04-29T11:18:00+00:00","og_image":[{"width":717,"height":428,"url":"https:\/\/dhg1h5j42swfq.cloudfront.net\/2021\/08\/13142701\/sefaz-ba.jpg","type":"image\/jpeg"}],"author":"Kassio Henrique Sobral Rocha","twitter_card":"summary_large_image","twitter_creator":"@EstratConcursos","twitter_site":"@EstratConcursos","twitter_misc":{"Escrito por":"Kassio Henrique Sobral Rocha","Est. tempo de leitura":"10 minutos"},"schema":{"@context":"https:\/\/schema.org","@graph":[{"@type":"NewsArticle","@id":"https:\/\/www.estrategiaconcursos.com.br\/blog\/cte-sefaz-ba\/#article","isPartOf":{"@id":"https:\/\/www.estrategiaconcursos.com.br\/blog\/cte-sefaz-ba\/"},"author":{"name":"Kassio Henrique Sobral Rocha","@id":"https:\/\/www.estrategiaconcursos.com.br\/blog\/#\/schema\/person\/f0c830e07cfe11c231c0ea5dbb036df5"},"headline":"Principais pontos do CTE para a SEFAZ BA","datePublished":"2022-04-29T11:18:00+00:00","mainEntityOfPage":{"@id":"https:\/\/www.estrategiaconcursos.com.br\/blog\/cte-sefaz-ba\/"},"wordCount":1899,"commentCount":0,"publisher":{"@id":"https:\/\/www.estrategiaconcursos.com.br\/blog\/#organization"},"image":{"@id":"https:\/\/www.estrategiaconcursos.com.br\/blog\/cte-sefaz-ba\/#primaryimage"},"thumbnailUrl":"https:\/\/dhg1h5j42swfq.cloudfront.net\/2021\/08\/13142701\/sefaz-ba.jpg","articleSection":["Concursos P\u00fablicos","Fiscal - Estadual (ICMS)"],"inLanguage":"pt-BR","potentialAction":[{"@type":"CommentAction","name":"Comment","target":["https:\/\/www.estrategiaconcursos.com.br\/blog\/cte-sefaz-ba\/#respond"]}],"copyrightYear":"2022","copyrightHolder":{"@id":"https:\/\/www.estrategiaconcursos.com.br\/blog\/#organization"}},{"@type":"WebPage","@id":"https:\/\/www.estrategiaconcursos.com.br\/blog\/cte-sefaz-ba\/","url":"https:\/\/www.estrategiaconcursos.com.br\/blog\/cte-sefaz-ba\/","name":"Principais pontos do CTE para a SEFAZ BA","isPartOf":{"@id":"https:\/\/www.estrategiaconcursos.com.br\/blog\/#website"},"primaryImageOfPage":{"@id":"https:\/\/www.estrategiaconcursos.com.br\/blog\/cte-sefaz-ba\/#primaryimage"},"image":{"@id":"https:\/\/www.estrategiaconcursos.com.br\/blog\/cte-sefaz-ba\/#primaryimage"},"thumbnailUrl":"https:\/\/dhg1h5j42swfq.cloudfront.net\/2021\/08\/13142701\/sefaz-ba.jpg","datePublished":"2022-04-29T11:18:00+00:00","description":"Confira neste artigo uma an\u00e1lise sobre os principais pontos do CTE (C\u00f3digo Tribut\u00e1rio Estadual) para o concurso da\u00a0SEFAZ BA.","breadcrumb":{"@id":"https:\/\/www.estrategiaconcursos.com.br\/blog\/cte-sefaz-ba\/#breadcrumb"},"inLanguage":"pt-BR","potentialAction":[{"@type":"ReadAction","target":["https:\/\/www.estrategiaconcursos.com.br\/blog\/cte-sefaz-ba\/"]}]},{"@type":"ImageObject","inLanguage":"pt-BR","@id":"https:\/\/www.estrategiaconcursos.com.br\/blog\/cte-sefaz-ba\/#primaryimage","url":"https:\/\/dhg1h5j42swfq.cloudfront.net\/2021\/08\/13142701\/sefaz-ba.jpg","contentUrl":"https:\/\/dhg1h5j42swfq.cloudfront.net\/2021\/08\/13142701\/sefaz-ba.jpg","width":717,"height":428,"caption":"sefaz-ba"},{"@type":"BreadcrumbList","@id":"https:\/\/www.estrategiaconcursos.com.br\/blog\/cte-sefaz-ba\/#breadcrumb","itemListElement":[{"@type":"ListItem","position":1,"name":"In\u00edcio","item":"https:\/\/www.estrategiaconcursos.com.br\/blog\/"},{"@type":"ListItem","position":2,"name":"Principais pontos do CTE para a SEFAZ BA"}]},{"@type":"WebSite","@id":"https:\/\/www.estrategiaconcursos.com.br\/blog\/#website","url":"https:\/\/www.estrategiaconcursos.com.br\/blog\/","name":"Estrat\u00e9gia Concursos","description":"O blog da Estrat\u00e9gia Concursos traz not\u00edcias sobre concursos e artigos de professores oferecendo cursos para concursos (pdf + videaulas) no site.","publisher":{"@id":"https:\/\/www.estrategiaconcursos.com.br\/blog\/#organization"},"potentialAction":[{"@type":"SearchAction","target":{"@type":"EntryPoint","urlTemplate":"https:\/\/www.estrategiaconcursos.com.br\/blog\/?s={search_term_string}"},"query-input":{"@type":"PropertyValueSpecification","valueRequired":true,"valueName":"search_term_string"}}],"inLanguage":"pt-BR"},{"@type":"Organization","@id":"https:\/\/www.estrategiaconcursos.com.br\/blog\/#organization","name":"Estrat\u00e9gia Concursos","url":"https:\/\/www.estrategiaconcursos.com.br\/blog\/","logo":{"@type":"ImageObject","inLanguage":"pt-BR","@id":"https:\/\/www.estrategiaconcursos.com.br\/blog\/#\/schema\/logo\/image\/","url":"https:\/\/dhg1h5j42swfq.cloudfront.net\/2025\/06\/03203428\/logo_concursos-1.jpg","contentUrl":"https:\/\/dhg1h5j42swfq.cloudfront.net\/2025\/06\/03203428\/logo_concursos-1.jpg","width":230,"height":60,"caption":"Estrat\u00e9gia Concursos"},"image":{"@id":"https:\/\/www.estrategiaconcursos.com.br\/blog\/#\/schema\/logo\/image\/"},"sameAs":["https:\/\/x.com\/EstratConcursos"]},{"@type":"Person","@id":"https:\/\/www.estrategiaconcursos.com.br\/blog\/#\/schema\/person\/f0c830e07cfe11c231c0ea5dbb036df5","name":"Kassio Henrique Sobral Rocha","image":{"@type":"ImageObject","inLanguage":"pt-BR","@id":"https:\/\/secure.gravatar.com\/avatar\/d10350cbdad043facd8ec77a377f86f9026afee3348e463b04854fd4490ce759?s=96&d=mm&r=g","url":"https:\/\/secure.gravatar.com\/avatar\/d10350cbdad043facd8ec77a377f86f9026afee3348e463b04854fd4490ce759?s=96&d=mm&r=g","contentUrl":"https:\/\/secure.gravatar.com\/avatar\/d10350cbdad043facd8ec77a377f86f9026afee3348e463b04854fd4490ce759?s=96&d=mm&r=g","caption":"Kassio Henrique Sobral Rocha"},"url":"https:\/\/www.estrategiaconcursos.com.br\/blog\/author\/kassio-rochayahoo-com-br\/"}]}},"_links":{"self":[{"href":"https:\/\/www.estrategiaconcursos.com.br\/blog\/wp-json\/wp\/v2\/posts\/1006128","targetHints":{"allow":["GET"]}}],"collection":[{"href":"https:\/\/www.estrategiaconcursos.com.br\/blog\/wp-json\/wp\/v2\/posts"}],"about":[{"href":"https:\/\/www.estrategiaconcursos.com.br\/blog\/wp-json\/wp\/v2\/types\/post"}],"author":[{"embeddable":true,"href":"https:\/\/www.estrategiaconcursos.com.br\/blog\/wp-json\/wp\/v2\/users\/1976"}],"replies":[{"embeddable":true,"href":"https:\/\/www.estrategiaconcursos.com.br\/blog\/wp-json\/wp\/v2\/comments?post=1006128"}],"version-history":[{"count":26,"href":"https:\/\/www.estrategiaconcursos.com.br\/blog\/wp-json\/wp\/v2\/posts\/1006128\/revisions"}],"predecessor-version":[{"id":1006299,"href":"https:\/\/www.estrategiaconcursos.com.br\/blog\/wp-json\/wp\/v2\/posts\/1006128\/revisions\/1006299"}],"wp:featuredmedia":[{"embeddable":true,"href":"https:\/\/www.estrategiaconcursos.com.br\/blog\/wp-json\/wp\/v2\/media\/835565"}],"wp:attachment":[{"href":"https:\/\/www.estrategiaconcursos.com.br\/blog\/wp-json\/wp\/v2\/media?parent=1006128"}],"wp:term":[{"taxonomy":"category","embeddable":true,"href":"https:\/\/www.estrategiaconcursos.com.br\/blog\/wp-json\/wp\/v2\/categories?post=1006128"},{"taxonomy":"post_tag","embeddable":true,"href":"https:\/\/www.estrategiaconcursos.com.br\/blog\/wp-json\/wp\/v2\/tags?post=1006128"},{"taxonomy":"tax_estado","embeddable":true,"href":"https:\/\/www.estrategiaconcursos.com.br\/blog\/wp-json\/wp\/v2\/tax_estado?post=1006128"}],"curies":[{"name":"wp","href":"https:\/\/api.w.org\/{rel}","templated":true}]}}