{"id":1005852,"date":"2022-04-11T08:14:15","date_gmt":"2022-04-11T11:14:15","guid":{"rendered":"https:\/\/www.estrategiaconcursos.com.br\/blog\/?p=1005852"},"modified":"2022-04-11T12:28:47","modified_gmt":"2022-04-11T15:28:47","slug":"concurso-tjdft-atribuicoes-dos-cargos","status":"publish","type":"post","link":"https:\/\/www.estrategiaconcursos.com.br\/blog\/concurso-tjdft-atribuicoes-dos-cargos\/","title":{"rendered":"Concurso TJDFT: confira as atribui\u00e7\u00f5es dos cargos"},"content":{"rendered":"\n<p>O edital do&nbsp;<strong>concurso TJDFT<\/strong>&nbsp;(<a href=\"https:\/\/www.estrategiaconcursos.com.br\/cursosPorConcurso\/tjdft-125\/\" target=\"_blank\" rel=\"noreferrer noopener\">Tribunal de Justi\u00e7a do Distrito Federal e Territ\u00f3rios<\/a>)&nbsp;oferta <strong>112 vagas&nbsp;<\/strong>imediatas para cargos de n\u00edveis m\u00e9dio e superior. Confira quais s\u00e3o as atribui\u00e7\u00f5es dos cargos oferecidos: <\/p>\n\n\n\n<h2 class=\"wp-block-heading\" id=\"h-atribuicoes-analista-judiciario-concurso-tjdft\">Atribui\u00e7\u00f5es Analista Judici\u00e1rio concurso TJDFT<\/h2>\n\n\n\n<ul class=\"wp-block-list\"><li><strong>An\u00e1lise de sistemas<\/strong> &#8211; Realizar atividades de n\u00edvel superior, de natureza t\u00e9cnica, relacionadas \u00e0 gest\u00e3o, assessoramento, pesquisa e desenvolvimento, que envolver\u00e1 tarefas inerentes \u00e0s seguintes \u00e1reas de atua\u00e7\u00e3o: desenvolvimento e manuten\u00e7\u00e3o de sistemas de informa\u00e7\u00e3o e processo eletr\u00f4nico, plataformas e metodologias de gest\u00e3o de projetos e produtos.<\/li><li><strong>Suporte em Tecnologia da Informa\u00e7\u00e3o &#8211; <\/strong> Atividades de n\u00edvel superior, de natureza t\u00e9cnica, relacionadas \u00e0 gest\u00e3o, assessoramento, pesquisa e desenvolvimento, envolvendo tarefas inerentes \u00e0s seguintes \u00e1reas de atua\u00e7\u00e3o: infraestrutura de tecnologia da informa\u00e7\u00e3o, redes de computadores, banco de dados, sistemas operacionais e suporte a microinform\u00e1tica.<\/li><li><strong>An\u00e1lise de Dados &#8211; <\/strong>Atividades de n\u00edvel superior, de natureza t\u00e9cnica, relacionadas \u00e0 gest\u00e3o, assessoramento, pesquisa e desenvolvimento, que envolver\u00e1 tarefas inerentes \u00e0s seguintes \u00e1reas de atua\u00e7\u00e3o: administra\u00e7\u00e3o de dados; modelagem de data warehouses; extra\u00e7\u00e3o, transforma\u00e7\u00e3o e carga de dados; aplica\u00e7\u00f5es de automa\u00e7\u00e3o e intelig\u00eancia artificial; processamento de dados massivos; qualidade de dados; pain\u00e9is de business intelligence.<\/li><li><strong>Seguran\u00e7a da Informa\u00e7\u00e3o &#8211; <\/strong>Atividades de n\u00edvel superior, de natureza t\u00e9cnica, relacionadas \u00e0 gest\u00e3o, assessoramento, pesquisa e desenvolvimento, que envolver\u00e1 tarefas inerentes \u00e0s seguintes \u00e1reas de atua\u00e7\u00e3o: seguran\u00e7a da informa\u00e7\u00e3o, prote\u00e7\u00e3o de dados, an\u00e1lise de vulnerabilidades, defesa cibern\u00e9tica, resposta a incidentes, auditoria e forense digital, planos de continuidade de neg\u00f3cio e infraestrutura de seguran\u00e7a computacional.<\/li><li><strong>Analista Judici\u00e1rio &#8211; sem especialidade &#8211; <\/strong>Realizar atividades de n\u00edvel superior, de natureza t\u00e9cnica, relacionadas ao planejamento, organiza\u00e7\u00e3o, coordena\u00e7\u00e3o, supervis\u00e3o, assessoramento, estudo, pesquisa, al\u00e9m da execu\u00e7\u00e3o de tarefas que envolvam processamento de feitos, apoio a julgamentos, an\u00e1lise e pesquisa de legisla\u00e7\u00e3o, de doutrina e de jurisprud\u00eancia nos v\u00e1rios ramos do Direito, estudo e pesquisa do Poder Judici\u00e1rio brasileiro, bem como elabora\u00e7\u00e3o de laudos, pareceres, atos e informa\u00e7\u00f5es jur\u00eddicas.<\/li><li><strong>Oficial de Justi\u00e7a Avaliador Federal<\/strong> &#8211; Realizar atividades de n\u00edvel superior, como cita\u00e7\u00f5es, notifica\u00e7\u00f5es, intima\u00e7\u00f5es, execu\u00e7\u00f5es de medidas preventivas e assecurat\u00f3rias, penhoras, arrestos, sequestros, despejos, buscas e apreens\u00f5es, avalia\u00e7\u00f5es de bens e valores, pra\u00e7a de bens im\u00f3veis, reintegra\u00e7\u00f5es e imiss\u00f5es de posse e demais dilig\u00eancias ordenadas pelo ju\u00edzo e inser\u00e7\u00e3o dos respectivos termos nos processos.<\/li><li><strong>Servi\u00e7o Social &#8211; <\/strong>Realizar atividades de n\u00edvel superior, de natureza t\u00e9cnica, relacionadas \u00e0 elabora\u00e7\u00e3o de diagn\u00f3sticos, estudos e interven\u00e7\u00f5es que subsidiem a presta\u00e7\u00e3o jurisdicional, \u00e0 assist\u00eancia e acompanhamento psicossocial, \u00e0 promo\u00e7\u00e3o de sa\u00fade e de qualidade de vida e \u00e0 condu\u00e7\u00e3o de a\u00e7\u00f5es socioeducativas de acordo com o p\u00fablico alvo.<\/li><li><strong>Psicologia &#8211; <\/strong>Realizar atividades de n\u00edvel superior, de natureza t\u00e9cnica, relacionadas \u00e0 elabora\u00e7\u00e3o de diagn\u00f3sticos, estudos e interven\u00e7\u00f5es que subsidiem a presta\u00e7\u00e3o jurisdicional, \u00e0 assist\u00eancia e acompanhamento psicol\u00f3gico, \u00e0 promo\u00e7\u00e3o de sa\u00fade e de qualidade de vida no trabalho, \u00e0 forma\u00e7\u00e3o de pol\u00edticas de gest\u00e3o de pessoas e de desenvolvimento organizacional.<\/li><li><strong>Administra\u00e7\u00e3o &#8211; <\/strong> Realizar atividades de n\u00edvel superior relativas \u00e0s fun\u00e7\u00f5es de planejamento, execu\u00e7\u00e3o e controle relacionadas \u00e0 governan\u00e7a e gest\u00e3o estrat\u00e9gica, \u00e0 gest\u00e3o de pessoas, materiais e patrim\u00f4nio, or\u00e7ament\u00e1rios e financeiros, desenvolvimento organizacional, licita\u00e7\u00f5es e contratos, controle interno e auditoria, dentre outras.<\/li><li><strong>Medicina &#8211; Psiquiatria &#8211; <\/strong>Realizar atividades de n\u00edvel superior relacionadas ao planejamento, \u00e0 coordena\u00e7\u00e3o, \u00e0 supervis\u00e3o e \u00e0 execu\u00e7\u00e3o de trabalhos que envolvam a assist\u00eancia m\u00e9dica psiqui\u00e1trica individual e coletiva, bem como programas de preven\u00e7\u00e3o e\/ou tratamento da sa\u00fade mental e per\u00edcias m\u00e9dicas.<\/li><li><strong>Medicina do Trabalho &#8211; <\/strong>Realizar atividades de n\u00edvel superior relacionadas ao planejamento, \u00e0 coordena\u00e7\u00e3o, \u00e0 supervis\u00e3o e \u00e0 execu\u00e7\u00e3o de trabalhos que envolvam medicina do trabalho, bem como programas de preven\u00e7\u00e3o e\/ou tratamento da sa\u00fade e per\u00edcias m\u00e9dicas.<\/li><li><strong>Contabilidade &#8211; <\/strong>Realizar atividades de n\u00edvel superior, de natureza t\u00e9cnica, relacionadas ao planejamento, \u00e0 coordena\u00e7\u00e3o, \u00e0 supervis\u00e3o e \u00e0 execu\u00e7\u00e3o de trabalhos que envolvam administra\u00e7\u00e3o or\u00e7ament\u00e1ria e financeira, patrimonial, controle interno e auditoria, entre outras atividades.<\/li><li><strong>Engenharia El\u00e9trica &#8211; <\/strong>Realizar atividades de n\u00edvel superior relacionadas \u00e0 elabora\u00e7\u00e3o e ao acompanhamento de projetos de engenharia el\u00e9trica, manuten\u00e7\u00e3o, preven\u00e7\u00e3o e corre\u00e7\u00e3o de instala\u00e7\u00f5es e equipamentos el\u00e9tricos, bem como \u00e0 emiss\u00e3o de pareceres t\u00e9cnicos, entre outras.<\/li><li><strong>Estat\u00edstica &#8211; <\/strong>Realizar atividades de n\u00edvel superior, relativas ao planejamento, coordena\u00e7\u00e3o e execu\u00e7\u00e3o de atividades que envolvam a obten\u00e7\u00e3o, a organiza\u00e7\u00e3o, o tratamento estat\u00edstico e a an\u00e1lise de dados e informa\u00e7\u00f5es.<\/li><li><strong>Arquivologia &#8211; <\/strong>Realizar atividades de n\u00edvel superior, de natureza t\u00e9cnica, relacionadas ao planejamento, \u00e0 organiza\u00e7\u00e3o, \u00e0 orienta\u00e7\u00e3o e controle do tratamento de processos, expedientes e documentos, bem como as concernentes \u00e0 gest\u00e3o informacional, \u00e0 guarda, \u00e0 preserva\u00e7\u00e3o da mem\u00f3ria arquiv\u00edstica, \u00e0 conserva\u00e7\u00e3o e \u00e0 recupera\u00e7\u00e3o de documentos de interesse administrativo e\/ou hist\u00f3rico.<\/li><\/ul>\n\n\n\n<h2 class=\"wp-block-heading\" id=\"atribuicoes-tecnico-judiciario-concurso-tjdft\">Atribui\u00e7\u00f5es T\u00e9cnico Judici\u00e1rio concurso TJDFT<\/h2>\n\n\n\n<ul class=\"wp-block-list\"><li><strong>T\u00e9cnico Judici\u00e1rio &#8211; sem especialidade &#8211; <\/strong>Realizar atividades de n\u00edvel intermedi\u00e1rio de apoio \u00e0 atividade judici\u00e1ria e de suporte t\u00e9cnico e administrativo \u00e0s fun\u00e7\u00f5es de gest\u00e3o de pessoas, material e patrim\u00f4nio, licita\u00e7\u00f5es e contratos, or\u00e7ament\u00e1ria e financeira, auditoria e controle, gest\u00e3o da informa\u00e7\u00e3o, entre outras.<\/li><li><strong>Enfermagem &#8211; <\/strong>Realizar atividades de n\u00edvel intermedi\u00e1rio, relacionadas ao apoio \u00e0 assist\u00eancia de enfermagem preventiva e curativa.<\/li><\/ul>\n\n\n\n<h3 class=\"wp-block-heading\" id=\"tjdft\">TJDFT<\/h3>\n\n\n\n<p>Os sal\u00e1rios oferecidos chegam a&nbsp;<strong>R$ 12 mil,<\/strong>&nbsp;a depender do cargo pretendido. O certame \u00e9 organizado pela Funda\u00e7\u00e3o Get\u00falio Vargas (FGV). As provas objetivas ser\u00e3o aplicadas no dia <strong>29 de maio de 2022<\/strong> <\/p>\n\n\n\n<h2 class=\"has-text-align-center has-pale-cyan-blue-background-color has-background has-medium-font-size wp-block-heading\" id=\"saiba-mais-concurso-tjdft\">Saiba mais: <a href=\"https:\/\/www.estrategiaconcursos.com.br\/blog\/concurso-tjdft\/\" target=\"_blank\" rel=\"noreferrer noopener\">concurso TJDFT<\/a> <\/h2>\n\n\n\n<h2 class=\"has-text-align-center wp-block-heading\" id=\"cursos\">Quer saber tudo sobre concursos previstos? <br \/><strong>Confira nossos artigos!<\/strong><\/h2>\n\n\n\n<ul class=\"wp-block-list\"><li><a href=\"https:\/\/www.estrategiaconcursos.com.br\/blog\/concursos-abertos\/\" target=\"_blank\" rel=\"noreferrer noopener\">Concursos abertos<\/a><\/li><li><a href=\"https:\/\/www.estrategiaconcursos.com.br\/blog\/concursos-2022\/\" target=\"_blank\" rel=\"noreferrer noopener\">Concursos 2022<\/a><\/li><\/ul>\n\n\n\n<h2 class=\"has-text-align-center wp-block-heading\" id=\"cursos-concurso-tjdft\"><strong><em>Quer estudar para Concurso TJDFT?<\/em><\/strong><\/h2>\n\n\n\n<div class=\"container\" id=\"boxes\">\n  <div class=\"row\">\n\n    <div class=\"col-sm\">\n      <div class=\"banner-tribunal\" id=\"box-assinatura\">\n        <h3 class=\"titulo-assinatura\">Curso TJDFT<\/h3>\n        <p class=\"subtitulo-assinatura\">Conhe\u00e7a os cursos<\/p>\n        <div class=\"box-botao\">\n          <a class=\"btn-assinatura\" target=\"_blank\" href=\"https:\/\/www.estrategiaconcursos.com.br\/cursosPorConcurso\/tjdft-125\/\" role=\"button\" rel=\"noopener noreferrer\">Conhe\u00e7a mais<\/a>\n        <\/div>\n      <\/div>\n      <p class=\"texto-auxiliar\">Prepare-se com o melhor material e com quem mais aprova em Concursos P\u00fablicos em todo o pa\u00eds.<\/p>\n    <\/div>\n\n  <\/div>\n<\/div>\n\n\n","protected":false},"excerpt":{"rendered":"<p>O edital do&nbsp;concurso TJDFT&nbsp;(Tribunal de Justi\u00e7a do Distrito Federal e Territ\u00f3rios)&nbsp;oferta 112 vagas&nbsp;imediatas para cargos de n\u00edveis m\u00e9dio e superior. Confira quais s\u00e3o as atribui\u00e7\u00f5es dos cargos oferecidos: Atribui\u00e7\u00f5es Analista Judici\u00e1rio concurso TJDFT An\u00e1lise de sistemas &#8211; Realizar atividades de n\u00edvel superior, de natureza t\u00e9cnica, relacionadas \u00e0 gest\u00e3o, assessoramento, pesquisa e desenvolvimento, que envolver\u00e1 tarefas [&hellip;]<\/p>\n","protected":false},"author":2375,"featured_media":999613,"comment_status":"open","ping_status":"closed","sticky":false,"template":"","format":"standard","meta":{"post_tipo":"news","footnotes":""},"categories":[1984,220219],"tags":[],"tax_estado":[219970],"class_list":["post-1005852","post","type-post","status-publish","format-standard","has-post-thumbnail","hentry","category-tribunais","category-noticias","tax_estado-df"],"acf":[],"yoast_head":"<!-- This site is optimized with the Yoast SEO Premium plugin v27.2 (Yoast SEO v27.2) - https:\/\/yoast.com\/product\/yoast-seo-premium-wordpress\/ -->\n<title>Concurso TJDFT: confira as atribui\u00e7\u00f5es dos cargos<\/title>\n<meta name=\"description\" content=\"Concurso TJDFT: confira as atribui\u00e7\u00f5es dos cargos ofertados no edital TJDFT com a equipe do Estrat\u00e9gia Concursos.\" \/>\n<meta name=\"robots\" content=\"index, follow, max-snippet:-1, max-image-preview:large, max-video-preview:-1\" \/>\n<link rel=\"canonical\" href=\"https:\/\/www.estrategiaconcursos.com.br\/blog\/concurso-tjdft-atribuicoes-dos-cargos\/\" \/>\n<meta property=\"og:locale\" content=\"pt_BR\" \/>\n<meta property=\"og:type\" content=\"article\" \/>\n<meta property=\"og:title\" content=\"Concurso TJDFT: confira as atribui\u00e7\u00f5es dos cargos\" \/>\n<meta property=\"og:description\" content=\"Concurso TJDFT: confira as atribui\u00e7\u00f5es dos cargos ofertados no edital TJDFT com a equipe do Estrat\u00e9gia Concursos.\" \/>\n<meta property=\"og:url\" content=\"https:\/\/www.estrategiaconcursos.com.br\/blog\/concurso-tjdft-atribuicoes-dos-cargos\/\" \/>\n<meta property=\"og:site_name\" content=\"Estrat\u00e9gia Concursos\" \/>\n<meta property=\"article:published_time\" content=\"2022-04-11T11:14:15+00:00\" \/>\n<meta property=\"article:modified_time\" content=\"2022-04-11T15:28:47+00:00\" \/>\n<meta property=\"og:image\" content=\"https:\/\/dhg1h5j42swfq.cloudfront.net\/2022\/04\/01115107\/concurso-tjdft-atribuicoes.jpeg\" \/>\n\t<meta property=\"og:image:width\" content=\"300\" \/>\n\t<meta property=\"og:image:height\" content=\"169\" \/>\n\t<meta property=\"og:image:type\" content=\"image\/jpeg\" \/>\n<meta name=\"author\" content=\"Priscila Almeida\" \/>\n<meta name=\"twitter:card\" content=\"summary_large_image\" \/>\n<meta name=\"twitter:creator\" content=\"@EstratConcursos\" \/>\n<meta name=\"twitter:site\" content=\"@EstratConcursos\" \/>\n<meta name=\"twitter:label1\" content=\"Escrito por\" \/>\n\t<meta name=\"twitter:data1\" content=\"Priscila Almeida\" \/>\n\t<meta name=\"twitter:label2\" content=\"Est. tempo de leitura\" \/>\n\t<meta name=\"twitter:data2\" content=\"5 minutos\" \/>\n<script type=\"application\/ld+json\" class=\"yoast-schema-graph\">{\"@context\":\"https:\/\/schema.org\",\"@graph\":[{\"@type\":\"NewsArticle\",\"@id\":\"https:\/\/www.estrategiaconcursos.com.br\/blog\/concurso-tjdft-atribuicoes-dos-cargos\/#article\",\"isPartOf\":{\"@id\":\"https:\/\/www.estrategiaconcursos.com.br\/blog\/concurso-tjdft-atribuicoes-dos-cargos\/\"},\"author\":{\"name\":\"Priscila Almeida\",\"@id\":\"https:\/\/www.estrategiaconcursos.com.br\/blog\/#\/schema\/person\/a06e841e501f2e1d8c49c4e8f066bfd1\"},\"headline\":\"Concurso TJDFT: confira as atribui\u00e7\u00f5es dos cargos\",\"datePublished\":\"2022-04-11T11:14:15+00:00\",\"dateModified\":\"2022-04-11T15:28:47+00:00\",\"mainEntityOfPage\":{\"@id\":\"https:\/\/www.estrategiaconcursos.com.br\/blog\/concurso-tjdft-atribuicoes-dos-cargos\/\"},\"wordCount\":1074,\"commentCount\":0,\"publisher\":{\"@id\":\"https:\/\/www.estrategiaconcursos.com.br\/blog\/#organization\"},\"image\":{\"@id\":\"https:\/\/www.estrategiaconcursos.com.br\/blog\/concurso-tjdft-atribuicoes-dos-cargos\/#primaryimage\"},\"thumbnailUrl\":\"https:\/\/dhg1h5j42swfq.cloudfront.net\/2022\/04\/01115107\/concurso-tjdft-atribuicoes.jpeg\",\"articleSection\":[\"Tribunais\",\"\u00daltimas not\u00edcias\"],\"inLanguage\":\"pt-BR\",\"potentialAction\":[{\"@type\":\"CommentAction\",\"name\":\"Comment\",\"target\":[\"https:\/\/www.estrategiaconcursos.com.br\/blog\/concurso-tjdft-atribuicoes-dos-cargos\/#respond\"]}],\"copyrightYear\":\"2022\",\"copyrightHolder\":{\"@id\":\"https:\/\/www.estrategiaconcursos.com.br\/blog\/#organization\"}},{\"@type\":\"WebPage\",\"@id\":\"https:\/\/www.estrategiaconcursos.com.br\/blog\/concurso-tjdft-atribuicoes-dos-cargos\/\",\"url\":\"https:\/\/www.estrategiaconcursos.com.br\/blog\/concurso-tjdft-atribuicoes-dos-cargos\/\",\"name\":\"Concurso TJDFT: confira as atribui\u00e7\u00f5es dos cargos\",\"isPartOf\":{\"@id\":\"https:\/\/www.estrategiaconcursos.com.br\/blog\/#website\"},\"primaryImageOfPage\":{\"@id\":\"https:\/\/www.estrategiaconcursos.com.br\/blog\/concurso-tjdft-atribuicoes-dos-cargos\/#primaryimage\"},\"image\":{\"@id\":\"https:\/\/www.estrategiaconcursos.com.br\/blog\/concurso-tjdft-atribuicoes-dos-cargos\/#primaryimage\"},\"thumbnailUrl\":\"https:\/\/dhg1h5j42swfq.cloudfront.net\/2022\/04\/01115107\/concurso-tjdft-atribuicoes.jpeg\",\"datePublished\":\"2022-04-11T11:14:15+00:00\",\"dateModified\":\"2022-04-11T15:28:47+00:00\",\"description\":\"Concurso TJDFT: confira as atribui\u00e7\u00f5es dos cargos ofertados no edital TJDFT com a equipe do Estrat\u00e9gia Concursos.\",\"breadcrumb\":{\"@id\":\"https:\/\/www.estrategiaconcursos.com.br\/blog\/concurso-tjdft-atribuicoes-dos-cargos\/#breadcrumb\"},\"inLanguage\":\"pt-BR\",\"potentialAction\":[{\"@type\":\"ReadAction\",\"target\":[\"https:\/\/www.estrategiaconcursos.com.br\/blog\/concurso-tjdft-atribuicoes-dos-cargos\/\"]}]},{\"@type\":\"ImageObject\",\"inLanguage\":\"pt-BR\",\"@id\":\"https:\/\/www.estrategiaconcursos.com.br\/blog\/concurso-tjdft-atribuicoes-dos-cargos\/#primaryimage\",\"url\":\"https:\/\/dhg1h5j42swfq.cloudfront.net\/2022\/04\/01115107\/concurso-tjdft-atribuicoes.jpeg\",\"contentUrl\":\"https:\/\/dhg1h5j42swfq.cloudfront.net\/2022\/04\/01115107\/concurso-tjdft-atribuicoes.jpeg\",\"width\":300,\"height\":169},{\"@type\":\"BreadcrumbList\",\"@id\":\"https:\/\/www.estrategiaconcursos.com.br\/blog\/concurso-tjdft-atribuicoes-dos-cargos\/#breadcrumb\",\"itemListElement\":[{\"@type\":\"ListItem\",\"position\":1,\"name\":\"In\u00edcio\",\"item\":\"https:\/\/www.estrategiaconcursos.com.br\/blog\/\"},{\"@type\":\"ListItem\",\"position\":2,\"name\":\"Concurso TJDFT: confira as atribui\u00e7\u00f5es dos cargos\"}]},{\"@type\":\"WebSite\",\"@id\":\"https:\/\/www.estrategiaconcursos.com.br\/blog\/#website\",\"url\":\"https:\/\/www.estrategiaconcursos.com.br\/blog\/\",\"name\":\"Estrat\u00e9gia Concursos\",\"description\":\"O blog da Estrat\u00e9gia Concursos traz not\u00edcias sobre concursos e artigos de professores oferecendo cursos para concursos (pdf + videaulas) no site.\",\"publisher\":{\"@id\":\"https:\/\/www.estrategiaconcursos.com.br\/blog\/#organization\"},\"potentialAction\":[{\"@type\":\"SearchAction\",\"target\":{\"@type\":\"EntryPoint\",\"urlTemplate\":\"https:\/\/www.estrategiaconcursos.com.br\/blog\/?s={search_term_string}\"},\"query-input\":{\"@type\":\"PropertyValueSpecification\",\"valueRequired\":true,\"valueName\":\"search_term_string\"}}],\"inLanguage\":\"pt-BR\"},{\"@type\":\"Organization\",\"@id\":\"https:\/\/www.estrategiaconcursos.com.br\/blog\/#organization\",\"name\":\"Estrat\u00e9gia Concursos\",\"url\":\"https:\/\/www.estrategiaconcursos.com.br\/blog\/\",\"logo\":{\"@type\":\"ImageObject\",\"inLanguage\":\"pt-BR\",\"@id\":\"https:\/\/www.estrategiaconcursos.com.br\/blog\/#\/schema\/logo\/image\/\",\"url\":\"https:\/\/dhg1h5j42swfq.cloudfront.net\/2025\/06\/03203428\/logo_concursos-1.jpg\",\"contentUrl\":\"https:\/\/dhg1h5j42swfq.cloudfront.net\/2025\/06\/03203428\/logo_concursos-1.jpg\",\"width\":230,\"height\":60,\"caption\":\"Estrat\u00e9gia Concursos\"},\"image\":{\"@id\":\"https:\/\/www.estrategiaconcursos.com.br\/blog\/#\/schema\/logo\/image\/\"},\"sameAs\":[\"https:\/\/x.com\/EstratConcursos\"]},{\"@type\":\"Person\",\"@id\":\"https:\/\/www.estrategiaconcursos.com.br\/blog\/#\/schema\/person\/a06e841e501f2e1d8c49c4e8f066bfd1\",\"name\":\"Priscila Almeida\",\"image\":{\"@type\":\"ImageObject\",\"inLanguage\":\"pt-BR\",\"@id\":\"https:\/\/secure.gravatar.com\/avatar\/0a963c9e2a947fa675b669cea2b5d0ba6dd1cbf46b966190343b6c9973ad3337?s=96&d=mm&r=g\",\"url\":\"https:\/\/secure.gravatar.com\/avatar\/0a963c9e2a947fa675b669cea2b5d0ba6dd1cbf46b966190343b6c9973ad3337?s=96&d=mm&r=g\",\"contentUrl\":\"https:\/\/secure.gravatar.com\/avatar\/0a963c9e2a947fa675b669cea2b5d0ba6dd1cbf46b966190343b6c9973ad3337?s=96&d=mm&r=g\",\"caption\":\"Priscila Almeida\"},\"description\":\"Atua na \u00e1rea de concursos p\u00fablicos desde 2019. As editorias que mais t\u00eam familiaridade s\u00e3o: Tribunais (TJs; TRTs; TREs; TSTs; STJ, STF, STM e TSE); Defensorias; Minist\u00e9rios P\u00fablicos; Procuradorias; Educa\u00e7\u00e3o e Conselhos. Na \u00e1rea de comunica\u00e7\u00e3o, de maneira geral, a caminhada \u00e9 um pouco mais longa - desde 2007. Possui experi\u00eancia em reda\u00e7\u00f5es de r\u00e1dio, TV, Web e impresso, al\u00e9m de desenvolver trabalhos em assessorias de comunica\u00e7\u00e3o institucional, empresarial e p\u00fablicas. Entre outros trabalhos, se destacam a atua\u00e7\u00e3o nas \u00e1reas de Justi\u00e7a, Congresso, Esportes, Sa\u00fade, Agropecu\u00e1ria, Cidades e Avia\u00e7\u00e3o Civil.\",\"url\":\"https:\/\/www.estrategiaconcursos.com.br\/blog\/author\/priscila-almeidaestrategia-com\/\"}]}<\/script>\n<!-- \/ Yoast SEO Premium plugin. -->","yoast_head_json":{"title":"Concurso TJDFT: confira as atribui\u00e7\u00f5es dos cargos","description":"Concurso TJDFT: confira as atribui\u00e7\u00f5es dos cargos ofertados no edital TJDFT com a equipe do Estrat\u00e9gia Concursos.","robots":{"index":"index","follow":"follow","max-snippet":"max-snippet:-1","max-image-preview":"max-image-preview:large","max-video-preview":"max-video-preview:-1"},"canonical":"https:\/\/www.estrategiaconcursos.com.br\/blog\/concurso-tjdft-atribuicoes-dos-cargos\/","og_locale":"pt_BR","og_type":"article","og_title":"Concurso TJDFT: confira as atribui\u00e7\u00f5es dos cargos","og_description":"Concurso TJDFT: confira as atribui\u00e7\u00f5es dos cargos ofertados no edital TJDFT com a equipe do Estrat\u00e9gia Concursos.","og_url":"https:\/\/www.estrategiaconcursos.com.br\/blog\/concurso-tjdft-atribuicoes-dos-cargos\/","og_site_name":"Estrat\u00e9gia Concursos","article_published_time":"2022-04-11T11:14:15+00:00","article_modified_time":"2022-04-11T15:28:47+00:00","og_image":[{"width":300,"height":169,"url":"https:\/\/dhg1h5j42swfq.cloudfront.net\/2022\/04\/01115107\/concurso-tjdft-atribuicoes.jpeg","type":"image\/jpeg"}],"author":"Priscila Almeida","twitter_card":"summary_large_image","twitter_creator":"@EstratConcursos","twitter_site":"@EstratConcursos","twitter_misc":{"Escrito por":"Priscila Almeida","Est. tempo de leitura":"5 minutos"},"schema":{"@context":"https:\/\/schema.org","@graph":[{"@type":"NewsArticle","@id":"https:\/\/www.estrategiaconcursos.com.br\/blog\/concurso-tjdft-atribuicoes-dos-cargos\/#article","isPartOf":{"@id":"https:\/\/www.estrategiaconcursos.com.br\/blog\/concurso-tjdft-atribuicoes-dos-cargos\/"},"author":{"name":"Priscila Almeida","@id":"https:\/\/www.estrategiaconcursos.com.br\/blog\/#\/schema\/person\/a06e841e501f2e1d8c49c4e8f066bfd1"},"headline":"Concurso TJDFT: confira as atribui\u00e7\u00f5es dos cargos","datePublished":"2022-04-11T11:14:15+00:00","dateModified":"2022-04-11T15:28:47+00:00","mainEntityOfPage":{"@id":"https:\/\/www.estrategiaconcursos.com.br\/blog\/concurso-tjdft-atribuicoes-dos-cargos\/"},"wordCount":1074,"commentCount":0,"publisher":{"@id":"https:\/\/www.estrategiaconcursos.com.br\/blog\/#organization"},"image":{"@id":"https:\/\/www.estrategiaconcursos.com.br\/blog\/concurso-tjdft-atribuicoes-dos-cargos\/#primaryimage"},"thumbnailUrl":"https:\/\/dhg1h5j42swfq.cloudfront.net\/2022\/04\/01115107\/concurso-tjdft-atribuicoes.jpeg","articleSection":["Tribunais","\u00daltimas not\u00edcias"],"inLanguage":"pt-BR","potentialAction":[{"@type":"CommentAction","name":"Comment","target":["https:\/\/www.estrategiaconcursos.com.br\/blog\/concurso-tjdft-atribuicoes-dos-cargos\/#respond"]}],"copyrightYear":"2022","copyrightHolder":{"@id":"https:\/\/www.estrategiaconcursos.com.br\/blog\/#organization"}},{"@type":"WebPage","@id":"https:\/\/www.estrategiaconcursos.com.br\/blog\/concurso-tjdft-atribuicoes-dos-cargos\/","url":"https:\/\/www.estrategiaconcursos.com.br\/blog\/concurso-tjdft-atribuicoes-dos-cargos\/","name":"Concurso TJDFT: confira as atribui\u00e7\u00f5es dos cargos","isPartOf":{"@id":"https:\/\/www.estrategiaconcursos.com.br\/blog\/#website"},"primaryImageOfPage":{"@id":"https:\/\/www.estrategiaconcursos.com.br\/blog\/concurso-tjdft-atribuicoes-dos-cargos\/#primaryimage"},"image":{"@id":"https:\/\/www.estrategiaconcursos.com.br\/blog\/concurso-tjdft-atribuicoes-dos-cargos\/#primaryimage"},"thumbnailUrl":"https:\/\/dhg1h5j42swfq.cloudfront.net\/2022\/04\/01115107\/concurso-tjdft-atribuicoes.jpeg","datePublished":"2022-04-11T11:14:15+00:00","dateModified":"2022-04-11T15:28:47+00:00","description":"Concurso TJDFT: confira as atribui\u00e7\u00f5es dos cargos ofertados no edital TJDFT com a equipe do Estrat\u00e9gia Concursos.","breadcrumb":{"@id":"https:\/\/www.estrategiaconcursos.com.br\/blog\/concurso-tjdft-atribuicoes-dos-cargos\/#breadcrumb"},"inLanguage":"pt-BR","potentialAction":[{"@type":"ReadAction","target":["https:\/\/www.estrategiaconcursos.com.br\/blog\/concurso-tjdft-atribuicoes-dos-cargos\/"]}]},{"@type":"ImageObject","inLanguage":"pt-BR","@id":"https:\/\/www.estrategiaconcursos.com.br\/blog\/concurso-tjdft-atribuicoes-dos-cargos\/#primaryimage","url":"https:\/\/dhg1h5j42swfq.cloudfront.net\/2022\/04\/01115107\/concurso-tjdft-atribuicoes.jpeg","contentUrl":"https:\/\/dhg1h5j42swfq.cloudfront.net\/2022\/04\/01115107\/concurso-tjdft-atribuicoes.jpeg","width":300,"height":169},{"@type":"BreadcrumbList","@id":"https:\/\/www.estrategiaconcursos.com.br\/blog\/concurso-tjdft-atribuicoes-dos-cargos\/#breadcrumb","itemListElement":[{"@type":"ListItem","position":1,"name":"In\u00edcio","item":"https:\/\/www.estrategiaconcursos.com.br\/blog\/"},{"@type":"ListItem","position":2,"name":"Concurso TJDFT: confira as atribui\u00e7\u00f5es dos cargos"}]},{"@type":"WebSite","@id":"https:\/\/www.estrategiaconcursos.com.br\/blog\/#website","url":"https:\/\/www.estrategiaconcursos.com.br\/blog\/","name":"Estrat\u00e9gia Concursos","description":"O blog da Estrat\u00e9gia Concursos traz not\u00edcias sobre concursos e artigos de professores oferecendo cursos para concursos (pdf + videaulas) no site.","publisher":{"@id":"https:\/\/www.estrategiaconcursos.com.br\/blog\/#organization"},"potentialAction":[{"@type":"SearchAction","target":{"@type":"EntryPoint","urlTemplate":"https:\/\/www.estrategiaconcursos.com.br\/blog\/?s={search_term_string}"},"query-input":{"@type":"PropertyValueSpecification","valueRequired":true,"valueName":"search_term_string"}}],"inLanguage":"pt-BR"},{"@type":"Organization","@id":"https:\/\/www.estrategiaconcursos.com.br\/blog\/#organization","name":"Estrat\u00e9gia Concursos","url":"https:\/\/www.estrategiaconcursos.com.br\/blog\/","logo":{"@type":"ImageObject","inLanguage":"pt-BR","@id":"https:\/\/www.estrategiaconcursos.com.br\/blog\/#\/schema\/logo\/image\/","url":"https:\/\/dhg1h5j42swfq.cloudfront.net\/2025\/06\/03203428\/logo_concursos-1.jpg","contentUrl":"https:\/\/dhg1h5j42swfq.cloudfront.net\/2025\/06\/03203428\/logo_concursos-1.jpg","width":230,"height":60,"caption":"Estrat\u00e9gia Concursos"},"image":{"@id":"https:\/\/www.estrategiaconcursos.com.br\/blog\/#\/schema\/logo\/image\/"},"sameAs":["https:\/\/x.com\/EstratConcursos"]},{"@type":"Person","@id":"https:\/\/www.estrategiaconcursos.com.br\/blog\/#\/schema\/person\/a06e841e501f2e1d8c49c4e8f066bfd1","name":"Priscila Almeida","image":{"@type":"ImageObject","inLanguage":"pt-BR","@id":"https:\/\/secure.gravatar.com\/avatar\/0a963c9e2a947fa675b669cea2b5d0ba6dd1cbf46b966190343b6c9973ad3337?s=96&d=mm&r=g","url":"https:\/\/secure.gravatar.com\/avatar\/0a963c9e2a947fa675b669cea2b5d0ba6dd1cbf46b966190343b6c9973ad3337?s=96&d=mm&r=g","contentUrl":"https:\/\/secure.gravatar.com\/avatar\/0a963c9e2a947fa675b669cea2b5d0ba6dd1cbf46b966190343b6c9973ad3337?s=96&d=mm&r=g","caption":"Priscila Almeida"},"description":"Atua na \u00e1rea de concursos p\u00fablicos desde 2019. As editorias que mais t\u00eam familiaridade s\u00e3o: Tribunais (TJs; TRTs; TREs; TSTs; STJ, STF, STM e TSE); Defensorias; Minist\u00e9rios P\u00fablicos; Procuradorias; Educa\u00e7\u00e3o e Conselhos. Na \u00e1rea de comunica\u00e7\u00e3o, de maneira geral, a caminhada \u00e9 um pouco mais longa - desde 2007. Possui experi\u00eancia em reda\u00e7\u00f5es de r\u00e1dio, TV, Web e impresso, al\u00e9m de desenvolver trabalhos em assessorias de comunica\u00e7\u00e3o institucional, empresarial e p\u00fablicas. Entre outros trabalhos, se destacam a atua\u00e7\u00e3o nas \u00e1reas de Justi\u00e7a, Congresso, Esportes, Sa\u00fade, Agropecu\u00e1ria, Cidades e Avia\u00e7\u00e3o Civil.","url":"https:\/\/www.estrategiaconcursos.com.br\/blog\/author\/priscila-almeidaestrategia-com\/"}]}},"_links":{"self":[{"href":"https:\/\/www.estrategiaconcursos.com.br\/blog\/wp-json\/wp\/v2\/posts\/1005852","targetHints":{"allow":["GET"]}}],"collection":[{"href":"https:\/\/www.estrategiaconcursos.com.br\/blog\/wp-json\/wp\/v2\/posts"}],"about":[{"href":"https:\/\/www.estrategiaconcursos.com.br\/blog\/wp-json\/wp\/v2\/types\/post"}],"author":[{"embeddable":true,"href":"https:\/\/www.estrategiaconcursos.com.br\/blog\/wp-json\/wp\/v2\/users\/2375"}],"replies":[{"embeddable":true,"href":"https:\/\/www.estrategiaconcursos.com.br\/blog\/wp-json\/wp\/v2\/comments?post=1005852"}],"version-history":[{"count":4,"href":"https:\/\/www.estrategiaconcursos.com.br\/blog\/wp-json\/wp\/v2\/posts\/1005852\/revisions"}],"predecessor-version":[{"id":1006174,"href":"https:\/\/www.estrategiaconcursos.com.br\/blog\/wp-json\/wp\/v2\/posts\/1005852\/revisions\/1006174"}],"wp:featuredmedia":[{"embeddable":true,"href":"https:\/\/www.estrategiaconcursos.com.br\/blog\/wp-json\/wp\/v2\/media\/999613"}],"wp:attachment":[{"href":"https:\/\/www.estrategiaconcursos.com.br\/blog\/wp-json\/wp\/v2\/media?parent=1005852"}],"wp:term":[{"taxonomy":"category","embeddable":true,"href":"https:\/\/www.estrategiaconcursos.com.br\/blog\/wp-json\/wp\/v2\/categories?post=1005852"},{"taxonomy":"post_tag","embeddable":true,"href":"https:\/\/www.estrategiaconcursos.com.br\/blog\/wp-json\/wp\/v2\/tags?post=1005852"},{"taxonomy":"tax_estado","embeddable":true,"href":"https:\/\/www.estrategiaconcursos.com.br\/blog\/wp-json\/wp\/v2\/tax_estado?post=1005852"}],"curies":[{"name":"wp","href":"https:\/\/api.w.org\/{rel}","templated":true}]}}