{"id":100583,"date":"2018-03-31T08:00:08","date_gmt":"2018-03-31T11:00:08","guid":{"rendered":"https:\/\/www.estrategiaconcursos.com.br\/blog\/?p=100583"},"modified":"2020-09-22T16:50:18","modified_gmt":"2020-09-22T19:50:18","slug":"concurso-seduc-al","status":"publish","type":"post","link":"https:\/\/www.estrategiaconcursos.com.br\/blog\/concurso-seduc-al\/","title":{"rendered":"SEDUC-AL: Prova \u00e9 amanh\u00e3! Assista a revis\u00e3o de v\u00e9spera gratuitamente"},"content":{"rendered":"\n<p class=\"has-text-align-left\"><span style=\"color: #000000;\">Foi publicado em dezembro o edital para o <em><strong>Concurso Seduc AL<\/strong><\/em> que prev\u00ea o preenchimento de <strong>850 vagas<\/strong> <strong>no cargo de Professor<\/strong> da rede Estadual de Alagoas. A organiza\u00e7\u00e3o do certame ser\u00e1 realizada pelo <strong>Cebraspe<\/strong>.<\/span><\/p>\n\n\n\n<h2 class=\"has-text-align-left wp-block-heading\">Inscri\u00e7\u00f5es<\/h2>\n\n\n\n<p><span style=\"color: #000000;\">As inscri\u00e7\u00f5es poderiam ser realizadas no site da banca, Cebraspe, entre os dias 02&nbsp;de janeiro de 2018 e dia 1\u00ba de fevereiro de 2018 com taxa no valor de R$ 95,00.<\/span><\/p>\n\n\n\n<p><span style=\"color: #000000;\">Foram registradas 14.322 inscri\u00e7\u00f5es, uma concorr\u00eancia de aproximadamente 18 candidatos por vaga.<\/span><\/p>\n\n\n\n<h2 class=\"wp-block-heading\">Revis\u00e3o de V\u00e9spera<\/h2>\n\n\n\n<p>Pensando em te deixar mais tranquilo e preparado para a prova do concurso Seduc AL que acontece amanh\u00e3, o Estrat\u00e9gia Concursos vai realizar hoje, <em><strong>a partir das 8:30h<\/strong><\/em>, um aul\u00e3o de revis\u00e3o de v\u00e9spera.<\/p>\n\n\n\n<p>Nossos professores v\u00e3o trazer as principais mat\u00e9rias, com enfoque no conte\u00fado do edital. N\u00e3o perca a chance de tirar suas \u00faltimas d\u00favidas. Assista no nosso canal do Youtube ou no v\u00eddeo abaixo!<\/p>\n\n\n\n<div class=\"lyte-wrapper\" style=\"width:853px;max-width:100%;margin:5px;\"><div class=\"lyMe\" id=\"WYL_N74c457m6E8\"><div id=\"lyte_N74c457m6E8\" data-src=\"\/\/i.ytimg.com\/vi\/N74c457m6E8\/hqdefault.jpg\" class=\"pL\"><div class=\"tC\"><div class=\"tT\"><\/div><\/div><div class=\"play\"><\/div><div class=\"ctrl\"><div class=\"Lctrl\"><\/div><div class=\"Rctrl\"><\/div><\/div><\/div><noscript><a href=\"https:\/\/youtu.be\/N74c457m6E8\" rel=\"nofollow\"><img loading=\"lazy\" decoding=\"async\" src=\"https:\/\/i.ytimg.com\/vi\/N74c457m6E8\/0.jpg\" alt=\"YouTube video thumbnail\" width=\"853\" height=\"460\" \/><br \/>Assista a este v\u00eddeo no YouTube<\/a><\/noscript><\/div><\/div><div class=\"lL\" style=\"max-width:100%;width:853px;margin:5px;\"><\/div><\/p>\n\n\n\n<p>Confira a programa\u00e7\u00e3o completa da Revis\u00e3o de V\u00e9spera Seduc AL:<\/p>\n\n\n\n<figure class=\"wp-block-image\"><img decoding=\"async\" src=\"https:\/\/dhg1h5j42swfq.cloudfront.net\/2018\/02\/31081639\/revis%C3%A3o.jpg\" alt=\"\" class=\"wp-image-114078\"\/><\/figure>\n\n\n\n<h2 class=\"wp-block-heading\">Os cargos e Sal\u00e1rio<\/h2>\n\n\n\n<p class=\"has-text-align-left\"><span style=\"color: #000000;\">A <strong>remunera\u00e7\u00e3o<\/strong> para todos os cargos \u00e9 de: <strong>R$ 2.195,13<\/strong><\/span><br \/><span style=\"color: #000000;\"><strong> Jornada de Trabalho:<\/strong> 30 horas semanais<\/span><\/p>\n\n\n\n<h2 class=\"has-text-align-left wp-block-heading\"><strong><span style=\"color: #000000;\">Requisitos <\/span><\/strong><\/h2>\n\n\n\n<p class=\"has-text-align-left\"><strong><span style=\"color: #000000;\">Professor de Artes<\/span><\/strong><br \/><span style=\"color: #000000;\"> Requisito: diploma, devidamente registrado, de conclus\u00e3o de curso de n\u00edvel superior de licenciatura plena em Educa\u00e7\u00e3o Art\u00edstica, Artes ou Linguagens Espec\u00edficas,&nbsp;Artes Visuais e Pl\u00e1sticas, Artes C\u00eanicas ou Teatro, M\u00fasica e Dan\u00e7a fornecido por institui\u00e7\u00e3o de ensino superior reconhecida pelo Minist\u00e9rio da Educa\u00e7\u00e3o (MEC).<\/span><\/p>\n\n\n\n<p class=\"has-text-align-left\"><strong><span style=\"color: #000000;\">Professor de Biologia<\/span><\/strong><br \/><span style=\"color: #000000;\"> Requisito: diploma, devidamente registrado, de conclus\u00e3o de curso de n\u00edvel superior de licenciatura plena em Biologia, fornecido por institui\u00e7\u00e3o de ensino superior&nbsp;reconhecida pelo MEC.<\/span><\/p>\n\n\n\n<p class=\"has-text-align-left\"><strong><span style=\"color: #000000;\">Professor de Ci\u00eancias<\/span><\/strong><br \/><span style=\"color: #000000;\"> Requisito: diploma, devidamente registrado, de conclus\u00e3o de curso de n\u00edvel superior de licenciatura plena em Biologia ou Ci\u00eancias, fornecido por institui\u00e7\u00e3o de ensino&nbsp;superior reconhecida pelo MEC.<\/span><\/p>\n\n\n\n<p class=\"has-text-align-left\"><strong><span style=\"color: #000000;\">Professor de Educa\u00e7\u00e3o F\u00edsica<\/span><\/strong><br \/><span style=\"color: #000000;\"> Requisito: diploma, devidamente registrado, de conclus\u00e3o de curso de n\u00edvel superior de licenciatura plena em Educa\u00e7\u00e3o F\u00edsica, fornecido por institui\u00e7\u00e3o de ensino&nbsp;superior reconhecida pelo MEC, e inscri\u00e7\u00e3o no Conselho Regional de Educa\u00e7\u00e3o F\u00edsica (CREF), conforme a Lei n\u00ba 9.696, de 1\u00ba de setembro de 1998.<\/span><\/p>\n\n\n\n<p class=\"has-text-align-left\"><strong><span style=\"color: #000000;\">Professor de Filosofia<\/span><\/strong><br \/><span style=\"color: #000000;\"> Requisito: diploma, devidamente registrado, de conclus\u00e3o de curso de n\u00edvel superior de licenciatura plena em Filosofia, fornecido por institui\u00e7\u00e3o de ensino superior&nbsp;reconhecida pelo MEC.<\/span><\/p>\n\n\n\n<p class=\"has-text-align-left\"><strong><span style=\"color: #000000;\">Professor de F\u00edsica<\/span><\/strong><br \/><span style=\"color: #000000;\"> Requisito: diploma, devidamente registrado, de conclus\u00e3o de curso de n\u00edvel superior de licenciatura plena em F\u00edsica, fornecido por institui\u00e7\u00e3o de ensino superior&nbsp;reconhecida pelo MEC.<\/span><\/p>\n\n\n\n<p class=\"has-text-align-left\"><strong><span style=\"color: #000000;\">Professor de Geografia<\/span><\/strong><br \/><span style=\"color: #000000;\"> Requisito: diploma, devidamente registrado, de conclus\u00e3o de curso de n\u00edvel superior de licenciatura plena em Geografia, fornecido por institui\u00e7\u00e3o de ensino superior&nbsp;reconhecida pelo MEC.<\/span><\/p>\n\n\n\n<p class=\"has-text-align-left\"><strong><span style=\"color: #000000;\">Professor de Hist\u00f3ria<\/span><\/strong><br \/><span style=\"color: #000000;\"> Requisito: diploma, devidamente registrado, de conclus\u00e3o de curso de n\u00edvel superior de licenciatura plena em Hist\u00f3ria, fornecido por institui\u00e7\u00e3o de ensino superior&nbsp;reconhecida pelo MEC.<\/span><\/p>\n\n\n\n<p class=\"has-text-align-left\"><strong><span style=\"color: #000000;\">Professor de Ingl\u00eas<\/span><\/strong><br \/><span style=\"color: #000000;\"> Requisito: diploma, devidamente registrado, de conclus\u00e3o de curso de n\u00edvel superior de licenciatura plena em Letras \u2013 Ingl\u00eas, fornecido por institui\u00e7\u00e3o de ensino&nbsp;superior reconhecida pelo MEC.<\/span><\/p>\n\n\n\n<p class=\"has-text-align-left\"><strong><span style=\"color: #000000;\">Professor de Matem\u00e1tica<\/span><\/strong><br \/><span style=\"color: #000000;\"> Requisito: diploma, devidamente registrado, de conclus\u00e3o de curso de n\u00edvel superior de licenciatura plena em Matem\u00e1tica, fornecido por institui\u00e7\u00e3o de ensino superior&nbsp;reconhecida pelo MEC.<\/span><\/p>\n\n\n\n<p class=\"has-text-align-left\"><strong><span style=\"color: #000000;\">Professor de Portugu\u00eas<\/span><\/strong><br \/><span style=\"color: #000000;\"> Requisito: diploma, devidamente registrado, de conclus\u00e3o de curso de n\u00edvel superior de licenciatura plena em Letras \u2013 Portugu\u00eas, fornecido por institui\u00e7\u00e3o de ensino&nbsp;superior reconhecida pelo MEC.<\/span><\/p>\n\n\n\n<p class=\"has-text-align-left\"><strong><span style=\"color: #000000;\">Professor de Qu\u00edmica<\/span><\/strong><br \/><span style=\"color: #000000;\"> Requisito: diploma, devidamente registrado, de conclus\u00e3o de curso de n\u00edvel superior de licenciatura plena em Qu\u00edmica, fornecido por institui\u00e7\u00e3o de ensino superior&nbsp;reconhecida pelo MEC.<\/span><\/p>\n\n\n\n<p class=\"has-text-align-left\"><strong><span style=\"color: #000000;\">Professor de Sociologia<\/span><\/strong><br \/><span style=\"color: #000000;\"> Requisito: diploma, devidamente registrado, de conclus\u00e3o de curso de n\u00edvel superior de licenciatura plena em Ci\u00eancias Sociais, fornecido por institui\u00e7\u00e3o de ensino&nbsp;superior reconhecida pelo MEC.<\/span><\/p>\n\n\n\n<p class=\"has-text-align-center\"><span style=\"font-size: 18pt; color: #000000;\"><em><strong>An\u00e1lise de Edital &#8211; Dicas para a sua prepara\u00e7\u00e3o<\/strong><\/em><\/span><\/p>\n\n\n\n<div class=\"lyte-wrapper\" style=\"width:853px;max-width:100%;margin:5px;\"><div class=\"lyMe qsa_\\&amp;start\\=445\" id=\"WYL_d6h4xpvAqFE\"><div id=\"lyte_d6h4xpvAqFE\" data-src=\"\/\/i.ytimg.com\/vi\/d6h4xpvAqFE\/hqdefault.jpg\" class=\"pL\"><div class=\"tC\"><div class=\"tT\"><\/div><\/div><div class=\"play\"><\/div><div class=\"ctrl\"><div class=\"Lctrl\"><\/div><div class=\"Rctrl\"><\/div><\/div><\/div><noscript><a href=\"https:\/\/youtu.be\/d6h4xpvAqFE\" rel=\"nofollow\"><img loading=\"lazy\" decoding=\"async\" src=\"https:\/\/i.ytimg.com\/vi\/d6h4xpvAqFE\/0.jpg\" alt=\"YouTube video thumbnail\" width=\"853\" height=\"460\" \/><br \/>Assista a este v\u00eddeo no YouTube<\/a><\/noscript><\/div><\/div><div class=\"lL\" style=\"max-width:100%;width:853px;margin:5px;\"><\/div><\/p>\n\n\n\n<h2 class=\"wp-block-heading\">Das Fases do Concurso Seduc AL<\/h2>\n\n\n\n<p><span style=\"color: #000000;\">O certame compreender\u00e1 as seguintes fases:<\/span><\/p>\n\n\n\n<p><span style=\"color: #000000;\"><strong>a)<\/strong> provas objetivas, de car\u00e1ter eliminat\u00f3rio e classificat\u00f3rio, de responsabilidade do Cebraspe:<\/span><\/p>\n\n\n\n<p><span style=\"color: #000000;\"><em><strong>As provas objetivas ter\u00e3o 3 horas e 30 minutos de dura\u00e7\u00e3o e ser\u00e3o aplicadas no dia 1\u00ba de abril de 2018, no turno da tarde<\/strong><\/em><\/span><\/p>\n\n\n\n<div class=\"wp-block-image\"><figure class=\"aligncenter\"><img loading=\"lazy\" decoding=\"async\" width=\"905\" height=\"101\" src=\"https:\/\/dhg1h5j42swfq.cloudfront.net\/2017\/12\/29070600\/seduc-al.1.jpg\" alt=\"prova concurso seduc al\" class=\"wp-image-100584\" srcset=\"https:\/\/dhg1h5j42swfq.cloudfront.net\/2017\/12\/29070600\/seduc-al.1.jpg 905w, https:\/\/dhg1h5j42swfq.cloudfront.net\/2017\/12\/29070600\/seduc-al.1.jpg 300w, https:\/\/dhg1h5j42swfq.cloudfront.net\/2017\/12\/29070600\/seduc-al.1.jpg 768w, https:\/\/dhg1h5j42swfq.cloudfront.net\/2017\/12\/29070600\/seduc-al.1.jpg 610w\" sizes=\"auto, (max-width: 905px) 100vw, 905px\" \/><\/figure><\/div>\n\n\n\n<p><span style=\"color: #000000;\"><em>*<strong>As provas objetivas, a avalia\u00e7\u00e3o de t\u00edtulos e a per\u00edcia m\u00e9dica dos candidatos que se declararam com defici\u00eancia ser\u00e3o realizadas nas cidades de Arapiraca\/AL e de&nbsp;Macei\u00f3\/AL.<\/strong><\/em><\/span><\/p>\n\n\n\n<p><span style=\"color: #000000;\"><strong>b)<\/strong> avalia\u00e7\u00e3o de t\u00edtulos, de car\u00e1ter classificat\u00f3rio, de responsabilidade da SEDUC\/AL:<\/span><\/p>\n\n\n\n<div class=\"wp-block-image\"><figure class=\"aligncenter\"><img loading=\"lazy\" decoding=\"async\" width=\"902\" height=\"59\" src=\"https:\/\/dhg1h5j42swfq.cloudfront.net\/2017\/12\/29070615\/seduc-al.2.jpg\" alt=\"prova seduc alagoas\" class=\"wp-image-100585\" srcset=\"https:\/\/dhg1h5j42swfq.cloudfront.net\/2017\/12\/29070615\/seduc-al.2.jpg 902w, https:\/\/dhg1h5j42swfq.cloudfront.net\/2017\/12\/29070615\/seduc-al.2.jpg 300w, https:\/\/dhg1h5j42swfq.cloudfront.net\/2017\/12\/29070615\/seduc-al.2.jpg 768w, https:\/\/dhg1h5j42swfq.cloudfront.net\/2017\/12\/29070615\/seduc-al.2.jpg 610w\" sizes=\"auto, (max-width: 902px) 100vw, 902px\" \/><\/figure><\/div>\n\n\n\n<p class=\"has-text-align-center\"><span style=\"color: #000000;\"><strong><em><span style=\"font-size: 14pt;\">Gostou dessa oportunidade? Deseja se preparar para o concurso Seduc AL?<\/span><\/em><\/strong><\/span><br \/><span style=\"color: #000000;\"><strong> <em><span style=\"font-size: 14pt;\">O Estrat\u00e9gia Concurso possui cursos relacionados ao certame. Confira!<\/span><\/em><\/strong><\/span><\/p>\n\n\n\n<p class=\"has-text-align-center\"><strong><span style=\"font-size: 18pt;\"><a href=\"https:\/\/www.estrategiaconcursos.com.br\/cursosPorConcurso\/seduc-al\/\" target=\"_blank\" rel=\"noopener noreferrer\">CURSOS ESTRAT\u00c9GIA CONCURSOS &#8211; SEDUC AL<\/a><\/span><\/strong><\/p>\n\n\n\n<figure class=\"wp-block-image\"><img decoding=\"async\" src=\"https:\/\/www.estrategiaconcursos.com.br\/blog\/wp-content\/uploads\/2017\/01\/coruja-ficha-tecnica-300x102.png\" alt=\"concurso seduc al 2017\"\/><\/figure>\n\n\n\n<p><span style=\"color: #000000;\"><strong>\u2666 Informa\u00e7\u00f5es do concurso Seduc AL<\/strong><\/span><\/p>\n\n\n\n<p><span style=\"color: #000000;\">\u25baData prevista: <strong>01 de abril<\/strong><\/span><br \/><span style=\"color: #000000;\"> \u25baVagas: <strong>previs\u00e3o de 850 vagas<\/strong><\/span><br \/><span style=\"color: #000000;\"> \u25baRemunera\u00e7\u00e3o inicial:&nbsp;<strong>R$ 2.195,13<\/strong><\/span><br \/><span style=\"color: #000000;\"> \u25baBanca: <strong>Cebraspe<\/strong><\/span><br \/><span style=\"color: #000000;\"> \u25baEscolaridade: <strong>Superior nas \u00e1reas espec\u00edficas<\/strong><\/span><br \/>\u25baEdital 2017: <strong><a href=\"http:\/\/www.imprensaoficialal.com.br\/wp-content\/uploads\/2017\/12\/DOEAL-29_12_2017-COMPLETO.pdf\" target=\"_blank\" rel=\"noopener noreferrer\">DOE AL Pag 30<\/a><\/strong><\/p>\n\n\n\n<p><span style=\"color: #000000;\">\u25baCursos Estrat\u00e9gia Concursos:&nbsp;<\/span><a rel=\"noopener noreferrer\" href=\"https:\/\/www.estrategiaconcursos.com.br\/cursosPorConcurso\/seduc-al\/\" target=\"_blank\">Cursos Seduc AL<\/a><\/p>\n","protected":false},"excerpt":{"rendered":"<p>Foi publicado em dezembro o edital para o Concurso Seduc AL que prev\u00ea o preenchimento de 850 vagas no cargo de Professor da rede Estadual de Alagoas. A organiza\u00e7\u00e3o do certame ser\u00e1 realizada pelo Cebraspe. Inscri\u00e7\u00f5es As inscri\u00e7\u00f5es poderiam ser realizadas no site da banca, Cebraspe, entre os dias 02&nbsp;de janeiro de 2018 e dia [&hellip;]<\/p>\n","protected":false},"author":1,"featured_media":114077,"comment_status":"open","ping_status":"closed","sticky":false,"template":"","format":"standard","meta":{"post_tipo":"news","footnotes":""},"categories":[1,3766],"tags":[3247],"tax_estado":[],"class_list":["post-100583","post","type-post","status-publish","format-standard","has-post-thumbnail","hentry","category-cursos-e-concursos","category-educacional","tag-seduc-al"],"acf":[],"yoast_head":"<!-- This site is optimized with the Yoast SEO Premium plugin v27.2 (Yoast SEO v27.2) - https:\/\/yoast.com\/product\/yoast-seo-premium-wordpress\/ -->\n<title>Concurso SEDUC AL: \u00faltimo dia de inscri\u00e7\u00f5es - 850 vagas para Professor<\/title>\n<meta name=\"description\" content=\"Concurso SEDUC AL: S\u00e3o 850 vagas para Professor em toda rede de ensino de Alagoas. Provas no 1\u00ba de abril de 2018. Prepare-se para a prova\u00e7\u00e3o com Estrat\u00e9gia!\" \/>\n<meta name=\"robots\" content=\"index, follow, max-snippet:-1, max-image-preview:large, max-video-preview:-1\" \/>\n<link rel=\"canonical\" href=\"https:\/\/www.estrategiaconcursos.com.br\/blog\/concurso-seduc-al\/\" \/>\n<meta property=\"og:locale\" content=\"pt_BR\" \/>\n<meta property=\"og:type\" content=\"article\" \/>\n<meta property=\"og:title\" content=\"SEDUC-AL: Prova \u00e9 amanh\u00e3! Assista a revis\u00e3o de v\u00e9spera gratuitamente\" \/>\n<meta property=\"og:description\" content=\"Concurso SEDUC AL: S\u00e3o 850 vagas para Professor em toda rede de ensino de Alagoas. Provas no 1\u00ba de abril de 2018. Prepare-se para a prova\u00e7\u00e3o com Estrat\u00e9gia!\" \/>\n<meta property=\"og:url\" content=\"https:\/\/www.estrategiaconcursos.com.br\/blog\/concurso-seduc-al\/\" \/>\n<meta property=\"og:site_name\" content=\"Estrat\u00e9gia Concursos\" \/>\n<meta property=\"article:author\" content=\"https:\/\/www.facebook.com\/EstrategiaConcursos\" \/>\n<meta property=\"article:published_time\" content=\"2018-03-31T11:00:08+00:00\" \/>\n<meta property=\"article:modified_time\" content=\"2020-09-22T19:50:18+00:00\" \/>\n<meta property=\"og:image\" content=\"https:\/\/dhg1h5j42swfq.cloudfront.net\/2018\/02\/31081353\/YTB-SEDUC-AL-1024x576.jpg\" \/>\n\t<meta property=\"og:image:width\" content=\"1024\" \/>\n\t<meta property=\"og:image:height\" content=\"576\" \/>\n\t<meta property=\"og:image:type\" content=\"image\/jpeg\" \/>\n<meta name=\"author\" content=\"Coordena\u00e7\u00e3o\" \/>\n<meta name=\"twitter:card\" content=\"summary_large_image\" \/>\n<meta name=\"twitter:creator\" content=\"@EstratConcursos\" \/>\n<meta name=\"twitter:site\" content=\"@EstratConcursos\" \/>\n<meta name=\"twitter:label1\" content=\"Escrito por\" \/>\n\t<meta name=\"twitter:data1\" content=\"Coordena\u00e7\u00e3o\" \/>\n\t<meta name=\"twitter:label2\" content=\"Est. tempo de leitura\" \/>\n\t<meta name=\"twitter:data2\" content=\"4 minutos\" \/>\n<script type=\"application\/ld+json\" class=\"yoast-schema-graph\">{\"@context\":\"https:\/\/schema.org\",\"@graph\":[{\"@type\":\"NewsArticle\",\"@id\":\"https:\/\/www.estrategiaconcursos.com.br\/blog\/concurso-seduc-al\/#article\",\"isPartOf\":{\"@id\":\"https:\/\/www.estrategiaconcursos.com.br\/blog\/concurso-seduc-al\/\"},\"author\":{\"name\":\"Coordena\u00e7\u00e3o\",\"@id\":\"https:\/\/www.estrategiaconcursos.com.br\/blog\/#\/schema\/person\/b4a388c97673c5f483d72185668afa1f\"},\"headline\":\"SEDUC-AL: Prova \u00e9 amanh\u00e3! Assista a revis\u00e3o de v\u00e9spera gratuitamente\",\"datePublished\":\"2018-03-31T11:00:08+00:00\",\"dateModified\":\"2020-09-22T19:50:18+00:00\",\"mainEntityOfPage\":{\"@id\":\"https:\/\/www.estrategiaconcursos.com.br\/blog\/concurso-seduc-al\/\"},\"wordCount\":875,\"commentCount\":3,\"publisher\":{\"@id\":\"https:\/\/www.estrategiaconcursos.com.br\/blog\/#organization\"},\"image\":{\"@id\":\"https:\/\/www.estrategiaconcursos.com.br\/blog\/concurso-seduc-al\/#primaryimage\"},\"thumbnailUrl\":\"https:\/\/dhg1h5j42swfq.cloudfront.net\/2018\/02\/31081353\/YTB-SEDUC-AL.jpg\",\"keywords\":[\"SEDUC AL\"],\"articleSection\":[\"Concursos P\u00fablicos\",\"Educa\u00e7\u00e3o\"],\"inLanguage\":\"pt-BR\",\"potentialAction\":[{\"@type\":\"CommentAction\",\"name\":\"Comment\",\"target\":[\"https:\/\/www.estrategiaconcursos.com.br\/blog\/concurso-seduc-al\/#respond\"]}],\"copyrightYear\":\"2018\",\"copyrightHolder\":{\"@id\":\"https:\/\/www.estrategiaconcursos.com.br\/blog\/#organization\"}},{\"@type\":\"WebPage\",\"@id\":\"https:\/\/www.estrategiaconcursos.com.br\/blog\/concurso-seduc-al\/\",\"url\":\"https:\/\/www.estrategiaconcursos.com.br\/blog\/concurso-seduc-al\/\",\"name\":\"Concurso SEDUC AL: \u00faltimo dia de inscri\u00e7\u00f5es - 850 vagas para Professor\",\"isPartOf\":{\"@id\":\"https:\/\/www.estrategiaconcursos.com.br\/blog\/#website\"},\"primaryImageOfPage\":{\"@id\":\"https:\/\/www.estrategiaconcursos.com.br\/blog\/concurso-seduc-al\/#primaryimage\"},\"image\":{\"@id\":\"https:\/\/www.estrategiaconcursos.com.br\/blog\/concurso-seduc-al\/#primaryimage\"},\"thumbnailUrl\":\"https:\/\/dhg1h5j42swfq.cloudfront.net\/2018\/02\/31081353\/YTB-SEDUC-AL.jpg\",\"datePublished\":\"2018-03-31T11:00:08+00:00\",\"dateModified\":\"2020-09-22T19:50:18+00:00\",\"description\":\"Concurso SEDUC AL: S\u00e3o 850 vagas para Professor em toda rede de ensino de Alagoas. Provas no 1\u00ba de abril de 2018. Prepare-se para a prova\u00e7\u00e3o com Estrat\u00e9gia!\",\"breadcrumb\":{\"@id\":\"https:\/\/www.estrategiaconcursos.com.br\/blog\/concurso-seduc-al\/#breadcrumb\"},\"inLanguage\":\"pt-BR\",\"potentialAction\":[{\"@type\":\"ReadAction\",\"target\":[\"https:\/\/www.estrategiaconcursos.com.br\/blog\/concurso-seduc-al\/\"]}]},{\"@type\":\"ImageObject\",\"inLanguage\":\"pt-BR\",\"@id\":\"https:\/\/www.estrategiaconcursos.com.br\/blog\/concurso-seduc-al\/#primaryimage\",\"url\":\"https:\/\/dhg1h5j42swfq.cloudfront.net\/2018\/02\/31081353\/YTB-SEDUC-AL.jpg\",\"contentUrl\":\"https:\/\/dhg1h5j42swfq.cloudfront.net\/2018\/02\/31081353\/YTB-SEDUC-AL.jpg\",\"width\":1920,\"height\":1080},{\"@type\":\"BreadcrumbList\",\"@id\":\"https:\/\/www.estrategiaconcursos.com.br\/blog\/concurso-seduc-al\/#breadcrumb\",\"itemListElement\":[{\"@type\":\"ListItem\",\"position\":1,\"name\":\"In\u00edcio\",\"item\":\"https:\/\/www.estrategiaconcursos.com.br\/blog\/\"},{\"@type\":\"ListItem\",\"position\":2,\"name\":\"SEDUC-AL: Prova \u00e9 amanh\u00e3! Assista a revis\u00e3o de v\u00e9spera gratuitamente\"}]},{\"@type\":\"WebSite\",\"@id\":\"https:\/\/www.estrategiaconcursos.com.br\/blog\/#website\",\"url\":\"https:\/\/www.estrategiaconcursos.com.br\/blog\/\",\"name\":\"Estrat\u00e9gia Concursos\",\"description\":\"O blog da Estrat\u00e9gia Concursos traz not\u00edcias sobre concursos e artigos de professores oferecendo cursos para concursos (pdf + videaulas) no site.\",\"publisher\":{\"@id\":\"https:\/\/www.estrategiaconcursos.com.br\/blog\/#organization\"},\"potentialAction\":[{\"@type\":\"SearchAction\",\"target\":{\"@type\":\"EntryPoint\",\"urlTemplate\":\"https:\/\/www.estrategiaconcursos.com.br\/blog\/?s={search_term_string}\"},\"query-input\":{\"@type\":\"PropertyValueSpecification\",\"valueRequired\":true,\"valueName\":\"search_term_string\"}}],\"inLanguage\":\"pt-BR\"},{\"@type\":\"Organization\",\"@id\":\"https:\/\/www.estrategiaconcursos.com.br\/blog\/#organization\",\"name\":\"Estrat\u00e9gia Concursos\",\"url\":\"https:\/\/www.estrategiaconcursos.com.br\/blog\/\",\"logo\":{\"@type\":\"ImageObject\",\"inLanguage\":\"pt-BR\",\"@id\":\"https:\/\/www.estrategiaconcursos.com.br\/blog\/#\/schema\/logo\/image\/\",\"url\":\"https:\/\/dhg1h5j42swfq.cloudfront.net\/2025\/06\/03203428\/logo_concursos-1.jpg\",\"contentUrl\":\"https:\/\/dhg1h5j42swfq.cloudfront.net\/2025\/06\/03203428\/logo_concursos-1.jpg\",\"width\":230,\"height\":60,\"caption\":\"Estrat\u00e9gia Concursos\"},\"image\":{\"@id\":\"https:\/\/www.estrategiaconcursos.com.br\/blog\/#\/schema\/logo\/image\/\"},\"sameAs\":[\"https:\/\/x.com\/EstratConcursos\"]},{\"@type\":\"Person\",\"@id\":\"https:\/\/www.estrategiaconcursos.com.br\/blog\/#\/schema\/person\/b4a388c97673c5f483d72185668afa1f\",\"name\":\"Coordena\u00e7\u00e3o\",\"image\":{\"@type\":\"ImageObject\",\"inLanguage\":\"pt-BR\",\"@id\":\"https:\/\/secure.gravatar.com\/avatar\/b720319e4c9a967eb58678d110f4fe35452fc5d5f97b202bac7b8acceb18c6ad?s=96&d=mm&r=g\",\"url\":\"https:\/\/secure.gravatar.com\/avatar\/b720319e4c9a967eb58678d110f4fe35452fc5d5f97b202bac7b8acceb18c6ad?s=96&d=mm&r=g\",\"contentUrl\":\"https:\/\/secure.gravatar.com\/avatar\/b720319e4c9a967eb58678d110f4fe35452fc5d5f97b202bac7b8acceb18c6ad?s=96&d=mm&r=g\",\"caption\":\"Coordena\u00e7\u00e3o\"},\"sameAs\":[\"https:\/\/www.facebook.com\/EstrategiaConcursos\",\"https:\/\/x.com\/EstratConcursos\"],\"url\":\"https:\/\/www.estrategiaconcursos.com.br\/blog\/author\/estrategia2013\/\"}]}<\/script>\n<!-- \/ Yoast SEO Premium plugin. -->","yoast_head_json":{"title":"Concurso SEDUC AL: \u00faltimo dia de inscri\u00e7\u00f5es - 850 vagas para Professor","description":"Concurso SEDUC AL: S\u00e3o 850 vagas para Professor em toda rede de ensino de Alagoas. Provas no 1\u00ba de abril de 2018. Prepare-se para a prova\u00e7\u00e3o com Estrat\u00e9gia!","robots":{"index":"index","follow":"follow","max-snippet":"max-snippet:-1","max-image-preview":"max-image-preview:large","max-video-preview":"max-video-preview:-1"},"canonical":"https:\/\/www.estrategiaconcursos.com.br\/blog\/concurso-seduc-al\/","og_locale":"pt_BR","og_type":"article","og_title":"SEDUC-AL: Prova \u00e9 amanh\u00e3! Assista a revis\u00e3o de v\u00e9spera gratuitamente","og_description":"Concurso SEDUC AL: S\u00e3o 850 vagas para Professor em toda rede de ensino de Alagoas. Provas no 1\u00ba de abril de 2018. Prepare-se para a prova\u00e7\u00e3o com Estrat\u00e9gia!","og_url":"https:\/\/www.estrategiaconcursos.com.br\/blog\/concurso-seduc-al\/","og_site_name":"Estrat\u00e9gia Concursos","article_author":"https:\/\/www.facebook.com\/EstrategiaConcursos","article_published_time":"2018-03-31T11:00:08+00:00","article_modified_time":"2020-09-22T19:50:18+00:00","og_image":[{"width":1024,"height":576,"url":"https:\/\/dhg1h5j42swfq.cloudfront.net\/2018\/02\/31081353\/YTB-SEDUC-AL-1024x576.jpg","type":"image\/jpeg"}],"author":"Coordena\u00e7\u00e3o","twitter_card":"summary_large_image","twitter_creator":"@EstratConcursos","twitter_site":"@EstratConcursos","twitter_misc":{"Escrito por":"Coordena\u00e7\u00e3o","Est. tempo de leitura":"4 minutos"},"schema":{"@context":"https:\/\/schema.org","@graph":[{"@type":"NewsArticle","@id":"https:\/\/www.estrategiaconcursos.com.br\/blog\/concurso-seduc-al\/#article","isPartOf":{"@id":"https:\/\/www.estrategiaconcursos.com.br\/blog\/concurso-seduc-al\/"},"author":{"name":"Coordena\u00e7\u00e3o","@id":"https:\/\/www.estrategiaconcursos.com.br\/blog\/#\/schema\/person\/b4a388c97673c5f483d72185668afa1f"},"headline":"SEDUC-AL: Prova \u00e9 amanh\u00e3! Assista a revis\u00e3o de v\u00e9spera gratuitamente","datePublished":"2018-03-31T11:00:08+00:00","dateModified":"2020-09-22T19:50:18+00:00","mainEntityOfPage":{"@id":"https:\/\/www.estrategiaconcursos.com.br\/blog\/concurso-seduc-al\/"},"wordCount":875,"commentCount":3,"publisher":{"@id":"https:\/\/www.estrategiaconcursos.com.br\/blog\/#organization"},"image":{"@id":"https:\/\/www.estrategiaconcursos.com.br\/blog\/concurso-seduc-al\/#primaryimage"},"thumbnailUrl":"https:\/\/dhg1h5j42swfq.cloudfront.net\/2018\/02\/31081353\/YTB-SEDUC-AL.jpg","keywords":["SEDUC AL"],"articleSection":["Concursos P\u00fablicos","Educa\u00e7\u00e3o"],"inLanguage":"pt-BR","potentialAction":[{"@type":"CommentAction","name":"Comment","target":["https:\/\/www.estrategiaconcursos.com.br\/blog\/concurso-seduc-al\/#respond"]}],"copyrightYear":"2018","copyrightHolder":{"@id":"https:\/\/www.estrategiaconcursos.com.br\/blog\/#organization"}},{"@type":"WebPage","@id":"https:\/\/www.estrategiaconcursos.com.br\/blog\/concurso-seduc-al\/","url":"https:\/\/www.estrategiaconcursos.com.br\/blog\/concurso-seduc-al\/","name":"Concurso SEDUC AL: \u00faltimo dia de inscri\u00e7\u00f5es - 850 vagas para Professor","isPartOf":{"@id":"https:\/\/www.estrategiaconcursos.com.br\/blog\/#website"},"primaryImageOfPage":{"@id":"https:\/\/www.estrategiaconcursos.com.br\/blog\/concurso-seduc-al\/#primaryimage"},"image":{"@id":"https:\/\/www.estrategiaconcursos.com.br\/blog\/concurso-seduc-al\/#primaryimage"},"thumbnailUrl":"https:\/\/dhg1h5j42swfq.cloudfront.net\/2018\/02\/31081353\/YTB-SEDUC-AL.jpg","datePublished":"2018-03-31T11:00:08+00:00","dateModified":"2020-09-22T19:50:18+00:00","description":"Concurso SEDUC AL: S\u00e3o 850 vagas para Professor em toda rede de ensino de Alagoas. Provas no 1\u00ba de abril de 2018. Prepare-se para a prova\u00e7\u00e3o com Estrat\u00e9gia!","breadcrumb":{"@id":"https:\/\/www.estrategiaconcursos.com.br\/blog\/concurso-seduc-al\/#breadcrumb"},"inLanguage":"pt-BR","potentialAction":[{"@type":"ReadAction","target":["https:\/\/www.estrategiaconcursos.com.br\/blog\/concurso-seduc-al\/"]}]},{"@type":"ImageObject","inLanguage":"pt-BR","@id":"https:\/\/www.estrategiaconcursos.com.br\/blog\/concurso-seduc-al\/#primaryimage","url":"https:\/\/dhg1h5j42swfq.cloudfront.net\/2018\/02\/31081353\/YTB-SEDUC-AL.jpg","contentUrl":"https:\/\/dhg1h5j42swfq.cloudfront.net\/2018\/02\/31081353\/YTB-SEDUC-AL.jpg","width":1920,"height":1080},{"@type":"BreadcrumbList","@id":"https:\/\/www.estrategiaconcursos.com.br\/blog\/concurso-seduc-al\/#breadcrumb","itemListElement":[{"@type":"ListItem","position":1,"name":"In\u00edcio","item":"https:\/\/www.estrategiaconcursos.com.br\/blog\/"},{"@type":"ListItem","position":2,"name":"SEDUC-AL: Prova \u00e9 amanh\u00e3! Assista a revis\u00e3o de v\u00e9spera gratuitamente"}]},{"@type":"WebSite","@id":"https:\/\/www.estrategiaconcursos.com.br\/blog\/#website","url":"https:\/\/www.estrategiaconcursos.com.br\/blog\/","name":"Estrat\u00e9gia Concursos","description":"O blog da Estrat\u00e9gia Concursos traz not\u00edcias sobre concursos e artigos de professores oferecendo cursos para concursos (pdf + videaulas) no site.","publisher":{"@id":"https:\/\/www.estrategiaconcursos.com.br\/blog\/#organization"},"potentialAction":[{"@type":"SearchAction","target":{"@type":"EntryPoint","urlTemplate":"https:\/\/www.estrategiaconcursos.com.br\/blog\/?s={search_term_string}"},"query-input":{"@type":"PropertyValueSpecification","valueRequired":true,"valueName":"search_term_string"}}],"inLanguage":"pt-BR"},{"@type":"Organization","@id":"https:\/\/www.estrategiaconcursos.com.br\/blog\/#organization","name":"Estrat\u00e9gia Concursos","url":"https:\/\/www.estrategiaconcursos.com.br\/blog\/","logo":{"@type":"ImageObject","inLanguage":"pt-BR","@id":"https:\/\/www.estrategiaconcursos.com.br\/blog\/#\/schema\/logo\/image\/","url":"https:\/\/dhg1h5j42swfq.cloudfront.net\/2025\/06\/03203428\/logo_concursos-1.jpg","contentUrl":"https:\/\/dhg1h5j42swfq.cloudfront.net\/2025\/06\/03203428\/logo_concursos-1.jpg","width":230,"height":60,"caption":"Estrat\u00e9gia Concursos"},"image":{"@id":"https:\/\/www.estrategiaconcursos.com.br\/blog\/#\/schema\/logo\/image\/"},"sameAs":["https:\/\/x.com\/EstratConcursos"]},{"@type":"Person","@id":"https:\/\/www.estrategiaconcursos.com.br\/blog\/#\/schema\/person\/b4a388c97673c5f483d72185668afa1f","name":"Coordena\u00e7\u00e3o","image":{"@type":"ImageObject","inLanguage":"pt-BR","@id":"https:\/\/secure.gravatar.com\/avatar\/b720319e4c9a967eb58678d110f4fe35452fc5d5f97b202bac7b8acceb18c6ad?s=96&d=mm&r=g","url":"https:\/\/secure.gravatar.com\/avatar\/b720319e4c9a967eb58678d110f4fe35452fc5d5f97b202bac7b8acceb18c6ad?s=96&d=mm&r=g","contentUrl":"https:\/\/secure.gravatar.com\/avatar\/b720319e4c9a967eb58678d110f4fe35452fc5d5f97b202bac7b8acceb18c6ad?s=96&d=mm&r=g","caption":"Coordena\u00e7\u00e3o"},"sameAs":["https:\/\/www.facebook.com\/EstrategiaConcursos","https:\/\/x.com\/EstratConcursos"],"url":"https:\/\/www.estrategiaconcursos.com.br\/blog\/author\/estrategia2013\/"}]}},"_links":{"self":[{"href":"https:\/\/www.estrategiaconcursos.com.br\/blog\/wp-json\/wp\/v2\/posts\/100583","targetHints":{"allow":["GET"]}}],"collection":[{"href":"https:\/\/www.estrategiaconcursos.com.br\/blog\/wp-json\/wp\/v2\/posts"}],"about":[{"href":"https:\/\/www.estrategiaconcursos.com.br\/blog\/wp-json\/wp\/v2\/types\/post"}],"author":[{"embeddable":true,"href":"https:\/\/www.estrategiaconcursos.com.br\/blog\/wp-json\/wp\/v2\/users\/1"}],"replies":[{"embeddable":true,"href":"https:\/\/www.estrategiaconcursos.com.br\/blog\/wp-json\/wp\/v2\/comments?post=100583"}],"version-history":[{"count":24,"href":"https:\/\/www.estrategiaconcursos.com.br\/blog\/wp-json\/wp\/v2\/posts\/100583\/revisions"}],"predecessor-version":[{"id":576109,"href":"https:\/\/www.estrategiaconcursos.com.br\/blog\/wp-json\/wp\/v2\/posts\/100583\/revisions\/576109"}],"wp:featuredmedia":[{"embeddable":true,"href":"https:\/\/www.estrategiaconcursos.com.br\/blog\/wp-json\/wp\/v2\/media\/114077"}],"wp:attachment":[{"href":"https:\/\/www.estrategiaconcursos.com.br\/blog\/wp-json\/wp\/v2\/media?parent=100583"}],"wp:term":[{"taxonomy":"category","embeddable":true,"href":"https:\/\/www.estrategiaconcursos.com.br\/blog\/wp-json\/wp\/v2\/categories?post=100583"},{"taxonomy":"post_tag","embeddable":true,"href":"https:\/\/www.estrategiaconcursos.com.br\/blog\/wp-json\/wp\/v2\/tags?post=100583"},{"taxonomy":"tax_estado","embeddable":true,"href":"https:\/\/www.estrategiaconcursos.com.br\/blog\/wp-json\/wp\/v2\/tax_estado?post=100583"}],"curies":[{"name":"wp","href":"https:\/\/api.w.org\/{rel}","templated":true}]}}