{"id":1005824,"date":"2022-04-11T05:46:17","date_gmt":"2022-04-11T08:46:17","guid":{"rendered":"https:\/\/www.estrategiaconcursos.com.br\/blog\/?p=1005824"},"modified":"2022-04-11T12:03:40","modified_gmt":"2022-04-11T15:03:40","slug":"concurso-mp-pa-comissao","status":"publish","type":"post","link":"https:\/\/www.estrategiaconcursos.com.br\/blog\/concurso-mp-pa-comissao\/","title":{"rendered":"Concurso MP PA: confira quem faz parte da comiss\u00e3o"},"content":{"rendered":"\n<p>A banca respons\u00e1vel pela organiza\u00e7\u00e3o do <strong>concurso MP PA<\/strong> \u00e9 a empresa Consulplan. E os nomes dos membros da comiss\u00e3o foi divulgado no Di\u00e1rio Oficial do Estado do Par\u00e1 desta segunda-feira (11\/04). Confira:  <\/p>\n\n\n\n<div class=\"wp-block-image\"><figure class=\"aligncenter size-full\"><img loading=\"lazy\" decoding=\"async\" width=\"364\" height=\"262\" src=\"https:\/\/dhg1h5j42swfq.cloudfront.net\/2022\/04\/11053749\/concurso-mp-pa.jpg\" alt=\"\" class=\"wp-image-1005825\" srcset=\"https:\/\/dhg1h5j42swfq.cloudfront.net\/2022\/04\/11053749\/concurso-mp-pa.jpg 364w, https:\/\/dhg1h5j42swfq.cloudfront.net\/2022\/04\/11053749\/concurso-mp-pa-300x216.jpg 300w\" sizes=\"auto, (max-width: 364px) 100vw, 364px\" \/><figcaption>Concurso MP PA: comiss\u00e3o <\/figcaption><\/figure><\/div>\n\n\n\n<p>O novo certame do Minist\u00e9rio P\u00fablico do Par\u00e1 ofertar\u00e1 74 vagas de n\u00edveis m\u00e9dio e superior. O<a href=\"https:\/\/dhg1h5j42swfq.cloudfront.net\/2021\/11\/29112252\/projeto-basico-concurso-mp-pa-atualizado.pdf\" target=\"_blank\" rel=\"noreferrer noopener nofollow\"> <strong>projeto b\u00e1sico<\/strong><\/a><strong> <\/strong>do concurso MP PA j\u00e1 foi publicado. O documento, que funciona como um espelho para o edital, traz a<strong>\u00a0<\/strong>inclus\u00e3o do cargo de t\u00e9cnico em Inform\u00e1tica.<strong>\u00a0<\/strong><\/p>\n\n\n\n<p>Em junho de 2020, o Procurador-Geral, havia desconstitu\u00eddo a comiss\u00e3o do VI concurso MP PA por <strong>rescis\u00e3o unilateral<\/strong> do contrato com o <strong>CETAP<\/strong>, antiga banca organizadora do certame (<a href=\"https:\/\/dhg1h5j42swfq.cloudfront.net\/2020\/06\/24091159\/MPPA-PORTARIA.pdf\" target=\"_blank\" rel=\"noreferrer noopener nofollow\">Baixe aqui a \u00edntegra da portaria<\/a>).<\/p>\n\n\n\n<p>A rescis\u00e3o se deu ap\u00f3s a 2\u00aa Vara Federal C\u00edvel de Bel\u00e9m decretar o bloqueio de cerca de 95% dos ativos da organizadora, em virtude de suspeitas de desvios de recursos p\u00fablicos.<\/p>\n\n\n\n<p>E no dia 11 de abril de 2022, foi divulgado os nomes dos novos membros da comiss\u00e3o do concurso p\u00fablico do MP PA. <\/p>\n\n\n\n<h2 class=\"has-text-align-center has-pale-cyan-blue-background-color has-background has-medium-font-size wp-block-heading\" id=\"saiba-mais-concurso-mp-pa\">Saiba mais: <a href=\"https:\/\/www.estrategiaconcursos.com.br\/blog\/concurso-mp-pa\/\" target=\"_blank\" rel=\"noreferrer noopener\">concurso MP PA<\/a><\/h2>\n\n\n\n<h2 class=\"has-text-align-center wp-block-heading\" id=\"h-quer-saber-tudo-sobre-concursos-previstos-confira-nossos-artigos\">Quer saber tudo sobre concursos previstos?<br \/>Confira nossos artigos!<\/h2>\n\n\n\n<ul class=\"wp-block-list\"><li><a href=\"https:\/\/www.estrategiaconcursos.com.br\/blog\/concursos-abertos\/\" target=\"_blank\" rel=\"noreferrer noopener\">Concursos abertos<\/a><\/li><li><a href=\"https:\/\/www.estrategiaconcursos.com.br\/blog\/concursos-2022\/\" target=\"_blank\" rel=\"noreferrer noopener\">Concursos 2022<\/a><\/li><\/ul>\n\n\n\n<h2 class=\"has-text-align-center wp-block-heading\" id=\"quer-estudar-para-concurso-mppa\"><strong><em>Quer estudar para Concurso MPPA?<\/em><\/strong><\/h2>\n\n\n\n<div class=\"container\" id=\"boxes\">\n  <div class=\"row\">\n\n    <div class=\"col-sm\">\n      <div class=\"banner-tribunal\" id=\"box-assinatura\">\n        <h3 class=\"titulo-assinatura\">Curso MP PA<\/h3>\n        <p class=\"subtitulo-assinatura\">Conhe\u00e7a os cursos<\/p>\n        <div class=\"box-botao\">\n          <a class=\"btn-assinatura\" target=\"_blank\" href=\"https:\/\/www.estrategiaconcursos.com.br\/cursosPorConcurso\/ministerio-publico-do-para-mp-pa\/\" role=\"button\" rel=\"noopener noreferrer\">Conhe\u00e7a mais<\/a>\n        <\/div>\n      <\/div>\n      <p class=\"texto-auxiliar\">Prepare-se com o melhor material e com quem mais aprova em Concursos P\u00fablicos em todo o pa\u00eds.<\/p>\n    <\/div>\n\n  <\/div>\n<\/div>\n\n\n","protected":false},"excerpt":{"rendered":"<p>A banca respons\u00e1vel pela organiza\u00e7\u00e3o do concurso MP PA \u00e9 a empresa Consulplan. E os nomes dos membros da comiss\u00e3o foi divulgado no Di\u00e1rio Oficial do Estado do Par\u00e1 desta segunda-feira (11\/04). Confira: O novo certame do Minist\u00e9rio P\u00fablico do Par\u00e1 ofertar\u00e1 74 vagas de n\u00edveis m\u00e9dio e superior. O projeto b\u00e1sico do concurso MP [&hellip;]<\/p>\n","protected":false},"author":2375,"featured_media":602749,"comment_status":"open","ping_status":"closed","sticky":false,"template":"","format":"standard","meta":{"post_tipo":"news","footnotes":""},"categories":[1984,220219],"tags":[],"tax_estado":[219977],"class_list":["post-1005824","post","type-post","status-publish","format-standard","has-post-thumbnail","hentry","category-tribunais","category-noticias","tax_estado-pa"],"acf":[],"yoast_head":"<!-- This site is optimized with the Yoast SEO Premium plugin v27.2 (Yoast SEO v27.2) - https:\/\/yoast.com\/product\/yoast-seo-premium-wordpress\/ -->\n<title>Concurso MP PA: confira quem faz parte da comiss\u00e3o<\/title>\n<meta name=\"description\" content=\"Concurso MP PA: confira quem faz parte da comiss\u00e3o respons\u00e1vel pela escolha da banca organizadora do certame do Minist\u00e9rio P\u00fablico do Par\u00e1.\" \/>\n<meta name=\"robots\" content=\"index, follow, max-snippet:-1, max-image-preview:large, max-video-preview:-1\" \/>\n<link rel=\"canonical\" href=\"https:\/\/www.estrategiaconcursos.com.br\/blog\/concurso-mp-pa-comissao\/\" \/>\n<meta property=\"og:locale\" content=\"pt_BR\" \/>\n<meta property=\"og:type\" content=\"article\" \/>\n<meta property=\"og:title\" content=\"Concurso MP PA: confira quem faz parte da comiss\u00e3o\" \/>\n<meta property=\"og:description\" content=\"Concurso MP PA: confira quem faz parte da comiss\u00e3o respons\u00e1vel pela escolha da banca organizadora do certame do Minist\u00e9rio P\u00fablico do Par\u00e1.\" \/>\n<meta property=\"og:url\" content=\"https:\/\/www.estrategiaconcursos.com.br\/blog\/concurso-mp-pa-comissao\/\" \/>\n<meta property=\"og:site_name\" content=\"Estrat\u00e9gia Concursos\" \/>\n<meta property=\"article:published_time\" content=\"2022-04-11T08:46:17+00:00\" \/>\n<meta property=\"article:modified_time\" content=\"2022-04-11T15:03:40+00:00\" \/>\n<meta property=\"og:image\" content=\"https:\/\/dhg1h5j42swfq.cloudfront.net\/2020\/11\/06163534\/jornalismo-MP-PA-150x150-1.jpg\" \/>\n\t<meta property=\"og:image:width\" content=\"150\" \/>\n\t<meta property=\"og:image:height\" content=\"150\" \/>\n\t<meta property=\"og:image:type\" content=\"image\/jpeg\" \/>\n<meta name=\"author\" content=\"Priscila Almeida\" \/>\n<meta name=\"twitter:card\" content=\"summary_large_image\" \/>\n<meta name=\"twitter:creator\" content=\"@EstratConcursos\" \/>\n<meta name=\"twitter:site\" content=\"@EstratConcursos\" \/>\n<meta name=\"twitter:label1\" content=\"Escrito por\" \/>\n\t<meta name=\"twitter:data1\" content=\"Priscila Almeida\" \/>\n\t<meta name=\"twitter:label2\" content=\"Est. tempo de leitura\" \/>\n\t<meta name=\"twitter:data2\" content=\"2 minutos\" \/>\n<script type=\"application\/ld+json\" class=\"yoast-schema-graph\">{\"@context\":\"https:\/\/schema.org\",\"@graph\":[{\"@type\":\"NewsArticle\",\"@id\":\"https:\/\/www.estrategiaconcursos.com.br\/blog\/concurso-mp-pa-comissao\/#article\",\"isPartOf\":{\"@id\":\"https:\/\/www.estrategiaconcursos.com.br\/blog\/concurso-mp-pa-comissao\/\"},\"author\":{\"name\":\"Priscila Almeida\",\"@id\":\"https:\/\/www.estrategiaconcursos.com.br\/blog\/#\/schema\/person\/a06e841e501f2e1d8c49c4e8f066bfd1\"},\"headline\":\"Concurso MP PA: confira quem faz parte da comiss\u00e3o\",\"datePublished\":\"2022-04-11T08:46:17+00:00\",\"dateModified\":\"2022-04-11T15:03:40+00:00\",\"mainEntityOfPage\":{\"@id\":\"https:\/\/www.estrategiaconcursos.com.br\/blog\/concurso-mp-pa-comissao\/\"},\"wordCount\":247,\"commentCount\":0,\"publisher\":{\"@id\":\"https:\/\/www.estrategiaconcursos.com.br\/blog\/#organization\"},\"image\":{\"@id\":\"https:\/\/www.estrategiaconcursos.com.br\/blog\/concurso-mp-pa-comissao\/#primaryimage\"},\"thumbnailUrl\":\"https:\/\/dhg1h5j42swfq.cloudfront.net\/2020\/11\/06163534\/jornalismo-MP-PA-150x150-1.jpg\",\"articleSection\":[\"Tribunais\",\"\u00daltimas not\u00edcias\"],\"inLanguage\":\"pt-BR\",\"potentialAction\":[{\"@type\":\"CommentAction\",\"name\":\"Comment\",\"target\":[\"https:\/\/www.estrategiaconcursos.com.br\/blog\/concurso-mp-pa-comissao\/#respond\"]}],\"copyrightYear\":\"2022\",\"copyrightHolder\":{\"@id\":\"https:\/\/www.estrategiaconcursos.com.br\/blog\/#organization\"}},{\"@type\":\"WebPage\",\"@id\":\"https:\/\/www.estrategiaconcursos.com.br\/blog\/concurso-mp-pa-comissao\/\",\"url\":\"https:\/\/www.estrategiaconcursos.com.br\/blog\/concurso-mp-pa-comissao\/\",\"name\":\"Concurso MP PA: confira quem faz parte da comiss\u00e3o\",\"isPartOf\":{\"@id\":\"https:\/\/www.estrategiaconcursos.com.br\/blog\/#website\"},\"primaryImageOfPage\":{\"@id\":\"https:\/\/www.estrategiaconcursos.com.br\/blog\/concurso-mp-pa-comissao\/#primaryimage\"},\"image\":{\"@id\":\"https:\/\/www.estrategiaconcursos.com.br\/blog\/concurso-mp-pa-comissao\/#primaryimage\"},\"thumbnailUrl\":\"https:\/\/dhg1h5j42swfq.cloudfront.net\/2020\/11\/06163534\/jornalismo-MP-PA-150x150-1.jpg\",\"datePublished\":\"2022-04-11T08:46:17+00:00\",\"dateModified\":\"2022-04-11T15:03:40+00:00\",\"description\":\"Concurso MP PA: confira quem faz parte da comiss\u00e3o respons\u00e1vel pela escolha da banca organizadora do certame do Minist\u00e9rio P\u00fablico do Par\u00e1.\",\"breadcrumb\":{\"@id\":\"https:\/\/www.estrategiaconcursos.com.br\/blog\/concurso-mp-pa-comissao\/#breadcrumb\"},\"inLanguage\":\"pt-BR\",\"potentialAction\":[{\"@type\":\"ReadAction\",\"target\":[\"https:\/\/www.estrategiaconcursos.com.br\/blog\/concurso-mp-pa-comissao\/\"]}]},{\"@type\":\"ImageObject\",\"inLanguage\":\"pt-BR\",\"@id\":\"https:\/\/www.estrategiaconcursos.com.br\/blog\/concurso-mp-pa-comissao\/#primaryimage\",\"url\":\"https:\/\/dhg1h5j42swfq.cloudfront.net\/2020\/11\/06163534\/jornalismo-MP-PA-150x150-1.jpg\",\"contentUrl\":\"https:\/\/dhg1h5j42swfq.cloudfront.net\/2020\/11\/06163534\/jornalismo-MP-PA-150x150-1.jpg\",\"width\":150,\"height\":150,\"caption\":\"concurso MP PA\"},{\"@type\":\"BreadcrumbList\",\"@id\":\"https:\/\/www.estrategiaconcursos.com.br\/blog\/concurso-mp-pa-comissao\/#breadcrumb\",\"itemListElement\":[{\"@type\":\"ListItem\",\"position\":1,\"name\":\"In\u00edcio\",\"item\":\"https:\/\/www.estrategiaconcursos.com.br\/blog\/\"},{\"@type\":\"ListItem\",\"position\":2,\"name\":\"Concurso MP PA: confira quem faz parte da comiss\u00e3o\"}]},{\"@type\":\"WebSite\",\"@id\":\"https:\/\/www.estrategiaconcursos.com.br\/blog\/#website\",\"url\":\"https:\/\/www.estrategiaconcursos.com.br\/blog\/\",\"name\":\"Estrat\u00e9gia Concursos\",\"description\":\"O blog da Estrat\u00e9gia Concursos traz not\u00edcias sobre concursos e artigos de professores oferecendo cursos para concursos (pdf + videaulas) no site.\",\"publisher\":{\"@id\":\"https:\/\/www.estrategiaconcursos.com.br\/blog\/#organization\"},\"potentialAction\":[{\"@type\":\"SearchAction\",\"target\":{\"@type\":\"EntryPoint\",\"urlTemplate\":\"https:\/\/www.estrategiaconcursos.com.br\/blog\/?s={search_term_string}\"},\"query-input\":{\"@type\":\"PropertyValueSpecification\",\"valueRequired\":true,\"valueName\":\"search_term_string\"}}],\"inLanguage\":\"pt-BR\"},{\"@type\":\"Organization\",\"@id\":\"https:\/\/www.estrategiaconcursos.com.br\/blog\/#organization\",\"name\":\"Estrat\u00e9gia Concursos\",\"url\":\"https:\/\/www.estrategiaconcursos.com.br\/blog\/\",\"logo\":{\"@type\":\"ImageObject\",\"inLanguage\":\"pt-BR\",\"@id\":\"https:\/\/www.estrategiaconcursos.com.br\/blog\/#\/schema\/logo\/image\/\",\"url\":\"https:\/\/dhg1h5j42swfq.cloudfront.net\/2025\/06\/03203428\/logo_concursos-1.jpg\",\"contentUrl\":\"https:\/\/dhg1h5j42swfq.cloudfront.net\/2025\/06\/03203428\/logo_concursos-1.jpg\",\"width\":230,\"height\":60,\"caption\":\"Estrat\u00e9gia Concursos\"},\"image\":{\"@id\":\"https:\/\/www.estrategiaconcursos.com.br\/blog\/#\/schema\/logo\/image\/\"},\"sameAs\":[\"https:\/\/x.com\/EstratConcursos\"]},{\"@type\":\"Person\",\"@id\":\"https:\/\/www.estrategiaconcursos.com.br\/blog\/#\/schema\/person\/a06e841e501f2e1d8c49c4e8f066bfd1\",\"name\":\"Priscila Almeida\",\"image\":{\"@type\":\"ImageObject\",\"inLanguage\":\"pt-BR\",\"@id\":\"https:\/\/secure.gravatar.com\/avatar\/0a963c9e2a947fa675b669cea2b5d0ba6dd1cbf46b966190343b6c9973ad3337?s=96&d=mm&r=g\",\"url\":\"https:\/\/secure.gravatar.com\/avatar\/0a963c9e2a947fa675b669cea2b5d0ba6dd1cbf46b966190343b6c9973ad3337?s=96&d=mm&r=g\",\"contentUrl\":\"https:\/\/secure.gravatar.com\/avatar\/0a963c9e2a947fa675b669cea2b5d0ba6dd1cbf46b966190343b6c9973ad3337?s=96&d=mm&r=g\",\"caption\":\"Priscila Almeida\"},\"description\":\"Atua na \u00e1rea de concursos p\u00fablicos desde 2019. As editorias que mais t\u00eam familiaridade s\u00e3o: Tribunais (TJs; TRTs; TREs; TSTs; STJ, STF, STM e TSE); Defensorias; Minist\u00e9rios P\u00fablicos; Procuradorias; Educa\u00e7\u00e3o e Conselhos. Na \u00e1rea de comunica\u00e7\u00e3o, de maneira geral, a caminhada \u00e9 um pouco mais longa - desde 2007. Possui experi\u00eancia em reda\u00e7\u00f5es de r\u00e1dio, TV, Web e impresso, al\u00e9m de desenvolver trabalhos em assessorias de comunica\u00e7\u00e3o institucional, empresarial e p\u00fablicas. Entre outros trabalhos, se destacam a atua\u00e7\u00e3o nas \u00e1reas de Justi\u00e7a, Congresso, Esportes, Sa\u00fade, Agropecu\u00e1ria, Cidades e Avia\u00e7\u00e3o Civil.\",\"url\":\"https:\/\/www.estrategiaconcursos.com.br\/blog\/author\/priscila-almeidaestrategia-com\/\"}]}<\/script>\n<!-- \/ Yoast SEO Premium plugin. -->","yoast_head_json":{"title":"Concurso MP PA: confira quem faz parte da comiss\u00e3o","description":"Concurso MP PA: confira quem faz parte da comiss\u00e3o respons\u00e1vel pela escolha da banca organizadora do certame do Minist\u00e9rio P\u00fablico do Par\u00e1.","robots":{"index":"index","follow":"follow","max-snippet":"max-snippet:-1","max-image-preview":"max-image-preview:large","max-video-preview":"max-video-preview:-1"},"canonical":"https:\/\/www.estrategiaconcursos.com.br\/blog\/concurso-mp-pa-comissao\/","og_locale":"pt_BR","og_type":"article","og_title":"Concurso MP PA: confira quem faz parte da comiss\u00e3o","og_description":"Concurso MP PA: confira quem faz parte da comiss\u00e3o respons\u00e1vel pela escolha da banca organizadora do certame do Minist\u00e9rio P\u00fablico do Par\u00e1.","og_url":"https:\/\/www.estrategiaconcursos.com.br\/blog\/concurso-mp-pa-comissao\/","og_site_name":"Estrat\u00e9gia Concursos","article_published_time":"2022-04-11T08:46:17+00:00","article_modified_time":"2022-04-11T15:03:40+00:00","og_image":[{"width":150,"height":150,"url":"https:\/\/dhg1h5j42swfq.cloudfront.net\/2020\/11\/06163534\/jornalismo-MP-PA-150x150-1.jpg","type":"image\/jpeg"}],"author":"Priscila Almeida","twitter_card":"summary_large_image","twitter_creator":"@EstratConcursos","twitter_site":"@EstratConcursos","twitter_misc":{"Escrito por":"Priscila Almeida","Est. tempo de leitura":"2 minutos"},"schema":{"@context":"https:\/\/schema.org","@graph":[{"@type":"NewsArticle","@id":"https:\/\/www.estrategiaconcursos.com.br\/blog\/concurso-mp-pa-comissao\/#article","isPartOf":{"@id":"https:\/\/www.estrategiaconcursos.com.br\/blog\/concurso-mp-pa-comissao\/"},"author":{"name":"Priscila Almeida","@id":"https:\/\/www.estrategiaconcursos.com.br\/blog\/#\/schema\/person\/a06e841e501f2e1d8c49c4e8f066bfd1"},"headline":"Concurso MP PA: confira quem faz parte da comiss\u00e3o","datePublished":"2022-04-11T08:46:17+00:00","dateModified":"2022-04-11T15:03:40+00:00","mainEntityOfPage":{"@id":"https:\/\/www.estrategiaconcursos.com.br\/blog\/concurso-mp-pa-comissao\/"},"wordCount":247,"commentCount":0,"publisher":{"@id":"https:\/\/www.estrategiaconcursos.com.br\/blog\/#organization"},"image":{"@id":"https:\/\/www.estrategiaconcursos.com.br\/blog\/concurso-mp-pa-comissao\/#primaryimage"},"thumbnailUrl":"https:\/\/dhg1h5j42swfq.cloudfront.net\/2020\/11\/06163534\/jornalismo-MP-PA-150x150-1.jpg","articleSection":["Tribunais","\u00daltimas not\u00edcias"],"inLanguage":"pt-BR","potentialAction":[{"@type":"CommentAction","name":"Comment","target":["https:\/\/www.estrategiaconcursos.com.br\/blog\/concurso-mp-pa-comissao\/#respond"]}],"copyrightYear":"2022","copyrightHolder":{"@id":"https:\/\/www.estrategiaconcursos.com.br\/blog\/#organization"}},{"@type":"WebPage","@id":"https:\/\/www.estrategiaconcursos.com.br\/blog\/concurso-mp-pa-comissao\/","url":"https:\/\/www.estrategiaconcursos.com.br\/blog\/concurso-mp-pa-comissao\/","name":"Concurso MP PA: confira quem faz parte da comiss\u00e3o","isPartOf":{"@id":"https:\/\/www.estrategiaconcursos.com.br\/blog\/#website"},"primaryImageOfPage":{"@id":"https:\/\/www.estrategiaconcursos.com.br\/blog\/concurso-mp-pa-comissao\/#primaryimage"},"image":{"@id":"https:\/\/www.estrategiaconcursos.com.br\/blog\/concurso-mp-pa-comissao\/#primaryimage"},"thumbnailUrl":"https:\/\/dhg1h5j42swfq.cloudfront.net\/2020\/11\/06163534\/jornalismo-MP-PA-150x150-1.jpg","datePublished":"2022-04-11T08:46:17+00:00","dateModified":"2022-04-11T15:03:40+00:00","description":"Concurso MP PA: confira quem faz parte da comiss\u00e3o respons\u00e1vel pela escolha da banca organizadora do certame do Minist\u00e9rio P\u00fablico do Par\u00e1.","breadcrumb":{"@id":"https:\/\/www.estrategiaconcursos.com.br\/blog\/concurso-mp-pa-comissao\/#breadcrumb"},"inLanguage":"pt-BR","potentialAction":[{"@type":"ReadAction","target":["https:\/\/www.estrategiaconcursos.com.br\/blog\/concurso-mp-pa-comissao\/"]}]},{"@type":"ImageObject","inLanguage":"pt-BR","@id":"https:\/\/www.estrategiaconcursos.com.br\/blog\/concurso-mp-pa-comissao\/#primaryimage","url":"https:\/\/dhg1h5j42swfq.cloudfront.net\/2020\/11\/06163534\/jornalismo-MP-PA-150x150-1.jpg","contentUrl":"https:\/\/dhg1h5j42swfq.cloudfront.net\/2020\/11\/06163534\/jornalismo-MP-PA-150x150-1.jpg","width":150,"height":150,"caption":"concurso MP PA"},{"@type":"BreadcrumbList","@id":"https:\/\/www.estrategiaconcursos.com.br\/blog\/concurso-mp-pa-comissao\/#breadcrumb","itemListElement":[{"@type":"ListItem","position":1,"name":"In\u00edcio","item":"https:\/\/www.estrategiaconcursos.com.br\/blog\/"},{"@type":"ListItem","position":2,"name":"Concurso MP PA: confira quem faz parte da comiss\u00e3o"}]},{"@type":"WebSite","@id":"https:\/\/www.estrategiaconcursos.com.br\/blog\/#website","url":"https:\/\/www.estrategiaconcursos.com.br\/blog\/","name":"Estrat\u00e9gia Concursos","description":"O blog da Estrat\u00e9gia Concursos traz not\u00edcias sobre concursos e artigos de professores oferecendo cursos para concursos (pdf + videaulas) no site.","publisher":{"@id":"https:\/\/www.estrategiaconcursos.com.br\/blog\/#organization"},"potentialAction":[{"@type":"SearchAction","target":{"@type":"EntryPoint","urlTemplate":"https:\/\/www.estrategiaconcursos.com.br\/blog\/?s={search_term_string}"},"query-input":{"@type":"PropertyValueSpecification","valueRequired":true,"valueName":"search_term_string"}}],"inLanguage":"pt-BR"},{"@type":"Organization","@id":"https:\/\/www.estrategiaconcursos.com.br\/blog\/#organization","name":"Estrat\u00e9gia Concursos","url":"https:\/\/www.estrategiaconcursos.com.br\/blog\/","logo":{"@type":"ImageObject","inLanguage":"pt-BR","@id":"https:\/\/www.estrategiaconcursos.com.br\/blog\/#\/schema\/logo\/image\/","url":"https:\/\/dhg1h5j42swfq.cloudfront.net\/2025\/06\/03203428\/logo_concursos-1.jpg","contentUrl":"https:\/\/dhg1h5j42swfq.cloudfront.net\/2025\/06\/03203428\/logo_concursos-1.jpg","width":230,"height":60,"caption":"Estrat\u00e9gia Concursos"},"image":{"@id":"https:\/\/www.estrategiaconcursos.com.br\/blog\/#\/schema\/logo\/image\/"},"sameAs":["https:\/\/x.com\/EstratConcursos"]},{"@type":"Person","@id":"https:\/\/www.estrategiaconcursos.com.br\/blog\/#\/schema\/person\/a06e841e501f2e1d8c49c4e8f066bfd1","name":"Priscila Almeida","image":{"@type":"ImageObject","inLanguage":"pt-BR","@id":"https:\/\/secure.gravatar.com\/avatar\/0a963c9e2a947fa675b669cea2b5d0ba6dd1cbf46b966190343b6c9973ad3337?s=96&d=mm&r=g","url":"https:\/\/secure.gravatar.com\/avatar\/0a963c9e2a947fa675b669cea2b5d0ba6dd1cbf46b966190343b6c9973ad3337?s=96&d=mm&r=g","contentUrl":"https:\/\/secure.gravatar.com\/avatar\/0a963c9e2a947fa675b669cea2b5d0ba6dd1cbf46b966190343b6c9973ad3337?s=96&d=mm&r=g","caption":"Priscila Almeida"},"description":"Atua na \u00e1rea de concursos p\u00fablicos desde 2019. As editorias que mais t\u00eam familiaridade s\u00e3o: Tribunais (TJs; TRTs; TREs; TSTs; STJ, STF, STM e TSE); Defensorias; Minist\u00e9rios P\u00fablicos; Procuradorias; Educa\u00e7\u00e3o e Conselhos. Na \u00e1rea de comunica\u00e7\u00e3o, de maneira geral, a caminhada \u00e9 um pouco mais longa - desde 2007. Possui experi\u00eancia em reda\u00e7\u00f5es de r\u00e1dio, TV, Web e impresso, al\u00e9m de desenvolver trabalhos em assessorias de comunica\u00e7\u00e3o institucional, empresarial e p\u00fablicas. Entre outros trabalhos, se destacam a atua\u00e7\u00e3o nas \u00e1reas de Justi\u00e7a, Congresso, Esportes, Sa\u00fade, Agropecu\u00e1ria, Cidades e Avia\u00e7\u00e3o Civil.","url":"https:\/\/www.estrategiaconcursos.com.br\/blog\/author\/priscila-almeidaestrategia-com\/"}]}},"_links":{"self":[{"href":"https:\/\/www.estrategiaconcursos.com.br\/blog\/wp-json\/wp\/v2\/posts\/1005824","targetHints":{"allow":["GET"]}}],"collection":[{"href":"https:\/\/www.estrategiaconcursos.com.br\/blog\/wp-json\/wp\/v2\/posts"}],"about":[{"href":"https:\/\/www.estrategiaconcursos.com.br\/blog\/wp-json\/wp\/v2\/types\/post"}],"author":[{"embeddable":true,"href":"https:\/\/www.estrategiaconcursos.com.br\/blog\/wp-json\/wp\/v2\/users\/2375"}],"replies":[{"embeddable":true,"href":"https:\/\/www.estrategiaconcursos.com.br\/blog\/wp-json\/wp\/v2\/comments?post=1005824"}],"version-history":[{"count":8,"href":"https:\/\/www.estrategiaconcursos.com.br\/blog\/wp-json\/wp\/v2\/posts\/1005824\/revisions"}],"predecessor-version":[{"id":1006142,"href":"https:\/\/www.estrategiaconcursos.com.br\/blog\/wp-json\/wp\/v2\/posts\/1005824\/revisions\/1006142"}],"wp:featuredmedia":[{"embeddable":true,"href":"https:\/\/www.estrategiaconcursos.com.br\/blog\/wp-json\/wp\/v2\/media\/602749"}],"wp:attachment":[{"href":"https:\/\/www.estrategiaconcursos.com.br\/blog\/wp-json\/wp\/v2\/media?parent=1005824"}],"wp:term":[{"taxonomy":"category","embeddable":true,"href":"https:\/\/www.estrategiaconcursos.com.br\/blog\/wp-json\/wp\/v2\/categories?post=1005824"},{"taxonomy":"post_tag","embeddable":true,"href":"https:\/\/www.estrategiaconcursos.com.br\/blog\/wp-json\/wp\/v2\/tags?post=1005824"},{"taxonomy":"tax_estado","embeddable":true,"href":"https:\/\/www.estrategiaconcursos.com.br\/blog\/wp-json\/wp\/v2\/tax_estado?post=1005824"}],"curies":[{"name":"wp","href":"https:\/\/api.w.org\/{rel}","templated":true}]}}