{"id":1003821,"date":"2022-04-07T09:23:04","date_gmt":"2022-04-07T12:23:04","guid":{"rendered":"https:\/\/www.estrategiaconcursos.com.br\/blog\/?p=1003821"},"modified":"2022-04-08T13:54:49","modified_gmt":"2022-04-08T16:54:49","slug":"concurso-seduc-to-comissao-formada","status":"publish","type":"post","link":"https:\/\/www.estrategiaconcursos.com.br\/blog\/concurso-seduc-to-comissao-formada\/","title":{"rendered":"Concurso SEDUC TO: comiss\u00e3o formada"},"content":{"rendered":"\n<p>Foi formada a comiss\u00e3o organizadora que ficar\u00e1 respons\u00e1vel  pelas provid\u00eancias necess\u00e1rias para a realiza\u00e7\u00e3o do <strong>concurso SEDUC TO<\/strong>. O grupo ter\u00e1 o prazo de\u00a060 dias para concluir os trabalhos.<\/p>\n\n\n\n<p>O novo concurso p\u00fablico da Secretaria de Educa\u00e7\u00e3o do Tocantins vai selecionar professores para a educa\u00e7\u00e3o b\u00e1sica. <\/p>\n\n\n\n<p>Confira a rela\u00e7\u00e3o dos servidores designados para a comiss\u00e3o do concurso SEDUC TO:<\/p>\n\n\n\n<h2 class=\"wp-block-heading\" id=\"comissao-concurso-seduc-to\">Comiss\u00e3o concurso SEDUC TO<\/h2>\n\n\n\n<figure class=\"wp-block-image size-large\"><img loading=\"lazy\" decoding=\"async\" width=\"799\" height=\"1024\" src=\"https:\/\/dhg1h5j42swfq.cloudfront.net\/2022\/04\/07090509\/captura-de-tela-2022-04-07-as-08-48-27-799x1024.png\" alt=\"concurso seduc to - comiss\u00e3o formada \" class=\"wp-image-1003832\" srcset=\"https:\/\/dhg1h5j42swfq.cloudfront.net\/2022\/04\/07090509\/captura-de-tela-2022-04-07-as-08-48-27-799x1024.png 799w, https:\/\/dhg1h5j42swfq.cloudfront.net\/2022\/04\/07090509\/captura-de-tela-2022-04-07-as-08-48-27-234x300.png 234w, https:\/\/dhg1h5j42swfq.cloudfront.net\/2022\/04\/07090509\/captura-de-tela-2022-04-07-as-08-48-27-768x984.png 768w, https:\/\/dhg1h5j42swfq.cloudfront.net\/2022\/04\/07090509\/captura-de-tela-2022-04-07-as-08-48-27-610x782.png 610w, https:\/\/dhg1h5j42swfq.cloudfront.net\/2022\/04\/07090509\/captura-de-tela-2022-04-07-as-08-48-27.png 1022w\" sizes=\"auto, (max-width: 799px) 100vw, 799px\" \/><figcaption>Concurso SEDUC TO: comiss\u00e3o formada <\/figcaption><\/figure>\n\n\n\n<h2 class=\"wp-block-heading\" id=\"carreira\">Requisitos  <\/h2>\n\n\n\n<ul class=\"wp-block-list\"><li><strong>Professor de Arte<br \/>\u00c1rea de atua\u00e7\u00e3o:<\/strong> Ensino Fundamental 6\u00ba ao 9\u00ba ano, Ensino M\u00e9dio e respectivas modalidades. <br \/><strong>Requisitos:<\/strong> Licenciatura Plena em Educa\u00e7\u00e3o Art\u00edstica ou \u00e1rea afim, com Forma\u00e7\u00e3o Pedag\u00f3gica para Docentes, em conformidade com a Resolu\u00e7\u00e3o CNE n\u00ba 2\/97. <\/li><\/ul>\n\n\n\n<ul class=\"wp-block-list\"><li><strong>Professor de Biologia<br \/>\u00c1rea de atua\u00e7\u00e3o:<\/strong> Ensino Fundamental 6\u00ba ao 9\u00ba ano, Ensino M\u00e9dio e respectivas modalidades. <br \/><strong>Requisitos:<\/strong> Diploma, devidamente registrado, de conclus\u00e3o de curso de licenciatura plena em Biologia ou de licenciatura plena em Ci\u00eancias F\u00edsicas e Biol\u00f3gicas ou de licenciatura plena em Hist\u00f3ria Natural ou bacharelado com Forma\u00e7\u00e3o Pedag\u00f3gica para Docentes em Biologia, em conformidade a com Resolu\u00e7\u00e3o CNE n\u00ba 2\/97. <\/li><\/ul>\n\n\n\n<ul class=\"wp-block-list\"><li><strong>Professor de Educa\u00e7\u00e3o F\u00edsica<br \/>\u00c1rea de atua\u00e7\u00e3o:<\/strong> Diploma, devidamente registrado, de conclus\u00e3o de curso de licenciatura plena em Educa\u00e7\u00e3o F\u00edsica.<br \/><strong>Requisitos:<\/strong> Ensino Fundamental 6\u00ba ao 9\u00ba ano, Ensino M\u00e9dio e respectivas modalidades. <\/li><\/ul>\n\n\n\n<ul class=\"wp-block-list\"><li><strong>Professor de Filosofia<br \/>\u00c1rea de atua\u00e7\u00e3o:<\/strong> Ensino M\u00e9dio e respectivas modalidades.<br \/><strong>Requisitos:<\/strong> Diploma, devidamente registrado, de conclus\u00e3o de curso de licenciatura plena em Filosofia ou Bacharelado com Forma\u00e7\u00e3o Pedag\u00f3gica para Docentes em Filosofia, em conformidade com a Resolu\u00e7\u00e3o CNE n\u00ba 2\/97. <\/li><\/ul>\n\n\n\n<ul class=\"wp-block-list\"><li><strong>Professor de F\u00edsica<br \/>\u00c1rea de atua\u00e7\u00e3o:<\/strong> Ensino M\u00e9dio e respectivas modalidades.<br \/><strong>Requisitos:<\/strong> Diploma, devidamente registrado, de conclus\u00e3o de curso de Licenciatura Plena em F\u00edsica ou Licenciatura em Ci\u00eancias, com habilita\u00e7\u00e3o em F\u00edsica, ou Bacharelado com Forma\u00e7\u00e3o Pedag\u00f3gica para Docentes em F\u00edsica, em conformidade com a Resolu\u00e7\u00e3o CNE n\u00ba 2\/97.<\/li><\/ul>\n\n\n\n<ul class=\"wp-block-list\"><li><strong>Professor de Geografia<br \/>\u00c1rea de atua\u00e7\u00e3o:<\/strong> Ensino M\u00e9dio e respectivas modalidades.<br \/><strong>Requisitos:<\/strong> Diploma, devidamente registrado, de conclus\u00e3o de curso de licenciatura plena em Geografia ou Estudos Sociais com habilita\u00e7\u00e3o em Geografia ou Bacharelado com Forma\u00e7\u00e3o Pedag\u00f3gica para Docentes em Geografia, em conformidade com a Resolu\u00e7\u00e3o CNE n\u00ba 2\/97. <\/li><\/ul>\n\n\n\n<ul class=\"wp-block-list\"><li><strong>Professor de Hist\u00f3ria<br \/>\u00c1rea de atua\u00e7\u00e3o:<\/strong> Ensino Fundamental 6\u00ba ao 9\u00ba ano, Ensino M\u00e9dio e respectivas modalidades. <br \/><strong>Requisitos:<\/strong> Diploma, devidamente registrado, de conclus\u00e3o de curso de licenciatura plena em Hist\u00f3ria ou Estudos Sociais ou Filosofia com habilita\u00e7\u00e3o em Hist\u00f3ria ou Bacharelado com Forma\u00e7\u00e3o Pedag\u00f3gica para Docentes em Hist\u00f3ria, em conformidade com a Resolu\u00e7\u00e3o CNE n\u00ba 2\/97. <\/li><\/ul>\n\n\n\n<ul class=\"wp-block-list\"><li><strong>Professor de L\u00edngua Estrangeira &#8211; Espanhol<br \/>\u00c1rea de atua\u00e7\u00e3o:<\/strong> Ensino M\u00e9dio e respectivas modalidades.<br \/><strong>Requisitos:<\/strong> Diploma, devidamente registrado, de conclus\u00e3o de curso de Licenciatura Plena em Letras (Espanhol), com habilita\u00e7\u00e3o em L\u00edngua Espanhola e Literatura. <\/li><\/ul>\n\n\n\n<ul class=\"wp-block-list\"><li><strong>Professor de L\u00edngua Estrangera &#8211; Ingl\u00eas<br \/>\u00c1rea de atua\u00e7\u00e3o:<\/strong> Ensino M\u00e9dio e respectivas modalidades.<br \/><strong>Requisitos:<\/strong> Diploma, devidamente registrado, de conclus\u00e3o de curso de Licenciatura Plena em Letras (Ingl\u00eas), com habilita\u00e7\u00e3o em L\u00edngua Inglesa e Literatura. <\/li><\/ul>\n\n\n\n<ul class=\"wp-block-list\"><li><strong>Professor de L\u00edngua Portuguesa<br \/>\u00c1rea de atua\u00e7\u00e3o:<\/strong> Ensino Fundamental 6\u00ba ao 9\u00ba ano, Ensino M\u00e9dio e respectivas modalidades. <br \/><strong>Requisitos:<\/strong> Diploma, devidamente registrado, de conclus\u00e3o de curso de licenciatura plena em Letras, com habilita\u00e7\u00e3o em L\u00edngua Portuguesa. <\/li><\/ul>\n\n\n\n<ul class=\"wp-block-list\"><li><strong>Professor de Matem\u00e1tica<br \/>\u00c1rea de atua\u00e7\u00e3o:<\/strong> Ensino Fundamental 6\u00ba ao 9\u00ba ano, Ensino M\u00e9dio e respectivas modalidades. <br \/><strong>Requisitos:<\/strong> Diploma, devidamente registrado, de conclus\u00e3o de curso de licenciatura plena em Matem\u00e1tica ou licenciatura plena em F\u00edsica, com habilita\u00e7\u00e3o em Matem\u00e1tica ou licenciatura plena em Ci\u00eancias F\u00edsicas e Biol\u00f3gicas, com habilita\u00e7\u00e3o em Matem\u00e1tica ou licenciatura plena em Qu\u00edmica, com habilita\u00e7\u00e3o em Matem\u00e1tica.<\/li><\/ul>\n\n\n\n<ul class=\"wp-block-list\"><li><strong>Professor de Qu\u00edmica<br \/>\u00c1rea de atua\u00e7\u00e3o:<\/strong> Ensino M\u00e9dio e respectivas modalidades.<br \/><strong>Requisitos:<\/strong> Diploma, devidamente registrado, de conclus\u00e3o de curso de Licenciatura Plena em Qu\u00edmica ou Licenciatura em Ci\u00eancias, com habilita\u00e7\u00e3o em Qu\u00edmica ou Bacharelado com Forma\u00e7\u00e3o Pedag\u00f3gica para Docentes em Qu\u00edmica, em conformidade com a Resolu\u00e7\u00e3o CNE n\u00ba 2\/97. <\/li><\/ul>\n\n\n\n<ul class=\"wp-block-list\"><li><strong>Professor de Sociologia<br \/>\u00c1rea de atua\u00e7\u00e3o:<\/strong> Ensino M\u00e9dio e respectivas modalidades.<br \/><strong>Requisitos:<\/strong> Diploma, devidamente registrado, de conclus\u00e3o de curso de licenciatura plena em Sociologia ou licenciatura plena em Ci\u00eancias Sociais, com habilita\u00e7\u00e3o em Sociologia ou Bacharelado com Forma\u00e7\u00e3o Pedag\u00f3gica para Docentes em Sociologia, em conformidade com a Resolu\u00e7\u00e3o CNE n\u00ba 2\/97. <\/li><\/ul>\n\n\n\n<ul class=\"wp-block-list\"><li><strong>Professor dos anos iniciais do ensino fundamental<br \/>\u00c1rea de atua\u00e7\u00e3o:<\/strong> Ensino Fundamental 1\u00ba ao 5\u00ba ano e respectivas modalidades.<br \/><strong>Requisitos:<\/strong> Diploma, devidamente registrado, de conclus\u00e3o de curso de licenciatura plena em Pedagogia com habilita\u00e7\u00e3o em Magist\u00e9rio para os anos iniciais do ensino fundamental ou Normal Superior.  <\/li><\/ul>\n\n\n\n<ul class=\"wp-block-list\"><li><strong>Professor Instrutor de Libras<br \/>\u00c1rea de atua\u00e7\u00e3o:<\/strong> Ensino Fundamental, Ensino M\u00e9dio e respectivas modalidades.<br \/><strong>Requisitos:<\/strong> Diploma, devidamente registrado, de conclus\u00e3o de curso de Licenciatura Plena em qualquer \u00e1rea da Educa\u00e7\u00e3o, com os seguintes requisitos: cursos espec\u00edficos ministrados por institui\u00e7\u00f5es reconhecidas; aprova\u00e7\u00e3o no Exame de Profici\u00eancia para Interpreta\u00e7\u00e3o em LIBRAS, do MEC (PROLIBRAS).<\/li><\/ul>\n\n\n\n<ul class=\"wp-block-list\"><li><strong>Professor Int\u00e9rprete de Libras<br \/>\u00c1rea de atua\u00e7\u00e3o:<\/strong> <a href=\"https:\/\/www.to.gov.br\/seduc\" target=\"_blank\" rel=\"noreferrer noopener\">Ensino Fundamental<\/a>, Ensino M\u00e9dio e respectivas modalidades.<br \/><strong>Requisitos:<\/strong> Diploma, devidamente registrado, de conclus\u00e3o de curso de Licenciatura Plena em qualquer \u00e1rea da Educa\u00e7\u00e3o com os seguintes requisitos: cursos espec\u00edficos ministrados por institui\u00e7\u00f5es reconhecidas; aprova\u00e7\u00e3o no Exame de Profici\u00eancia para Interpreta\u00e7\u00e3o em LIBRAS do MEC (PROLIBRAS).<\/li><\/ul>\n\n\n\n<p class=\"has-text-align-center has-pale-cyan-blue-background-color has-background has-medium-font-size\">Saiba mais: <a href=\"https:\/\/www.estrategiaconcursos.com.br\/blog\/concurso-seduc-to\/\" target=\"_blank\" rel=\"noreferrer noopener\">concurso SECUD TO <\/a><\/p>\n\n\n\n<h2 class=\"has-text-align-center wp-block-heading\" id=\"h-quer-saber-tudo-sobre-concursos-previstos-confira-nossos-artigos\">Quer saber tudo sobre concursos previstos?<br \/>Confira nossos artigos!<\/h2>\n\n\n\n<ul class=\"wp-block-list\"><li><a href=\"https:\/\/www.estrategiaconcursos.com.br\/blog\/concursos-abertos\/\" target=\"_blank\" rel=\"noreferrer noopener\">Concursos abertos<\/a><\/li><li><a href=\"https:\/\/www.estrategiaconcursos.com.br\/blog\/concursos-2022\/\" target=\"_blank\" rel=\"noreferrer noopener\">Concursos 2022<\/a><\/li><li><a href=\"https:\/\/www.estrategiaconcursos.com.br\/blog\/concursos-educacao-2022\/\" target=\"_blank\" rel=\"noreferrer noopener\">Concursos Educa\u00e7\u00e3o<\/a><\/li><\/ul>\n\n\n\n<h2 class=\"has-text-align-center wp-block-heading\" id=\"cursos\"><strong><em>Quer estudar para o Concurso SEDUC TO?<\/em><\/strong><\/h2>\n\n\n\n<div class=\"col-sm\">\n      <div class=\"banner-estrategia\" id=\"box-assinatura\">\n        <h3 class=\"titulo-assinatura\">Cursos para SEDUC TO<\/h3>\n        <p class=\"subtitulo-assinatura\">Conhe\u00e7a os cursos<\/p>\n        <div class=\"box-botao\">\n          <a class=\"btn-assinatura\" target=\"_blank\" href=\"https:\/\/www.estrategiaconcursos.com.br\/cursos\/concurso\/\" role=\"button\" rel=\"noopener noreferrer\">Conhe\u00e7a mais<\/a>\n        <\/div>\n      <\/div>\n      <p class=\"texto-auxiliar\">Prepare-se com o melhor material e com quem mais aprova em Concursos P\u00fablicos em todo o pa\u00eds.<\/p>\n    <\/div>\n\n\n","protected":false},"excerpt":{"rendered":"<p>Foi formada a comiss\u00e3o organizadora que ficar\u00e1 respons\u00e1vel pelas provid\u00eancias necess\u00e1rias para a realiza\u00e7\u00e3o do concurso SEDUC TO. O grupo ter\u00e1 o prazo de\u00a060 dias para concluir os trabalhos. O novo concurso p\u00fablico da Secretaria de Educa\u00e7\u00e3o do Tocantins vai selecionar professores para a educa\u00e7\u00e3o b\u00e1sica. Confira a rela\u00e7\u00e3o dos servidores designados para a comiss\u00e3o [&hellip;]<\/p>\n","protected":false},"author":2375,"featured_media":1005054,"comment_status":"open","ping_status":"closed","sticky":false,"template":"","format":"standard","meta":{"post_tipo":"news","footnotes":""},"categories":[3766],"tags":[],"tax_estado":[219990],"class_list":["post-1003821","post","type-post","status-publish","format-standard","has-post-thumbnail","hentry","category-educacional","tax_estado-to"],"acf":[],"yoast_head":"<!-- This site is optimized with the Yoast SEO Premium plugin v27.2 (Yoast SEO v27.2) - https:\/\/yoast.com\/product\/yoast-seo-premium-wordpress\/ -->\n<title>Concurso SEDUC TO: comiss\u00e3o formada<\/title>\n<meta name=\"description\" content=\"Comiss\u00e3o formada! Veja os detalhes do concurso SEDUC TO com a equipe de comunica\u00e7\u00e3o do Estrat\u00e9gia Concursos.\" \/>\n<meta name=\"robots\" content=\"index, follow, max-snippet:-1, max-image-preview:large, max-video-preview:-1\" \/>\n<link rel=\"canonical\" href=\"https:\/\/www.estrategiaconcursos.com.br\/blog\/concurso-seduc-to-comissao-formada\/\" \/>\n<meta property=\"og:locale\" content=\"pt_BR\" \/>\n<meta property=\"og:type\" content=\"article\" \/>\n<meta property=\"og:title\" content=\"Concurso SEDUC TO: comiss\u00e3o formada\" \/>\n<meta property=\"og:description\" content=\"Comiss\u00e3o formada! Veja os detalhes do concurso SEDUC TO com a equipe de comunica\u00e7\u00e3o do Estrat\u00e9gia Concursos.\" \/>\n<meta property=\"og:url\" content=\"https:\/\/www.estrategiaconcursos.com.br\/blog\/concurso-seduc-to-comissao-formada\/\" \/>\n<meta property=\"og:site_name\" content=\"Estrat\u00e9gia Concursos\" \/>\n<meta property=\"article:published_time\" content=\"2022-04-07T12:23:04+00:00\" \/>\n<meta property=\"article:modified_time\" content=\"2022-04-08T16:54:49+00:00\" \/>\n<meta property=\"og:image\" content=\"https:\/\/dhg1h5j42swfq.cloudfront.net\/2022\/04\/08135442\/concurso_seduc_to.jpeg\" \/>\n\t<meta property=\"og:image:width\" content=\"768\" \/>\n\t<meta property=\"og:image:height\" content=\"432\" \/>\n\t<meta property=\"og:image:type\" content=\"image\/jpeg\" \/>\n<meta name=\"author\" content=\"Priscila Almeida\" \/>\n<meta name=\"twitter:card\" content=\"summary_large_image\" \/>\n<meta name=\"twitter:creator\" content=\"@EstratConcursos\" \/>\n<meta name=\"twitter:site\" content=\"@EstratConcursos\" \/>\n<meta name=\"twitter:label1\" content=\"Escrito por\" \/>\n\t<meta name=\"twitter:data1\" content=\"Priscila Almeida\" \/>\n\t<meta name=\"twitter:label2\" content=\"Est. tempo de leitura\" \/>\n\t<meta name=\"twitter:data2\" content=\"5 minutos\" \/>\n<script type=\"application\/ld+json\" class=\"yoast-schema-graph\">{\"@context\":\"https:\/\/schema.org\",\"@graph\":[{\"@type\":\"NewsArticle\",\"@id\":\"https:\/\/www.estrategiaconcursos.com.br\/blog\/concurso-seduc-to-comissao-formada\/#article\",\"isPartOf\":{\"@id\":\"https:\/\/www.estrategiaconcursos.com.br\/blog\/concurso-seduc-to-comissao-formada\/\"},\"author\":{\"name\":\"Priscila Almeida\",\"@id\":\"https:\/\/www.estrategiaconcursos.com.br\/blog\/#\/schema\/person\/a06e841e501f2e1d8c49c4e8f066bfd1\"},\"headline\":\"Concurso SEDUC TO: comiss\u00e3o formada\",\"datePublished\":\"2022-04-07T12:23:04+00:00\",\"dateModified\":\"2022-04-08T16:54:49+00:00\",\"mainEntityOfPage\":{\"@id\":\"https:\/\/www.estrategiaconcursos.com.br\/blog\/concurso-seduc-to-comissao-formada\/\"},\"wordCount\":1006,\"commentCount\":0,\"publisher\":{\"@id\":\"https:\/\/www.estrategiaconcursos.com.br\/blog\/#organization\"},\"image\":{\"@id\":\"https:\/\/www.estrategiaconcursos.com.br\/blog\/concurso-seduc-to-comissao-formada\/#primaryimage\"},\"thumbnailUrl\":\"https:\/\/dhg1h5j42swfq.cloudfront.net\/2022\/04\/08135442\/concurso_seduc_to.jpeg\",\"articleSection\":[\"Educa\u00e7\u00e3o\"],\"inLanguage\":\"pt-BR\",\"potentialAction\":[{\"@type\":\"CommentAction\",\"name\":\"Comment\",\"target\":[\"https:\/\/www.estrategiaconcursos.com.br\/blog\/concurso-seduc-to-comissao-formada\/#respond\"]}],\"copyrightYear\":\"2022\",\"copyrightHolder\":{\"@id\":\"https:\/\/www.estrategiaconcursos.com.br\/blog\/#organization\"}},{\"@type\":\"WebPage\",\"@id\":\"https:\/\/www.estrategiaconcursos.com.br\/blog\/concurso-seduc-to-comissao-formada\/\",\"url\":\"https:\/\/www.estrategiaconcursos.com.br\/blog\/concurso-seduc-to-comissao-formada\/\",\"name\":\"Concurso SEDUC TO: comiss\u00e3o formada\",\"isPartOf\":{\"@id\":\"https:\/\/www.estrategiaconcursos.com.br\/blog\/#website\"},\"primaryImageOfPage\":{\"@id\":\"https:\/\/www.estrategiaconcursos.com.br\/blog\/concurso-seduc-to-comissao-formada\/#primaryimage\"},\"image\":{\"@id\":\"https:\/\/www.estrategiaconcursos.com.br\/blog\/concurso-seduc-to-comissao-formada\/#primaryimage\"},\"thumbnailUrl\":\"https:\/\/dhg1h5j42swfq.cloudfront.net\/2022\/04\/08135442\/concurso_seduc_to.jpeg\",\"datePublished\":\"2022-04-07T12:23:04+00:00\",\"dateModified\":\"2022-04-08T16:54:49+00:00\",\"description\":\"Comiss\u00e3o formada! Veja os detalhes do concurso SEDUC TO com a equipe de comunica\u00e7\u00e3o do Estrat\u00e9gia Concursos.\",\"breadcrumb\":{\"@id\":\"https:\/\/www.estrategiaconcursos.com.br\/blog\/concurso-seduc-to-comissao-formada\/#breadcrumb\"},\"inLanguage\":\"pt-BR\",\"potentialAction\":[{\"@type\":\"ReadAction\",\"target\":[\"https:\/\/www.estrategiaconcursos.com.br\/blog\/concurso-seduc-to-comissao-formada\/\"]}]},{\"@type\":\"ImageObject\",\"inLanguage\":\"pt-BR\",\"@id\":\"https:\/\/www.estrategiaconcursos.com.br\/blog\/concurso-seduc-to-comissao-formada\/#primaryimage\",\"url\":\"https:\/\/dhg1h5j42swfq.cloudfront.net\/2022\/04\/08135442\/concurso_seduc_to.jpeg\",\"contentUrl\":\"https:\/\/dhg1h5j42swfq.cloudfront.net\/2022\/04\/08135442\/concurso_seduc_to.jpeg\",\"width\":768,\"height\":432},{\"@type\":\"BreadcrumbList\",\"@id\":\"https:\/\/www.estrategiaconcursos.com.br\/blog\/concurso-seduc-to-comissao-formada\/#breadcrumb\",\"itemListElement\":[{\"@type\":\"ListItem\",\"position\":1,\"name\":\"In\u00edcio\",\"item\":\"https:\/\/www.estrategiaconcursos.com.br\/blog\/\"},{\"@type\":\"ListItem\",\"position\":2,\"name\":\"Concurso SEDUC TO: comiss\u00e3o formada\"}]},{\"@type\":\"WebSite\",\"@id\":\"https:\/\/www.estrategiaconcursos.com.br\/blog\/#website\",\"url\":\"https:\/\/www.estrategiaconcursos.com.br\/blog\/\",\"name\":\"Estrat\u00e9gia Concursos\",\"description\":\"O blog da Estrat\u00e9gia Concursos traz not\u00edcias sobre concursos e artigos de professores oferecendo cursos para concursos (pdf + videaulas) no site.\",\"publisher\":{\"@id\":\"https:\/\/www.estrategiaconcursos.com.br\/blog\/#organization\"},\"potentialAction\":[{\"@type\":\"SearchAction\",\"target\":{\"@type\":\"EntryPoint\",\"urlTemplate\":\"https:\/\/www.estrategiaconcursos.com.br\/blog\/?s={search_term_string}\"},\"query-input\":{\"@type\":\"PropertyValueSpecification\",\"valueRequired\":true,\"valueName\":\"search_term_string\"}}],\"inLanguage\":\"pt-BR\"},{\"@type\":\"Organization\",\"@id\":\"https:\/\/www.estrategiaconcursos.com.br\/blog\/#organization\",\"name\":\"Estrat\u00e9gia Concursos\",\"url\":\"https:\/\/www.estrategiaconcursos.com.br\/blog\/\",\"logo\":{\"@type\":\"ImageObject\",\"inLanguage\":\"pt-BR\",\"@id\":\"https:\/\/www.estrategiaconcursos.com.br\/blog\/#\/schema\/logo\/image\/\",\"url\":\"https:\/\/dhg1h5j42swfq.cloudfront.net\/2025\/06\/03203428\/logo_concursos-1.jpg\",\"contentUrl\":\"https:\/\/dhg1h5j42swfq.cloudfront.net\/2025\/06\/03203428\/logo_concursos-1.jpg\",\"width\":230,\"height\":60,\"caption\":\"Estrat\u00e9gia Concursos\"},\"image\":{\"@id\":\"https:\/\/www.estrategiaconcursos.com.br\/blog\/#\/schema\/logo\/image\/\"},\"sameAs\":[\"https:\/\/x.com\/EstratConcursos\"]},{\"@type\":\"Person\",\"@id\":\"https:\/\/www.estrategiaconcursos.com.br\/blog\/#\/schema\/person\/a06e841e501f2e1d8c49c4e8f066bfd1\",\"name\":\"Priscila Almeida\",\"image\":{\"@type\":\"ImageObject\",\"inLanguage\":\"pt-BR\",\"@id\":\"https:\/\/secure.gravatar.com\/avatar\/0a963c9e2a947fa675b669cea2b5d0ba6dd1cbf46b966190343b6c9973ad3337?s=96&d=mm&r=g\",\"url\":\"https:\/\/secure.gravatar.com\/avatar\/0a963c9e2a947fa675b669cea2b5d0ba6dd1cbf46b966190343b6c9973ad3337?s=96&d=mm&r=g\",\"contentUrl\":\"https:\/\/secure.gravatar.com\/avatar\/0a963c9e2a947fa675b669cea2b5d0ba6dd1cbf46b966190343b6c9973ad3337?s=96&d=mm&r=g\",\"caption\":\"Priscila Almeida\"},\"description\":\"Atua na \u00e1rea de concursos p\u00fablicos desde 2019. As editorias que mais t\u00eam familiaridade s\u00e3o: Tribunais (TJs; TRTs; TREs; TSTs; STJ, STF, STM e TSE); Defensorias; Minist\u00e9rios P\u00fablicos; Procuradorias; Educa\u00e7\u00e3o e Conselhos. Na \u00e1rea de comunica\u00e7\u00e3o, de maneira geral, a caminhada \u00e9 um pouco mais longa - desde 2007. Possui experi\u00eancia em reda\u00e7\u00f5es de r\u00e1dio, TV, Web e impresso, al\u00e9m de desenvolver trabalhos em assessorias de comunica\u00e7\u00e3o institucional, empresarial e p\u00fablicas. Entre outros trabalhos, se destacam a atua\u00e7\u00e3o nas \u00e1reas de Justi\u00e7a, Congresso, Esportes, Sa\u00fade, Agropecu\u00e1ria, Cidades e Avia\u00e7\u00e3o Civil.\",\"url\":\"https:\/\/www.estrategiaconcursos.com.br\/blog\/author\/priscila-almeidaestrategia-com\/\"}]}<\/script>\n<!-- \/ Yoast SEO Premium plugin. -->","yoast_head_json":{"title":"Concurso SEDUC TO: comiss\u00e3o formada","description":"Comiss\u00e3o formada! Veja os detalhes do concurso SEDUC TO com a equipe de comunica\u00e7\u00e3o do Estrat\u00e9gia Concursos.","robots":{"index":"index","follow":"follow","max-snippet":"max-snippet:-1","max-image-preview":"max-image-preview:large","max-video-preview":"max-video-preview:-1"},"canonical":"https:\/\/www.estrategiaconcursos.com.br\/blog\/concurso-seduc-to-comissao-formada\/","og_locale":"pt_BR","og_type":"article","og_title":"Concurso SEDUC TO: comiss\u00e3o formada","og_description":"Comiss\u00e3o formada! Veja os detalhes do concurso SEDUC TO com a equipe de comunica\u00e7\u00e3o do Estrat\u00e9gia Concursos.","og_url":"https:\/\/www.estrategiaconcursos.com.br\/blog\/concurso-seduc-to-comissao-formada\/","og_site_name":"Estrat\u00e9gia Concursos","article_published_time":"2022-04-07T12:23:04+00:00","article_modified_time":"2022-04-08T16:54:49+00:00","og_image":[{"width":768,"height":432,"url":"https:\/\/dhg1h5j42swfq.cloudfront.net\/2022\/04\/08135442\/concurso_seduc_to.jpeg","type":"image\/jpeg"}],"author":"Priscila Almeida","twitter_card":"summary_large_image","twitter_creator":"@EstratConcursos","twitter_site":"@EstratConcursos","twitter_misc":{"Escrito por":"Priscila Almeida","Est. tempo de leitura":"5 minutos"},"schema":{"@context":"https:\/\/schema.org","@graph":[{"@type":"NewsArticle","@id":"https:\/\/www.estrategiaconcursos.com.br\/blog\/concurso-seduc-to-comissao-formada\/#article","isPartOf":{"@id":"https:\/\/www.estrategiaconcursos.com.br\/blog\/concurso-seduc-to-comissao-formada\/"},"author":{"name":"Priscila Almeida","@id":"https:\/\/www.estrategiaconcursos.com.br\/blog\/#\/schema\/person\/a06e841e501f2e1d8c49c4e8f066bfd1"},"headline":"Concurso SEDUC TO: comiss\u00e3o formada","datePublished":"2022-04-07T12:23:04+00:00","dateModified":"2022-04-08T16:54:49+00:00","mainEntityOfPage":{"@id":"https:\/\/www.estrategiaconcursos.com.br\/blog\/concurso-seduc-to-comissao-formada\/"},"wordCount":1006,"commentCount":0,"publisher":{"@id":"https:\/\/www.estrategiaconcursos.com.br\/blog\/#organization"},"image":{"@id":"https:\/\/www.estrategiaconcursos.com.br\/blog\/concurso-seduc-to-comissao-formada\/#primaryimage"},"thumbnailUrl":"https:\/\/dhg1h5j42swfq.cloudfront.net\/2022\/04\/08135442\/concurso_seduc_to.jpeg","articleSection":["Educa\u00e7\u00e3o"],"inLanguage":"pt-BR","potentialAction":[{"@type":"CommentAction","name":"Comment","target":["https:\/\/www.estrategiaconcursos.com.br\/blog\/concurso-seduc-to-comissao-formada\/#respond"]}],"copyrightYear":"2022","copyrightHolder":{"@id":"https:\/\/www.estrategiaconcursos.com.br\/blog\/#organization"}},{"@type":"WebPage","@id":"https:\/\/www.estrategiaconcursos.com.br\/blog\/concurso-seduc-to-comissao-formada\/","url":"https:\/\/www.estrategiaconcursos.com.br\/blog\/concurso-seduc-to-comissao-formada\/","name":"Concurso SEDUC TO: comiss\u00e3o formada","isPartOf":{"@id":"https:\/\/www.estrategiaconcursos.com.br\/blog\/#website"},"primaryImageOfPage":{"@id":"https:\/\/www.estrategiaconcursos.com.br\/blog\/concurso-seduc-to-comissao-formada\/#primaryimage"},"image":{"@id":"https:\/\/www.estrategiaconcursos.com.br\/blog\/concurso-seduc-to-comissao-formada\/#primaryimage"},"thumbnailUrl":"https:\/\/dhg1h5j42swfq.cloudfront.net\/2022\/04\/08135442\/concurso_seduc_to.jpeg","datePublished":"2022-04-07T12:23:04+00:00","dateModified":"2022-04-08T16:54:49+00:00","description":"Comiss\u00e3o formada! Veja os detalhes do concurso SEDUC TO com a equipe de comunica\u00e7\u00e3o do Estrat\u00e9gia Concursos.","breadcrumb":{"@id":"https:\/\/www.estrategiaconcursos.com.br\/blog\/concurso-seduc-to-comissao-formada\/#breadcrumb"},"inLanguage":"pt-BR","potentialAction":[{"@type":"ReadAction","target":["https:\/\/www.estrategiaconcursos.com.br\/blog\/concurso-seduc-to-comissao-formada\/"]}]},{"@type":"ImageObject","inLanguage":"pt-BR","@id":"https:\/\/www.estrategiaconcursos.com.br\/blog\/concurso-seduc-to-comissao-formada\/#primaryimage","url":"https:\/\/dhg1h5j42swfq.cloudfront.net\/2022\/04\/08135442\/concurso_seduc_to.jpeg","contentUrl":"https:\/\/dhg1h5j42swfq.cloudfront.net\/2022\/04\/08135442\/concurso_seduc_to.jpeg","width":768,"height":432},{"@type":"BreadcrumbList","@id":"https:\/\/www.estrategiaconcursos.com.br\/blog\/concurso-seduc-to-comissao-formada\/#breadcrumb","itemListElement":[{"@type":"ListItem","position":1,"name":"In\u00edcio","item":"https:\/\/www.estrategiaconcursos.com.br\/blog\/"},{"@type":"ListItem","position":2,"name":"Concurso SEDUC TO: comiss\u00e3o formada"}]},{"@type":"WebSite","@id":"https:\/\/www.estrategiaconcursos.com.br\/blog\/#website","url":"https:\/\/www.estrategiaconcursos.com.br\/blog\/","name":"Estrat\u00e9gia Concursos","description":"O blog da Estrat\u00e9gia Concursos traz not\u00edcias sobre concursos e artigos de professores oferecendo cursos para concursos (pdf + videaulas) no site.","publisher":{"@id":"https:\/\/www.estrategiaconcursos.com.br\/blog\/#organization"},"potentialAction":[{"@type":"SearchAction","target":{"@type":"EntryPoint","urlTemplate":"https:\/\/www.estrategiaconcursos.com.br\/blog\/?s={search_term_string}"},"query-input":{"@type":"PropertyValueSpecification","valueRequired":true,"valueName":"search_term_string"}}],"inLanguage":"pt-BR"},{"@type":"Organization","@id":"https:\/\/www.estrategiaconcursos.com.br\/blog\/#organization","name":"Estrat\u00e9gia Concursos","url":"https:\/\/www.estrategiaconcursos.com.br\/blog\/","logo":{"@type":"ImageObject","inLanguage":"pt-BR","@id":"https:\/\/www.estrategiaconcursos.com.br\/blog\/#\/schema\/logo\/image\/","url":"https:\/\/dhg1h5j42swfq.cloudfront.net\/2025\/06\/03203428\/logo_concursos-1.jpg","contentUrl":"https:\/\/dhg1h5j42swfq.cloudfront.net\/2025\/06\/03203428\/logo_concursos-1.jpg","width":230,"height":60,"caption":"Estrat\u00e9gia Concursos"},"image":{"@id":"https:\/\/www.estrategiaconcursos.com.br\/blog\/#\/schema\/logo\/image\/"},"sameAs":["https:\/\/x.com\/EstratConcursos"]},{"@type":"Person","@id":"https:\/\/www.estrategiaconcursos.com.br\/blog\/#\/schema\/person\/a06e841e501f2e1d8c49c4e8f066bfd1","name":"Priscila Almeida","image":{"@type":"ImageObject","inLanguage":"pt-BR","@id":"https:\/\/secure.gravatar.com\/avatar\/0a963c9e2a947fa675b669cea2b5d0ba6dd1cbf46b966190343b6c9973ad3337?s=96&d=mm&r=g","url":"https:\/\/secure.gravatar.com\/avatar\/0a963c9e2a947fa675b669cea2b5d0ba6dd1cbf46b966190343b6c9973ad3337?s=96&d=mm&r=g","contentUrl":"https:\/\/secure.gravatar.com\/avatar\/0a963c9e2a947fa675b669cea2b5d0ba6dd1cbf46b966190343b6c9973ad3337?s=96&d=mm&r=g","caption":"Priscila Almeida"},"description":"Atua na \u00e1rea de concursos p\u00fablicos desde 2019. As editorias que mais t\u00eam familiaridade s\u00e3o: Tribunais (TJs; TRTs; TREs; TSTs; STJ, STF, STM e TSE); Defensorias; Minist\u00e9rios P\u00fablicos; Procuradorias; Educa\u00e7\u00e3o e Conselhos. Na \u00e1rea de comunica\u00e7\u00e3o, de maneira geral, a caminhada \u00e9 um pouco mais longa - desde 2007. Possui experi\u00eancia em reda\u00e7\u00f5es de r\u00e1dio, TV, Web e impresso, al\u00e9m de desenvolver trabalhos em assessorias de comunica\u00e7\u00e3o institucional, empresarial e p\u00fablicas. Entre outros trabalhos, se destacam a atua\u00e7\u00e3o nas \u00e1reas de Justi\u00e7a, Congresso, Esportes, Sa\u00fade, Agropecu\u00e1ria, Cidades e Avia\u00e7\u00e3o Civil.","url":"https:\/\/www.estrategiaconcursos.com.br\/blog\/author\/priscila-almeidaestrategia-com\/"}]}},"_links":{"self":[{"href":"https:\/\/www.estrategiaconcursos.com.br\/blog\/wp-json\/wp\/v2\/posts\/1003821","targetHints":{"allow":["GET"]}}],"collection":[{"href":"https:\/\/www.estrategiaconcursos.com.br\/blog\/wp-json\/wp\/v2\/posts"}],"about":[{"href":"https:\/\/www.estrategiaconcursos.com.br\/blog\/wp-json\/wp\/v2\/types\/post"}],"author":[{"embeddable":true,"href":"https:\/\/www.estrategiaconcursos.com.br\/blog\/wp-json\/wp\/v2\/users\/2375"}],"replies":[{"embeddable":true,"href":"https:\/\/www.estrategiaconcursos.com.br\/blog\/wp-json\/wp\/v2\/comments?post=1003821"}],"version-history":[{"count":7,"href":"https:\/\/www.estrategiaconcursos.com.br\/blog\/wp-json\/wp\/v2\/posts\/1003821\/revisions"}],"predecessor-version":[{"id":1005055,"href":"https:\/\/www.estrategiaconcursos.com.br\/blog\/wp-json\/wp\/v2\/posts\/1003821\/revisions\/1005055"}],"wp:featuredmedia":[{"embeddable":true,"href":"https:\/\/www.estrategiaconcursos.com.br\/blog\/wp-json\/wp\/v2\/media\/1005054"}],"wp:attachment":[{"href":"https:\/\/www.estrategiaconcursos.com.br\/blog\/wp-json\/wp\/v2\/media?parent=1003821"}],"wp:term":[{"taxonomy":"category","embeddable":true,"href":"https:\/\/www.estrategiaconcursos.com.br\/blog\/wp-json\/wp\/v2\/categories?post=1003821"},{"taxonomy":"post_tag","embeddable":true,"href":"https:\/\/www.estrategiaconcursos.com.br\/blog\/wp-json\/wp\/v2\/tags?post=1003821"},{"taxonomy":"tax_estado","embeddable":true,"href":"https:\/\/www.estrategiaconcursos.com.br\/blog\/wp-json\/wp\/v2\/tax_estado?post=1003821"}],"curies":[{"name":"wp","href":"https:\/\/api.w.org\/{rel}","templated":true}]}}