{"id":10032,"date":"2013-04-18T23:59:24","date_gmt":"2013-04-18T23:59:24","guid":{"rendered":"https:\/\/www.estrategiaconcursos.com.br\/blog\/edital-para-trt-2a-regiao-sp-ate-junho2013\/"},"modified":"2018-04-13T12:17:09","modified_gmt":"2018-04-13T15:17:09","slug":"edital-para-trt-2a-regiao-sp-ate-junho2013","status":"publish","type":"post","link":"https:\/\/www.estrategiaconcursos.com.br\/blog\/edital-para-trt-2a-regiao-sp-ate-junho2013\/","title":{"rendered":"Edital para TRT 2\u00aa Regi\u00e3o &#8211; SP at\u00e9 junho\/2013"},"content":{"rendered":"<div>Prezados,<\/div>\n<div><\/div>\n<div>Conforme informa\u00e7\u00e3o da Folha Dirigida no link a seguir (<a href=\"http:\/\/www.folhadirigida.com.br\/fd\/Satellite\/concursos\/noticias-TRTSP-2-Regiao-2012-Tecnico-e-Analista-2000006115216\/Edital-para-tecnicos-e-analistas-deve-ser-publicado-ate-junho-2000040166978-1400002102880\">http:\/\/www.folhadirigida.com.br\/fd\/Satellite\/concursos\/noticias-TRTSP-2-Regiao-2012-Tecnico-e-Analista-2000006115216\/Edital-para-tecnicos-e-analistas-deve-ser-publicado-ate-junho-2000040166978-1400002102880<\/a>) o edital do concurso de T\u00c9CNICOS E ANALISTAS DO TRT\/SP deve sair at\u00e9 JUNHO\/2013.<\/div>\n<div><\/div>\n<div>O ultimo concurso foi organizado pela FCC e isso deve ser mantido, j\u00e1 que tal organizadora est\u00e1 realizando praticamente todos os concursos de TRTs.<\/div>\n<div><\/div>\n<div>J\u00e1 est\u00e1 dispon\u00edvel o CURSO DE QUEST\u00d5ES DE DIREITO DO TRABALHO para tal concurso e, em breve, tamb\u00e9m estar\u00e1 dispon\u00edvel o CURSO DE QUEST\u00d5ES DE PROCESSO DO TRABALHO.<\/div>\n<div><\/div>\n<div>Leia mais sobre o <a href=\"https:\/\/www.estrategiaconcursos.com.br\/blog\/concurso-trt-sp\/\">Concurso TRT SP 2018<\/a><\/div>\n<div><\/div>\n<div>Aguardem.<\/div>\n<div>Abra\u00e7o<\/div>\n<div><\/div>\n<div>Bruno Klippel<\/div>\n<div>Vit\u00f3ria\/ES<\/div>\n","protected":false},"excerpt":{"rendered":"<p>Prezados, Conforme informa\u00e7\u00e3o da Folha Dirigida no link a seguir (http:\/\/www.folhadirigida.com.br\/fd\/Satellite\/concursos\/noticias-TRTSP-2-Regiao-2012-Tecnico-e-Analista-2000006115216\/Edital-para-tecnicos-e-analistas-deve-ser-publicado-ate-junho-2000040166978-1400002102880) o edital do concurso de T\u00c9CNICOS E ANALISTAS DO TRT\/SP deve sair at\u00e9 JUNHO\/2013. O ultimo concurso foi organizado pela FCC e isso deve ser mantido, j\u00e1 que tal organizadora est\u00e1 realizando praticamente todos os concursos de TRTs. J\u00e1 est\u00e1 dispon\u00edvel o CURSO DE [&hellip;]<\/p>\n","protected":false},"author":123,"featured_media":0,"comment_status":"open","ping_status":"open","sticky":false,"template":"","format":"standard","meta":{"post_tipo":"article","footnotes":""},"categories":[1],"tags":[],"tax_estado":[],"class_list":["post-10032","post","type-post","status-publish","format-standard","hentry","category-cursos-e-concursos"],"acf":[],"yoast_head":"<!-- This site is optimized with the Yoast SEO Premium plugin v27.2 (Yoast SEO v27.2) - https:\/\/yoast.com\/product\/yoast-seo-premium-wordpress\/ -->\n<title>Edital para TRT 2\u00aa Regi\u00e3o - SP at\u00e9 junho\/2013<\/title>\n<meta name=\"robots\" content=\"index, follow, max-snippet:-1, max-image-preview:large, max-video-preview:-1\" \/>\n<link rel=\"canonical\" href=\"https:\/\/www.estrategiaconcursos.com.br\/blog\/edital-para-trt-2a-regiao-sp-ate-junho2013\/\" \/>\n<meta property=\"og:locale\" content=\"pt_BR\" \/>\n<meta property=\"og:type\" content=\"article\" \/>\n<meta property=\"og:title\" content=\"Edital para TRT 2\u00aa Regi\u00e3o - SP at\u00e9 junho\/2013\" \/>\n<meta property=\"og:description\" content=\"Prezados, Conforme informa\u00e7\u00e3o da Folha Dirigida no link a seguir (http:\/\/www.folhadirigida.com.br\/fd\/Satellite\/concursos\/noticias-TRTSP-2-Regiao-2012-Tecnico-e-Analista-2000006115216\/Edital-para-tecnicos-e-analistas-deve-ser-publicado-ate-junho-2000040166978-1400002102880) o edital do concurso de T\u00c9CNICOS E ANALISTAS DO TRT\/SP deve sair at\u00e9 JUNHO\/2013. O ultimo concurso foi organizado pela FCC e isso deve ser mantido, j\u00e1 que tal organizadora est\u00e1 realizando praticamente todos os concursos de TRTs. J\u00e1 est\u00e1 dispon\u00edvel o CURSO DE [&hellip;]\" \/>\n<meta property=\"og:url\" content=\"https:\/\/www.estrategiaconcursos.com.br\/blog\/edital-para-trt-2a-regiao-sp-ate-junho2013\/\" \/>\n<meta property=\"og:site_name\" content=\"Estrat\u00e9gia Concursos\" \/>\n<meta property=\"article:author\" content=\"https:\/\/www.facebook.com\/bruno.klippel\" \/>\n<meta property=\"article:published_time\" content=\"2013-04-18T23:59:24+00:00\" \/>\n<meta property=\"article:modified_time\" content=\"2018-04-13T15:17:09+00:00\" \/>\n<meta name=\"author\" content=\"Bruno Klippel\" \/>\n<meta name=\"twitter:card\" content=\"summary_large_image\" \/>\n<meta name=\"twitter:creator\" content=\"@https:\/\/twitter.com\/brunoklippel\" \/>\n<meta name=\"twitter:site\" content=\"@EstratConcursos\" \/>\n<meta name=\"twitter:label1\" content=\"Escrito por\" \/>\n\t<meta name=\"twitter:data1\" content=\"Bruno Klippel\" \/>\n\t<meta name=\"twitter:label2\" content=\"Est. tempo de leitura\" \/>\n\t<meta name=\"twitter:data2\" content=\"1 minuto\" \/>\n<script type=\"application\/ld+json\" class=\"yoast-schema-graph\">{\"@context\":\"https:\/\/schema.org\",\"@graph\":[{\"@type\":\"NewsArticle\",\"@id\":\"https:\/\/www.estrategiaconcursos.com.br\/blog\/edital-para-trt-2a-regiao-sp-ate-junho2013\/#article\",\"isPartOf\":{\"@id\":\"https:\/\/www.estrategiaconcursos.com.br\/blog\/edital-para-trt-2a-regiao-sp-ate-junho2013\/\"},\"author\":{\"name\":\"Bruno Klippel\",\"@id\":\"https:\/\/www.estrategiaconcursos.com.br\/blog\/#\/schema\/person\/e45245f931dbe7daa788a36aeae3db76\"},\"headline\":\"Edital para TRT 2\u00aa Regi\u00e3o &#8211; SP at\u00e9 junho\/2013\",\"datePublished\":\"2013-04-18T23:59:24+00:00\",\"dateModified\":\"2018-04-13T15:17:09+00:00\",\"mainEntityOfPage\":{\"@id\":\"https:\/\/www.estrategiaconcursos.com.br\/blog\/edital-para-trt-2a-regiao-sp-ate-junho2013\/\"},\"wordCount\":121,\"commentCount\":0,\"publisher\":{\"@id\":\"https:\/\/www.estrategiaconcursos.com.br\/blog\/#organization\"},\"articleSection\":[\"Concursos P\u00fablicos\"],\"inLanguage\":\"pt-BR\",\"potentialAction\":[{\"@type\":\"CommentAction\",\"name\":\"Comment\",\"target\":[\"https:\/\/www.estrategiaconcursos.com.br\/blog\/edital-para-trt-2a-regiao-sp-ate-junho2013\/#respond\"]}],\"copyrightYear\":\"2013\",\"copyrightHolder\":{\"@id\":\"https:\/\/www.estrategiaconcursos.com.br\/blog\/#organization\"}},{\"@type\":\"WebPage\",\"@id\":\"https:\/\/www.estrategiaconcursos.com.br\/blog\/edital-para-trt-2a-regiao-sp-ate-junho2013\/\",\"url\":\"https:\/\/www.estrategiaconcursos.com.br\/blog\/edital-para-trt-2a-regiao-sp-ate-junho2013\/\",\"name\":\"Edital para TRT 2\u00aa Regi\u00e3o - SP at\u00e9 junho\/2013\",\"isPartOf\":{\"@id\":\"https:\/\/www.estrategiaconcursos.com.br\/blog\/#website\"},\"datePublished\":\"2013-04-18T23:59:24+00:00\",\"dateModified\":\"2018-04-13T15:17:09+00:00\",\"breadcrumb\":{\"@id\":\"https:\/\/www.estrategiaconcursos.com.br\/blog\/edital-para-trt-2a-regiao-sp-ate-junho2013\/#breadcrumb\"},\"inLanguage\":\"pt-BR\",\"potentialAction\":[{\"@type\":\"ReadAction\",\"target\":[\"https:\/\/www.estrategiaconcursos.com.br\/blog\/edital-para-trt-2a-regiao-sp-ate-junho2013\/\"]}]},{\"@type\":\"BreadcrumbList\",\"@id\":\"https:\/\/www.estrategiaconcursos.com.br\/blog\/edital-para-trt-2a-regiao-sp-ate-junho2013\/#breadcrumb\",\"itemListElement\":[{\"@type\":\"ListItem\",\"position\":1,\"name\":\"In\u00edcio\",\"item\":\"https:\/\/www.estrategiaconcursos.com.br\/blog\/\"},{\"@type\":\"ListItem\",\"position\":2,\"name\":\"Edital para TRT 2\u00aa Regi\u00e3o &#8211; SP at\u00e9 junho\/2013\"}]},{\"@type\":\"WebSite\",\"@id\":\"https:\/\/www.estrategiaconcursos.com.br\/blog\/#website\",\"url\":\"https:\/\/www.estrategiaconcursos.com.br\/blog\/\",\"name\":\"Estrat\u00e9gia Concursos\",\"description\":\"O blog da Estrat\u00e9gia Concursos traz not\u00edcias sobre concursos e artigos de professores oferecendo cursos para concursos (pdf + videaulas) no site.\",\"publisher\":{\"@id\":\"https:\/\/www.estrategiaconcursos.com.br\/blog\/#organization\"},\"potentialAction\":[{\"@type\":\"SearchAction\",\"target\":{\"@type\":\"EntryPoint\",\"urlTemplate\":\"https:\/\/www.estrategiaconcursos.com.br\/blog\/?s={search_term_string}\"},\"query-input\":{\"@type\":\"PropertyValueSpecification\",\"valueRequired\":true,\"valueName\":\"search_term_string\"}}],\"inLanguage\":\"pt-BR\"},{\"@type\":\"Organization\",\"@id\":\"https:\/\/www.estrategiaconcursos.com.br\/blog\/#organization\",\"name\":\"Estrat\u00e9gia Concursos\",\"url\":\"https:\/\/www.estrategiaconcursos.com.br\/blog\/\",\"logo\":{\"@type\":\"ImageObject\",\"inLanguage\":\"pt-BR\",\"@id\":\"https:\/\/www.estrategiaconcursos.com.br\/blog\/#\/schema\/logo\/image\/\",\"url\":\"https:\/\/dhg1h5j42swfq.cloudfront.net\/2025\/06\/03203428\/logo_concursos-1.jpg\",\"contentUrl\":\"https:\/\/dhg1h5j42swfq.cloudfront.net\/2025\/06\/03203428\/logo_concursos-1.jpg\",\"width\":230,\"height\":60,\"caption\":\"Estrat\u00e9gia Concursos\"},\"image\":{\"@id\":\"https:\/\/www.estrategiaconcursos.com.br\/blog\/#\/schema\/logo\/image\/\"},\"sameAs\":[\"https:\/\/x.com\/EstratConcursos\"]},{\"@type\":\"Person\",\"@id\":\"https:\/\/www.estrategiaconcursos.com.br\/blog\/#\/schema\/person\/e45245f931dbe7daa788a36aeae3db76\",\"name\":\"Bruno Klippel\",\"image\":{\"@type\":\"ImageObject\",\"inLanguage\":\"pt-BR\",\"@id\":\"https:\/\/secure.gravatar.com\/avatar\/555136b5a9f57831d9839d55086ed04254bbba23fd861d79951efc1f321b41cf?s=96&d=mm&r=g\",\"url\":\"https:\/\/secure.gravatar.com\/avatar\/555136b5a9f57831d9839d55086ed04254bbba23fd861d79951efc1f321b41cf?s=96&d=mm&r=g\",\"contentUrl\":\"https:\/\/secure.gravatar.com\/avatar\/555136b5a9f57831d9839d55086ed04254bbba23fd861d79951efc1f321b41cf?s=96&d=mm&r=g\",\"caption\":\"Bruno Klippel\"},\"sameAs\":[\"https:\/\/www.facebook.com\/bruno.klippel\",\"https:\/\/x.com\/https:\/\/twitter.com\/brunoklippel\"],\"url\":\"https:\/\/www.estrategiaconcursos.com.br\/blog\/author\/brunoklippelestrategiaconcursos-com-br\/\"}]}<\/script>\n<!-- \/ Yoast SEO Premium plugin. -->","yoast_head_json":{"title":"Edital para TRT 2\u00aa Regi\u00e3o - SP at\u00e9 junho\/2013","robots":{"index":"index","follow":"follow","max-snippet":"max-snippet:-1","max-image-preview":"max-image-preview:large","max-video-preview":"max-video-preview:-1"},"canonical":"https:\/\/www.estrategiaconcursos.com.br\/blog\/edital-para-trt-2a-regiao-sp-ate-junho2013\/","og_locale":"pt_BR","og_type":"article","og_title":"Edital para TRT 2\u00aa Regi\u00e3o - SP at\u00e9 junho\/2013","og_description":"Prezados, Conforme informa\u00e7\u00e3o da Folha Dirigida no link a seguir (http:\/\/www.folhadirigida.com.br\/fd\/Satellite\/concursos\/noticias-TRTSP-2-Regiao-2012-Tecnico-e-Analista-2000006115216\/Edital-para-tecnicos-e-analistas-deve-ser-publicado-ate-junho-2000040166978-1400002102880) o edital do concurso de T\u00c9CNICOS E ANALISTAS DO TRT\/SP deve sair at\u00e9 JUNHO\/2013. O ultimo concurso foi organizado pela FCC e isso deve ser mantido, j\u00e1 que tal organizadora est\u00e1 realizando praticamente todos os concursos de TRTs. J\u00e1 est\u00e1 dispon\u00edvel o CURSO DE [&hellip;]","og_url":"https:\/\/www.estrategiaconcursos.com.br\/blog\/edital-para-trt-2a-regiao-sp-ate-junho2013\/","og_site_name":"Estrat\u00e9gia Concursos","article_author":"https:\/\/www.facebook.com\/bruno.klippel","article_published_time":"2013-04-18T23:59:24+00:00","article_modified_time":"2018-04-13T15:17:09+00:00","author":"Bruno Klippel","twitter_card":"summary_large_image","twitter_creator":"@https:\/\/twitter.com\/brunoklippel","twitter_site":"@EstratConcursos","twitter_misc":{"Escrito por":"Bruno Klippel","Est. tempo de leitura":"1 minuto"},"schema":{"@context":"https:\/\/schema.org","@graph":[{"@type":"NewsArticle","@id":"https:\/\/www.estrategiaconcursos.com.br\/blog\/edital-para-trt-2a-regiao-sp-ate-junho2013\/#article","isPartOf":{"@id":"https:\/\/www.estrategiaconcursos.com.br\/blog\/edital-para-trt-2a-regiao-sp-ate-junho2013\/"},"author":{"name":"Bruno Klippel","@id":"https:\/\/www.estrategiaconcursos.com.br\/blog\/#\/schema\/person\/e45245f931dbe7daa788a36aeae3db76"},"headline":"Edital para TRT 2\u00aa Regi\u00e3o &#8211; SP at\u00e9 junho\/2013","datePublished":"2013-04-18T23:59:24+00:00","dateModified":"2018-04-13T15:17:09+00:00","mainEntityOfPage":{"@id":"https:\/\/www.estrategiaconcursos.com.br\/blog\/edital-para-trt-2a-regiao-sp-ate-junho2013\/"},"wordCount":121,"commentCount":0,"publisher":{"@id":"https:\/\/www.estrategiaconcursos.com.br\/blog\/#organization"},"articleSection":["Concursos P\u00fablicos"],"inLanguage":"pt-BR","potentialAction":[{"@type":"CommentAction","name":"Comment","target":["https:\/\/www.estrategiaconcursos.com.br\/blog\/edital-para-trt-2a-regiao-sp-ate-junho2013\/#respond"]}],"copyrightYear":"2013","copyrightHolder":{"@id":"https:\/\/www.estrategiaconcursos.com.br\/blog\/#organization"}},{"@type":"WebPage","@id":"https:\/\/www.estrategiaconcursos.com.br\/blog\/edital-para-trt-2a-regiao-sp-ate-junho2013\/","url":"https:\/\/www.estrategiaconcursos.com.br\/blog\/edital-para-trt-2a-regiao-sp-ate-junho2013\/","name":"Edital para TRT 2\u00aa Regi\u00e3o - SP at\u00e9 junho\/2013","isPartOf":{"@id":"https:\/\/www.estrategiaconcursos.com.br\/blog\/#website"},"datePublished":"2013-04-18T23:59:24+00:00","dateModified":"2018-04-13T15:17:09+00:00","breadcrumb":{"@id":"https:\/\/www.estrategiaconcursos.com.br\/blog\/edital-para-trt-2a-regiao-sp-ate-junho2013\/#breadcrumb"},"inLanguage":"pt-BR","potentialAction":[{"@type":"ReadAction","target":["https:\/\/www.estrategiaconcursos.com.br\/blog\/edital-para-trt-2a-regiao-sp-ate-junho2013\/"]}]},{"@type":"BreadcrumbList","@id":"https:\/\/www.estrategiaconcursos.com.br\/blog\/edital-para-trt-2a-regiao-sp-ate-junho2013\/#breadcrumb","itemListElement":[{"@type":"ListItem","position":1,"name":"In\u00edcio","item":"https:\/\/www.estrategiaconcursos.com.br\/blog\/"},{"@type":"ListItem","position":2,"name":"Edital para TRT 2\u00aa Regi\u00e3o &#8211; SP at\u00e9 junho\/2013"}]},{"@type":"WebSite","@id":"https:\/\/www.estrategiaconcursos.com.br\/blog\/#website","url":"https:\/\/www.estrategiaconcursos.com.br\/blog\/","name":"Estrat\u00e9gia Concursos","description":"O blog da Estrat\u00e9gia Concursos traz not\u00edcias sobre concursos e artigos de professores oferecendo cursos para concursos (pdf + videaulas) no site.","publisher":{"@id":"https:\/\/www.estrategiaconcursos.com.br\/blog\/#organization"},"potentialAction":[{"@type":"SearchAction","target":{"@type":"EntryPoint","urlTemplate":"https:\/\/www.estrategiaconcursos.com.br\/blog\/?s={search_term_string}"},"query-input":{"@type":"PropertyValueSpecification","valueRequired":true,"valueName":"search_term_string"}}],"inLanguage":"pt-BR"},{"@type":"Organization","@id":"https:\/\/www.estrategiaconcursos.com.br\/blog\/#organization","name":"Estrat\u00e9gia Concursos","url":"https:\/\/www.estrategiaconcursos.com.br\/blog\/","logo":{"@type":"ImageObject","inLanguage":"pt-BR","@id":"https:\/\/www.estrategiaconcursos.com.br\/blog\/#\/schema\/logo\/image\/","url":"https:\/\/dhg1h5j42swfq.cloudfront.net\/2025\/06\/03203428\/logo_concursos-1.jpg","contentUrl":"https:\/\/dhg1h5j42swfq.cloudfront.net\/2025\/06\/03203428\/logo_concursos-1.jpg","width":230,"height":60,"caption":"Estrat\u00e9gia Concursos"},"image":{"@id":"https:\/\/www.estrategiaconcursos.com.br\/blog\/#\/schema\/logo\/image\/"},"sameAs":["https:\/\/x.com\/EstratConcursos"]},{"@type":"Person","@id":"https:\/\/www.estrategiaconcursos.com.br\/blog\/#\/schema\/person\/e45245f931dbe7daa788a36aeae3db76","name":"Bruno Klippel","image":{"@type":"ImageObject","inLanguage":"pt-BR","@id":"https:\/\/secure.gravatar.com\/avatar\/555136b5a9f57831d9839d55086ed04254bbba23fd861d79951efc1f321b41cf?s=96&d=mm&r=g","url":"https:\/\/secure.gravatar.com\/avatar\/555136b5a9f57831d9839d55086ed04254bbba23fd861d79951efc1f321b41cf?s=96&d=mm&r=g","contentUrl":"https:\/\/secure.gravatar.com\/avatar\/555136b5a9f57831d9839d55086ed04254bbba23fd861d79951efc1f321b41cf?s=96&d=mm&r=g","caption":"Bruno Klippel"},"sameAs":["https:\/\/www.facebook.com\/bruno.klippel","https:\/\/x.com\/https:\/\/twitter.com\/brunoklippel"],"url":"https:\/\/www.estrategiaconcursos.com.br\/blog\/author\/brunoklippelestrategiaconcursos-com-br\/"}]}},"_links":{"self":[{"href":"https:\/\/www.estrategiaconcursos.com.br\/blog\/wp-json\/wp\/v2\/posts\/10032","targetHints":{"allow":["GET"]}}],"collection":[{"href":"https:\/\/www.estrategiaconcursos.com.br\/blog\/wp-json\/wp\/v2\/posts"}],"about":[{"href":"https:\/\/www.estrategiaconcursos.com.br\/blog\/wp-json\/wp\/v2\/types\/post"}],"author":[{"embeddable":true,"href":"https:\/\/www.estrategiaconcursos.com.br\/blog\/wp-json\/wp\/v2\/users\/123"}],"replies":[{"embeddable":true,"href":"https:\/\/www.estrategiaconcursos.com.br\/blog\/wp-json\/wp\/v2\/comments?post=10032"}],"version-history":[{"count":1,"href":"https:\/\/www.estrategiaconcursos.com.br\/blog\/wp-json\/wp\/v2\/posts\/10032\/revisions"}],"predecessor-version":[{"id":116247,"href":"https:\/\/www.estrategiaconcursos.com.br\/blog\/wp-json\/wp\/v2\/posts\/10032\/revisions\/116247"}],"wp:attachment":[{"href":"https:\/\/www.estrategiaconcursos.com.br\/blog\/wp-json\/wp\/v2\/media?parent=10032"}],"wp:term":[{"taxonomy":"category","embeddable":true,"href":"https:\/\/www.estrategiaconcursos.com.br\/blog\/wp-json\/wp\/v2\/categories?post=10032"},{"taxonomy":"post_tag","embeddable":true,"href":"https:\/\/www.estrategiaconcursos.com.br\/blog\/wp-json\/wp\/v2\/tags?post=10032"},{"taxonomy":"tax_estado","embeddable":true,"href":"https:\/\/www.estrategiaconcursos.com.br\/blog\/wp-json\/wp\/v2\/tax_estado?post=10032"}],"curies":[{"name":"wp","href":"https:\/\/api.w.org\/{rel}","templated":true}]}}