{"id":1002971,"date":"2022-04-06T11:18:50","date_gmt":"2022-04-06T14:18:50","guid":{"rendered":"https:\/\/www.estrategiaconcursos.com.br\/blog\/?p=1002971"},"modified":"2023-07-24T11:12:48","modified_gmt":"2023-07-24T14:12:48","slug":"concurso-pc-am-recursos-escrivao-investigador","status":"publish","type":"post","link":"https:\/\/www.estrategiaconcursos.com.br\/blog\/concurso-pc-am-recursos-escrivao-investigador\/","title":{"rendered":"Concurso PC AM: recursos para Escriv\u00e3o e Investigador"},"content":{"rendered":"\n<p style=\"font-size:clamp(14.642px, 0.915rem + ((1vw - 3.2px) * 0.721), 22px);\"><strong><em>Quer interpor recursos contra o gabarito do concurso PC AM? Confira as possibilidades neste artigo!<\/em><\/strong><\/p>\n\n\n\n<p>O concurso da Pol\u00edcia Civil do Amazonas teve suas provas aplicadas neste \u00faltimo domingo, 3 de abril. E, recentemente, foram divulgados os <a href=\"https:\/\/www.estrategiaconcursos.com.br\/blog\/concurso-pc-am-gabaritos\/\" target=\"_blank\" rel=\"noreferrer noopener\">gabaritos preliminares<\/a>.&nbsp;<\/p>\n\n\n\n<p><strong>Pretende interpor recurso para Escriv\u00e3o ou Investigador<\/strong> <strong>do concurso PC AM?<\/strong> Todo o processo deve ser realizado no prazo de dois dias \u00fateis, ou seja,&nbsp;<strong>de 6 e 7 de abril<\/strong>, atrav\u00e9s do&nbsp;<a href=\"https:\/\/conhecimento.fgv.br\/concursos\/pcam21\/02\" target=\"_blank\" rel=\"noreferrer noopener\">site da FGV<\/a>.<\/p>\n\n\n\n<p>E para te ajudar, assim como realizaram a corre\u00e7\u00e3o extraoficial da prova, nossos professores tamb\u00e9m analisaram os gabaritos provis\u00f3rios e identificaram algumas possibilidades de recursos. Confira abaixo e n\u00e3o perca o prazo!<\/p>\n\n\n\n<ul class=\"wp-block-list\" id=\"indice\">\n<li><a href=\"#recursos-escrivao\">Recursos para Escriv\u00e3o PC AM<\/a><\/li>\n\n\n\n<li><a href=\"#recursos-investigador\">Recursos para Investigador PC AM<\/a><\/li>\n<\/ul>\n\n\n\n<h2 class=\"wp-block-heading has-pale-cyan-blue-background-color has-background\" id=\"recursos-escrivao\">Concurso PC AM \u2013 recursos para Escriv\u00e3o<\/h2>\n\n\n\n<h2 class=\"wp-block-heading has-cyan-bluish-gray-background-color has-background has-medium-font-size\" id=\"medicina\">Concurso PC AM Escriv\u00e3o \u2013 recursos de Arquivologia<\/h2>\n\n\n\n<p>Ol\u00e1, minha turma do Estrat\u00e9gia! Aqui \u00e9 o Bruno Duarte, professor de arquivologia, e venho alertar voc\u00eas sobre a possibilidade de <strong>anula\u00e7\u00e3o<\/strong> de uma quest\u00e3o da prova da Pol\u00edcia Civil do Amazonas por estar <strong>fora do conte\u00fado program\u00e1tico do edital<\/strong>.<\/p>\n\n\n\n<p>A quest\u00e3o em an\u00e1lise \u00e9 a de n\u00famero 41, aplicada para o cargo de escriv\u00e3o:<\/p>\n\n\n\n<p><em>41. Conforme a Lei n\u00ba 8.159\/1991, tamb\u00e9m conhecida como a Lei de Arquivos, \u00e9 dever do Poder P\u00fablico a gest\u00e3o documental e a prote\u00e7\u00e3o especial a documentos de arquivos, como instrumento de apoio \u00e0 administra\u00e7\u00e3o, \u00e0 cultura, ao desenvolvimento cient\u00edfico e como elementos de prova e informa\u00e7\u00e3o. A institui\u00e7\u00e3o arquiv\u00edstica competente sobre a Pol\u00edcia Civil do Estado do Amazonas \u00e9:<\/em><\/p>\n\n\n\n<ul class=\"wp-block-list\">\n<li>A) a Assembleia Legislativa do Estado do Amazonas;<\/li>\n\n\n\n<li>B) o Conselho Nacional de Arquivos;<\/li>\n\n\n\n<li>C) o Arquivo Nacional;<\/li>\n\n\n\n<li>D) o Arquivo P\u00fablico do Estado do Amazonas;<\/li>\n\n\n\n<li>E) o Arquivo da Pol\u00edcia Civil do Estado do Amazonas.<\/li>\n<\/ul>\n\n\n\n<p>N\u00e3o h\u00e1 problemas com a constru\u00e7\u00e3o da quest\u00e3o, inclusive ela possui resposta correta. O que provoca o recurso \u00e9 estar <strong>fora do edital<\/strong>:<\/p>\n\n\n\n<p><em>NO\u00c7\u00d5ES DE ARQUIVOLOGIA: Princ\u00edpio da proveni\u00eancia. Teoria das tr\u00eas idades de arquivo. Gest\u00e3o de documentos. Protocolo. Instrumentos de gest\u00e3o de documentos. Plano de classifica\u00e7\u00e3o. Tabelas de temporalidade. Arquivos permanentes: arranjo e descri\u00e7\u00e3o. Preserva\u00e7\u00e3o, conserva\u00e7\u00e3o e restaura\u00e7\u00e3o de documentos arquiv\u00edsticos.<\/em><\/p>\n\n\n\n<p>Em seguida, apresento um <strong>modelo de recurso para a anula\u00e7\u00e3o da quest\u00e3o<\/strong>. Aten\u00e7\u00e3o! Recomendo que voc\u00ea fa\u00e7a alguma adapta\u00e7\u00e3o ou modifica\u00e7\u00e3o de texto para que n\u00e3o tenhamos problemas com a banca, em virtude do excesso de recursos repetidos.<\/p>\n\n\n\n<p><strong>Recurso<\/strong>:<\/p>\n\n\n\n<p>Requeiro a anula\u00e7\u00e3o da quest\u00e3o n\u00famero 41, aplicada no tipo azul, para o cargo de escriv\u00e3o, no bloco de no\u00e7\u00f5es de arquivologia, pois verifica-se que o assunto est\u00e1 fora do conte\u00fado program\u00e1tico do edital. <\/p>\n\n\n\n<p>A referida quest\u00e3o trata da Pol\u00edtica Nacional de Arquivos P\u00fablicos e Privados, a qual o candidato s\u00f3 consegue chegar a uma resposta correta tendo estudado a Lei n. 8.159\/1991, especialmente o art. 17. <\/p>\n\n\n\n<p>O conte\u00fado program\u00e1tico do edital n\u00e3o faz qualquer men\u00e7\u00e3o sobre a legisla\u00e7\u00e3o ou sobre a pol\u00edtica nacional de arquivos, nem ao mesmo cita de forma gen\u00e9rica \u201clegisla\u00e7\u00e3o arquiv\u00edstica\u201d. <\/p>\n\n\n\n<p>A quest\u00e3o vislumbra a compet\u00eancia arquiv\u00edstica sobre a Pol\u00edcia Civil do Amazonas, resposta que s\u00f3 \u00e9 poss\u00edvel chegar, novamente, com base Lei 8.159\/91, que n\u00e3o \u00e9 objeto do edital.<\/p>\n\n\n\n<h2 class=\"wp-block-heading has-cyan-bluish-gray-background-color has-background has-medium-font-size\" id=\"medicina\">Concurso PC AM Escriv\u00e3o \u2013 recursos de Portugu\u00eas<\/h2>\n\n\n\n<p><strong>Recurso quest\u00e3o 2 \u2013 Escriv\u00e3o prova tipo 4<\/strong><\/p>\n\n\n\n<p>A quest\u00e3o 2 se apoia em uma estrutura formada por tr\u00eas ora\u00e7\u00f5es para o seu comando, que s\u00e3o: O neur\u00f3tico constr\u00f3i um castelo no ar. O psic\u00f3tico mora nele. O psiquiatra cobra aluguel. <\/p>\n\n\n\n<p>A partir dessa estrutura, surge o comando: \u201cse trocarmos a pontua\u00e7\u00e3o entre as frases por conectivos, a forma adequada ser\u00e1:\u201d. <\/p>\n\n\n\n<p>Inicialmente nota-se que existe falta de objetividade nesse comando, pois, quando a banca menciona \u201cforma adequada\u201d, n\u00e3o est\u00e1 claro se \u00e9 no sentido gramatical ou sem\u00e2ntico (sentido original), logo, o comando vago dificulta o entendimento. <\/p>\n\n\n\n<p>Outro ponto fulcral diz respeito \u00e0 estrutura das frases, trata-se de uma constru\u00e7\u00e3o coordenada, as frases est\u00e3o coordenadas entre si, pois h\u00e1 entre elas ponto final. Esse aspecto \u00e9 fundamental uma vez que mostra a rela\u00e7\u00e3o existente entre esses trechos, uma rela\u00e7\u00e3o coordenada. <\/p>\n\n\n\n<p>De todas as alternativas, a \u00fanica que pode ser adequada \u00e9 a letra D, j\u00e1 que ela apresenta conjun\u00e7\u00f5es coordenativas. N\u00e3o existe rela\u00e7\u00e3o de depend\u00eancia entre as ora\u00e7\u00f5es que justifique a escolha de uma alternativa com conjun\u00e7\u00e3o subordinativa, como apresenta o gabarito preliminar da banca. <\/p>\n\n\n\n<p>Portanto, solicita-se a altera\u00e7\u00e3o de gabarito para a letra D.<\/p>\n\n\n\n<p><strong>Recurso quest\u00e3o 4 \u2013 escriv\u00e3o prova tipo 4<\/strong><\/p>\n\n\n\n<p>A quest\u00e3o 4 apresenta o comando: Assinale a frase abaixo que n\u00e3o exemplifica qualquer tipo de compara\u00e7\u00e3o, ou seja, de forma objetiva ou figurada n\u00e3o existe essa compara\u00e7\u00e3o. <\/p>\n\n\n\n<p>A alternativa E n\u00e3o apresenta uma compara\u00e7\u00e3o como a banca sugere, pois foi dada como errada. A letra E afirma: A noite caiu mais cedo, ocultando as formas. <\/p>\n\n\n\n<p>O que se tem nesse caso \u00e9 a apresenta\u00e7\u00e3o de um fen\u00f4meno da natureza, o cair da noite. O uso do verbo \u201ccair\u201d \u00e9 correto para fen\u00f4menos naturais, como em \u201ccaiu a chuva\u201d, \u201ccaiu neve\u201d, por exemplo. <\/p>\n\n\n\n<p>Logo, n\u00e3o h\u00e1 qualquer compara\u00e7\u00e3o. A sequ\u00eancia \u201cocultando as formas\u201d \u00e9 a consequ\u00eancia do cair da noite e n\u00e3o uma compara\u00e7\u00e3o, entre ocultar formas e cair a noite existe uma rela\u00e7\u00e3o de efeito de uma a\u00e7\u00e3o. <\/p>\n\n\n\n<p>Por essa raz\u00e3o, n\u00e3o h\u00e1 apenas uma alternativa como correta, mas duas. Logo solicita-se a anula\u00e7\u00e3o da quest\u00e3o.<\/p>\n\n\n\n<p><strong>Recurso quest\u00e3o 7 \u2013 Escriv\u00e3o prova tipo 4<\/strong><\/p>\n\n\n\n<p>A quest\u00e3o 7 apresenta um trecho de texto para que a estrat\u00e9gia \u00e0 qual se baseia o racioc\u00ednio seja encontrada. O trecho para reflex\u00e3o \u00e9: Examinando as jabuticabeiras de seu terreno, chegou \u00e0 conclus\u00e3o de que o melhor seria contratar um engenheiro agr\u00f4nomo que pudesse auxili\u00e1-lo no controle de pragas.<\/p>\n\n\n\n<p>Dado o trecho existem alternativas que podem se encaixar nessa estrat\u00e9gia, al\u00e9m da alternativa dada pela banca. A primeira possibilidade \u00e9 a letra C, que afirma: estabelece uma rela\u00e7\u00e3o de causa e efeito. <\/p>\n\n\n\n<p>Nesse sentido, a causa \u00e9 a observa\u00e7\u00e3o do sujeito quanto a sua jabuticabeira, o que o leva a procurar um especialista, ou seja, o efeito para a sua observa\u00e7\u00e3o. Lei de a\u00e7\u00e3o e rea\u00e7\u00e3o, toda a\u00e7\u00e3o gera uma rea\u00e7\u00e3o, nesse contexto essa premissa \u00e9 verdadeira. <\/p>\n\n\n\n<p>Outra alternativa plaus\u00edvel \u00e9 a letra D, pois a decis\u00e3o de chamar um especialista parte de uma an\u00e1lise do sujeito das jabuticabeiras de seu terreno, isto \u00e9, de uma experi\u00eancia pessoal que o faz acreditar haver a necessidade de aux\u00edlio de um engenheiro agr\u00f4nomo. <\/p>\n\n\n\n<p>Assim, dada a amplitude de sentidos do trecho, solicita-se a anula\u00e7\u00e3o da quest\u00e3o por haver mais de uma assertiva correta.<\/p>\n\n\n\n<h2 class=\"wp-block-heading has-pale-cyan-blue-background-color has-background\" id=\"recursos-investigador\">Concurso PC AM \u2013 recursos para Investigador<\/h2>\n\n\n\n<h2 class=\"wp-block-heading has-cyan-bluish-gray-background-color has-background has-medium-font-size\" id=\"medicina\">Concurso PC AM Investigador \u2013 recursos de Portugu\u00eas<\/h2>\n\n\n\n<p>Recurso quest\u00e3o 6 \u2013 Investigador prova tipo 4<\/p>\n\n\n\n<p>A quest\u00e3o 6 se apoia no m\u00e9todo indutivo para que o candidato encontre a alternativa correta. Esse tipo de m\u00e9todo considera a impress\u00e3o pessoal, a perspectiva individual, o vi\u00e9s constru\u00eddo a partir de algo menor para algo maior. <\/p>\n\n\n\n<p>Essa forma de racioc\u00ednio considera um aspecto diminuto e o aplica ao coletivo, ao maior. Dadas as alternativas apresentadas, p\u00f4de-se perceber que tanto a letra A quanto a letra B apresentam essa no\u00e7\u00e3o. <\/p>\n\n\n\n<p>A letra A afirma: os turistas amam curiosidades, da\u00ed que um bom guia tenha um bom estoque delas no seu repert\u00f3rio. <\/p>\n\n\n\n<p>Nesse sentido, nota-se que existe a percep\u00e7\u00e3o de algo particular, pois h\u00e1 uma afirma\u00e7\u00e3o inicial sobre os turistas, de que esses amam curiosidades, ainda que essa n\u00e3o possa ser uma afirma\u00e7\u00e3o generalizada, trata-se de uma afirma\u00e7\u00e3o pessoal. <\/p>\n\n\n\n<p>Desse modo, a partir dessa afirma\u00e7\u00e3o, tem-se sua aplica\u00e7\u00e3o de modo gen\u00e9rico, vago, ao afirmar que um bom guia precisa ter um estoque delas, ou seja, generaliza a profiss\u00e3o, coloca todos os guias em um patamar de expectativa para que seja considerado bom. <\/p>\n\n\n\n<p>Tendo em vista essa forma de interpretar a alternativa, solicita-se a anula\u00e7\u00e3o da quest\u00e3o, j\u00e1 que existe mais de uma alternativa como correta.<\/p>\n\n\n\n<h2 class=\"wp-block-heading has-text-align-center has-cyan-bluish-gray-background-color has-background has-medium-font-size\" id=\"cursos-assinatura\">Saiba mais: <a href=\"https:\/\/www.estrategiaconcursos.com.br\/blog\/concurso-pc-am\/\" target=\"_blank\" rel=\"noreferrer noopener\">Concurso Pol\u00edcia Civil AM<\/a><\/h2>\n\n\n\n<hr class=\"wp-block-separator has-css-opacity\"\/>\n\n\n\n<h2 class=\"wp-block-heading has-text-align-center\" id=\"h-quer-saber-tudo-sobre-concursos-previstos-confira-nossos-artigos\">Quer saber tudo sobre concursos previstos?<br \/>Confira nossos artigos!<\/h2>\n\n\n\n<ul class=\"wp-block-list\">\n<li><a href=\"https:\/\/www.estrategiaconcursos.com.br\/blog\/concursos-abertos\/\" target=\"_blank\" rel=\"noreferrer noopener\">Concursos abertos<\/a><\/li>\n\n\n\n<li><a href=\"https:\/\/www.estrategiaconcursos.com.br\/blog\/concursos-2022\/\" target=\"_blank\" rel=\"noreferrer noopener\">Concursos 2022<\/a><\/li>\n<\/ul>\n\n\n\n<div class=\"container\" id=\"boxes\">\n  <div class=\"row\">\n\n    <div class=\"col-sm\">\n      <div class=\"banner-policial\" id=\"box-assinatura\">\n        <h3 class=\"titulo-assinatura\">Concurso PC AM<\/h3>\n        <p class=\"subtitulo-assinatura\">Conhe\u00e7a os cursos<\/p>\n        <div class=\"box-botao\">\n          <a class=\"btn-assinatura\" target=\"_blank\" href=\"https:\/\/www.estrategiaconcursos.com.br\/cursosPorConcurso\/policia-civil-de-amazonas-pc-am\/\" role=\"button\" rel=\"noopener noreferrer\">Conhe\u00e7a mais<\/a>\n        <\/div>\n      <\/div>\n    \n    <\/div>\n\n  <\/div>\n<\/div>\n\n\n\n<div class=\"container\" id=\"boxes\">\n  <div class=\"row\">\n\n    <div class=\"col-sm\">\n      <div class=\"estrategia\" id=\"box-assinatura\">\n        <h3 class=\"titulo-assinatura\">Assinatura Concursos<\/h3>\n        <p class=\"subtitulo-assinatura\">Assinatura de 1 ano ou 2 anos<\/p>\n        <div class=\"box-botao\">\n          <a class=\"btn-assinatura\" target=\"_blank\" href=\"https:\/\/www.estrategiaconcursos.com.br\/assinaturas\/\" role=\"button\" rel=\"noopener noreferrer\">ASSINE AGORA<\/a>\n        <\/div>\n      <\/div>\n     \n    <\/div><\/div><\/div>\n","protected":false},"excerpt":{"rendered":"<p>Quer interpor recursos contra o gabarito do concurso PC AM? Confira as possibilidades neste artigo! O concurso da Pol\u00edcia Civil do Amazonas teve suas provas aplicadas neste \u00faltimo domingo, 3 de abril. E, recentemente, foram divulgados os gabaritos preliminares.&nbsp; Pretende interpor recurso para Escriv\u00e3o ou Investigador do concurso PC AM? Todo o processo deve ser [&hellip;]<\/p>\n","protected":false},"author":1206,"featured_media":772567,"comment_status":"open","ping_status":"closed","sticky":false,"template":"","format":"standard","meta":{"post_tipo":"news","footnotes":""},"categories":[1988,220219],"tags":[],"tax_estado":[219966],"class_list":["post-1002971","post","type-post","status-publish","format-standard","has-post-thumbnail","hentry","category-policia","category-noticias","tax_estado-am"],"acf":[],"yoast_head":"<!-- This site is optimized with the Yoast SEO Premium plugin v27.2 (Yoast SEO v27.2) - https:\/\/yoast.com\/product\/yoast-seo-premium-wordpress\/ -->\n<title>Concurso PC AM: recursos para Escriv\u00e3o e Investigador<\/title>\n<meta name=\"description\" content=\"Confira as possibilidades de recursos na prova de Escriv\u00e3o e Investigador do concurso PC AM. Acesse e veja os detalhes!\" \/>\n<meta name=\"robots\" content=\"index, follow, max-snippet:-1, max-image-preview:large, max-video-preview:-1\" \/>\n<link rel=\"canonical\" href=\"https:\/\/www.estrategiaconcursos.com.br\/blog\/concurso-pc-am-recursos-escrivao-investigador\/\" \/>\n<meta property=\"og:locale\" content=\"pt_BR\" \/>\n<meta property=\"og:type\" content=\"article\" \/>\n<meta property=\"og:title\" content=\"Concurso PC AM: recursos para Escriv\u00e3o e Investigador\" \/>\n<meta property=\"og:description\" content=\"Confira as possibilidades de recursos na prova de Escriv\u00e3o e Investigador do concurso PC AM. Acesse e veja os detalhes!\" \/>\n<meta property=\"og:url\" content=\"https:\/\/www.estrategiaconcursos.com.br\/blog\/concurso-pc-am-recursos-escrivao-investigador\/\" \/>\n<meta property=\"og:site_name\" content=\"Estrat\u00e9gia Concursos\" \/>\n<meta property=\"article:published_time\" content=\"2022-04-06T14:18:50+00:00\" \/>\n<meta property=\"article:modified_time\" content=\"2023-07-24T14:12:48+00:00\" \/>\n<meta property=\"og:image\" content=\"https:\/\/dhg1h5j42swfq.cloudfront.net\/2021\/06\/21120554\/pc-am.jpg\" \/>\n\t<meta property=\"og:image:width\" content=\"768\" \/>\n\t<meta property=\"og:image:height\" content=\"432\" \/>\n\t<meta property=\"og:image:type\" content=\"image\/jpeg\" \/>\n<meta name=\"author\" content=\"Bruna de Andrade Fran\u00e7a\" \/>\n<meta name=\"twitter:card\" content=\"summary_large_image\" \/>\n<meta name=\"twitter:creator\" content=\"@EstratConcursos\" \/>\n<meta name=\"twitter:site\" content=\"@EstratConcursos\" \/>\n<meta name=\"twitter:label1\" content=\"Escrito por\" \/>\n\t<meta name=\"twitter:data1\" content=\"Bruna de Andrade Fran\u00e7a\" \/>\n\t<meta name=\"twitter:label2\" content=\"Est. tempo de leitura\" \/>\n\t<meta name=\"twitter:data2\" content=\"8 minutos\" \/>\n<script type=\"application\/ld+json\" class=\"yoast-schema-graph\">{\"@context\":\"https:\/\/schema.org\",\"@graph\":[{\"@type\":\"NewsArticle\",\"@id\":\"https:\/\/www.estrategiaconcursos.com.br\/blog\/concurso-pc-am-recursos-escrivao-investigador\/#article\",\"isPartOf\":{\"@id\":\"https:\/\/www.estrategiaconcursos.com.br\/blog\/concurso-pc-am-recursos-escrivao-investigador\/\"},\"author\":{\"name\":\"Bruna de Andrade Fran\u00e7a\",\"@id\":\"https:\/\/www.estrategiaconcursos.com.br\/blog\/#\/schema\/person\/6630f91134abc08115cca62ce6372855\"},\"headline\":\"Concurso PC AM: recursos para Escriv\u00e3o e Investigador\",\"datePublished\":\"2022-04-06T14:18:50+00:00\",\"dateModified\":\"2023-07-24T14:12:48+00:00\",\"mainEntityOfPage\":{\"@id\":\"https:\/\/www.estrategiaconcursos.com.br\/blog\/concurso-pc-am-recursos-escrivao-investigador\/\"},\"wordCount\":1456,\"commentCount\":0,\"publisher\":{\"@id\":\"https:\/\/www.estrategiaconcursos.com.br\/blog\/#organization\"},\"image\":{\"@id\":\"https:\/\/www.estrategiaconcursos.com.br\/blog\/concurso-pc-am-recursos-escrivao-investigador\/#primaryimage\"},\"thumbnailUrl\":\"https:\/\/dhg1h5j42swfq.cloudfront.net\/2021\/06\/21120554\/pc-am.jpg\",\"articleSection\":[\"Policial (Agente, Escriv\u00e3o e Investigador)\",\"\u00daltimas not\u00edcias\"],\"inLanguage\":\"pt-BR\",\"potentialAction\":[{\"@type\":\"CommentAction\",\"name\":\"Comment\",\"target\":[\"https:\/\/www.estrategiaconcursos.com.br\/blog\/concurso-pc-am-recursos-escrivao-investigador\/#respond\"]}],\"copyrightYear\":\"2022\",\"copyrightHolder\":{\"@id\":\"https:\/\/www.estrategiaconcursos.com.br\/blog\/#organization\"}},{\"@type\":\"WebPage\",\"@id\":\"https:\/\/www.estrategiaconcursos.com.br\/blog\/concurso-pc-am-recursos-escrivao-investigador\/\",\"url\":\"https:\/\/www.estrategiaconcursos.com.br\/blog\/concurso-pc-am-recursos-escrivao-investigador\/\",\"name\":\"Concurso PC AM: recursos para Escriv\u00e3o e Investigador\",\"isPartOf\":{\"@id\":\"https:\/\/www.estrategiaconcursos.com.br\/blog\/#website\"},\"primaryImageOfPage\":{\"@id\":\"https:\/\/www.estrategiaconcursos.com.br\/blog\/concurso-pc-am-recursos-escrivao-investigador\/#primaryimage\"},\"image\":{\"@id\":\"https:\/\/www.estrategiaconcursos.com.br\/blog\/concurso-pc-am-recursos-escrivao-investigador\/#primaryimage\"},\"thumbnailUrl\":\"https:\/\/dhg1h5j42swfq.cloudfront.net\/2021\/06\/21120554\/pc-am.jpg\",\"datePublished\":\"2022-04-06T14:18:50+00:00\",\"dateModified\":\"2023-07-24T14:12:48+00:00\",\"description\":\"Confira as possibilidades de recursos na prova de Escriv\u00e3o e Investigador do concurso PC AM. Acesse e veja os detalhes!\",\"breadcrumb\":{\"@id\":\"https:\/\/www.estrategiaconcursos.com.br\/blog\/concurso-pc-am-recursos-escrivao-investigador\/#breadcrumb\"},\"inLanguage\":\"pt-BR\",\"potentialAction\":[{\"@type\":\"ReadAction\",\"target\":[\"https:\/\/www.estrategiaconcursos.com.br\/blog\/concurso-pc-am-recursos-escrivao-investigador\/\"]}]},{\"@type\":\"ImageObject\",\"inLanguage\":\"pt-BR\",\"@id\":\"https:\/\/www.estrategiaconcursos.com.br\/blog\/concurso-pc-am-recursos-escrivao-investigador\/#primaryimage\",\"url\":\"https:\/\/dhg1h5j42swfq.cloudfront.net\/2021\/06\/21120554\/pc-am.jpg\",\"contentUrl\":\"https:\/\/dhg1h5j42swfq.cloudfront.net\/2021\/06\/21120554\/pc-am.jpg\",\"width\":768,\"height\":432,\"caption\":\"PC AM\"},{\"@type\":\"BreadcrumbList\",\"@id\":\"https:\/\/www.estrategiaconcursos.com.br\/blog\/concurso-pc-am-recursos-escrivao-investigador\/#breadcrumb\",\"itemListElement\":[{\"@type\":\"ListItem\",\"position\":1,\"name\":\"In\u00edcio\",\"item\":\"https:\/\/www.estrategiaconcursos.com.br\/blog\/\"},{\"@type\":\"ListItem\",\"position\":2,\"name\":\"Concurso PC AM: recursos para Escriv\u00e3o e Investigador\"}]},{\"@type\":\"WebSite\",\"@id\":\"https:\/\/www.estrategiaconcursos.com.br\/blog\/#website\",\"url\":\"https:\/\/www.estrategiaconcursos.com.br\/blog\/\",\"name\":\"Estrat\u00e9gia Concursos\",\"description\":\"O blog da Estrat\u00e9gia Concursos traz not\u00edcias sobre concursos e artigos de professores oferecendo cursos para concursos (pdf + videaulas) no site.\",\"publisher\":{\"@id\":\"https:\/\/www.estrategiaconcursos.com.br\/blog\/#organization\"},\"potentialAction\":[{\"@type\":\"SearchAction\",\"target\":{\"@type\":\"EntryPoint\",\"urlTemplate\":\"https:\/\/www.estrategiaconcursos.com.br\/blog\/?s={search_term_string}\"},\"query-input\":{\"@type\":\"PropertyValueSpecification\",\"valueRequired\":true,\"valueName\":\"search_term_string\"}}],\"inLanguage\":\"pt-BR\"},{\"@type\":\"Organization\",\"@id\":\"https:\/\/www.estrategiaconcursos.com.br\/blog\/#organization\",\"name\":\"Estrat\u00e9gia Concursos\",\"url\":\"https:\/\/www.estrategiaconcursos.com.br\/blog\/\",\"logo\":{\"@type\":\"ImageObject\",\"inLanguage\":\"pt-BR\",\"@id\":\"https:\/\/www.estrategiaconcursos.com.br\/blog\/#\/schema\/logo\/image\/\",\"url\":\"https:\/\/dhg1h5j42swfq.cloudfront.net\/2025\/06\/03203428\/logo_concursos-1.jpg\",\"contentUrl\":\"https:\/\/dhg1h5j42swfq.cloudfront.net\/2025\/06\/03203428\/logo_concursos-1.jpg\",\"width\":230,\"height\":60,\"caption\":\"Estrat\u00e9gia Concursos\"},\"image\":{\"@id\":\"https:\/\/www.estrategiaconcursos.com.br\/blog\/#\/schema\/logo\/image\/\"},\"sameAs\":[\"https:\/\/x.com\/EstratConcursos\"]},{\"@type\":\"Person\",\"@id\":\"https:\/\/www.estrategiaconcursos.com.br\/blog\/#\/schema\/person\/6630f91134abc08115cca62ce6372855\",\"name\":\"Bruna de Andrade Fran\u00e7a\",\"image\":{\"@type\":\"ImageObject\",\"inLanguage\":\"pt-BR\",\"@id\":\"https:\/\/secure.gravatar.com\/avatar\/d6316d36d50cea0fadae28ed3015b8870cc90a2d3d8a95c37b44006af36a00e3?s=96&d=mm&r=g\",\"url\":\"https:\/\/secure.gravatar.com\/avatar\/d6316d36d50cea0fadae28ed3015b8870cc90a2d3d8a95c37b44006af36a00e3?s=96&d=mm&r=g\",\"contentUrl\":\"https:\/\/secure.gravatar.com\/avatar\/d6316d36d50cea0fadae28ed3015b8870cc90a2d3d8a95c37b44006af36a00e3?s=96&d=mm&r=g\",\"caption\":\"Bruna de Andrade Fran\u00e7a\"},\"description\":\"Bruna de Andrade Fran\u00e7a \u00e9 publicit\u00e1ria com p\u00f3s-gradua\u00e7\u00e3o em Marketing &amp; Growth, atuando h\u00e1 mais de 6 anos no universo dos concursos p\u00fablicos. Desde 2021, lidera no Blog do Estrat\u00e9gia Concursos a cobertura editorial especializada em Concursos Policiais (PF, PRF, PM, PC, etc.), al\u00e9m das frentes de concursos banc\u00e1rios, de sa\u00fade e da \u00e1rea legislativa. Especialista em reda\u00e7\u00e3o, com pr\u00e1ticas de SEO e Copywriting, possui tamb\u00e9m atua\u00e7\u00e3o pr\u00e1tica de contato direto com \u00f3rg\u00e3os p\u00fablicos respons\u00e1veis por editais, permitindo acesso antecipado a informa\u00e7\u00f5es, desdobramentos importantes e atualiza\u00e7\u00e3o eficiente dos concursos p\u00fablicos.\",\"url\":\"https:\/\/www.estrategiaconcursos.com.br\/blog\/author\/bruna-andrade\/\"}]}<\/script>\n<!-- \/ Yoast SEO Premium plugin. -->","yoast_head_json":{"title":"Concurso PC AM: recursos para Escriv\u00e3o e Investigador","description":"Confira as possibilidades de recursos na prova de Escriv\u00e3o e Investigador do concurso PC AM. Acesse e veja os detalhes!","robots":{"index":"index","follow":"follow","max-snippet":"max-snippet:-1","max-image-preview":"max-image-preview:large","max-video-preview":"max-video-preview:-1"},"canonical":"https:\/\/www.estrategiaconcursos.com.br\/blog\/concurso-pc-am-recursos-escrivao-investigador\/","og_locale":"pt_BR","og_type":"article","og_title":"Concurso PC AM: recursos para Escriv\u00e3o e Investigador","og_description":"Confira as possibilidades de recursos na prova de Escriv\u00e3o e Investigador do concurso PC AM. Acesse e veja os detalhes!","og_url":"https:\/\/www.estrategiaconcursos.com.br\/blog\/concurso-pc-am-recursos-escrivao-investigador\/","og_site_name":"Estrat\u00e9gia Concursos","article_published_time":"2022-04-06T14:18:50+00:00","article_modified_time":"2023-07-24T14:12:48+00:00","og_image":[{"width":768,"height":432,"url":"https:\/\/dhg1h5j42swfq.cloudfront.net\/2021\/06\/21120554\/pc-am.jpg","type":"image\/jpeg"}],"author":"Bruna de Andrade Fran\u00e7a","twitter_card":"summary_large_image","twitter_creator":"@EstratConcursos","twitter_site":"@EstratConcursos","twitter_misc":{"Escrito por":"Bruna de Andrade Fran\u00e7a","Est. tempo de leitura":"8 minutos"},"schema":{"@context":"https:\/\/schema.org","@graph":[{"@type":"NewsArticle","@id":"https:\/\/www.estrategiaconcursos.com.br\/blog\/concurso-pc-am-recursos-escrivao-investigador\/#article","isPartOf":{"@id":"https:\/\/www.estrategiaconcursos.com.br\/blog\/concurso-pc-am-recursos-escrivao-investigador\/"},"author":{"name":"Bruna de Andrade Fran\u00e7a","@id":"https:\/\/www.estrategiaconcursos.com.br\/blog\/#\/schema\/person\/6630f91134abc08115cca62ce6372855"},"headline":"Concurso PC AM: recursos para Escriv\u00e3o e Investigador","datePublished":"2022-04-06T14:18:50+00:00","dateModified":"2023-07-24T14:12:48+00:00","mainEntityOfPage":{"@id":"https:\/\/www.estrategiaconcursos.com.br\/blog\/concurso-pc-am-recursos-escrivao-investigador\/"},"wordCount":1456,"commentCount":0,"publisher":{"@id":"https:\/\/www.estrategiaconcursos.com.br\/blog\/#organization"},"image":{"@id":"https:\/\/www.estrategiaconcursos.com.br\/blog\/concurso-pc-am-recursos-escrivao-investigador\/#primaryimage"},"thumbnailUrl":"https:\/\/dhg1h5j42swfq.cloudfront.net\/2021\/06\/21120554\/pc-am.jpg","articleSection":["Policial (Agente, Escriv\u00e3o e Investigador)","\u00daltimas not\u00edcias"],"inLanguage":"pt-BR","potentialAction":[{"@type":"CommentAction","name":"Comment","target":["https:\/\/www.estrategiaconcursos.com.br\/blog\/concurso-pc-am-recursos-escrivao-investigador\/#respond"]}],"copyrightYear":"2022","copyrightHolder":{"@id":"https:\/\/www.estrategiaconcursos.com.br\/blog\/#organization"}},{"@type":"WebPage","@id":"https:\/\/www.estrategiaconcursos.com.br\/blog\/concurso-pc-am-recursos-escrivao-investigador\/","url":"https:\/\/www.estrategiaconcursos.com.br\/blog\/concurso-pc-am-recursos-escrivao-investigador\/","name":"Concurso PC AM: recursos para Escriv\u00e3o e Investigador","isPartOf":{"@id":"https:\/\/www.estrategiaconcursos.com.br\/blog\/#website"},"primaryImageOfPage":{"@id":"https:\/\/www.estrategiaconcursos.com.br\/blog\/concurso-pc-am-recursos-escrivao-investigador\/#primaryimage"},"image":{"@id":"https:\/\/www.estrategiaconcursos.com.br\/blog\/concurso-pc-am-recursos-escrivao-investigador\/#primaryimage"},"thumbnailUrl":"https:\/\/dhg1h5j42swfq.cloudfront.net\/2021\/06\/21120554\/pc-am.jpg","datePublished":"2022-04-06T14:18:50+00:00","dateModified":"2023-07-24T14:12:48+00:00","description":"Confira as possibilidades de recursos na prova de Escriv\u00e3o e Investigador do concurso PC AM. Acesse e veja os detalhes!","breadcrumb":{"@id":"https:\/\/www.estrategiaconcursos.com.br\/blog\/concurso-pc-am-recursos-escrivao-investigador\/#breadcrumb"},"inLanguage":"pt-BR","potentialAction":[{"@type":"ReadAction","target":["https:\/\/www.estrategiaconcursos.com.br\/blog\/concurso-pc-am-recursos-escrivao-investigador\/"]}]},{"@type":"ImageObject","inLanguage":"pt-BR","@id":"https:\/\/www.estrategiaconcursos.com.br\/blog\/concurso-pc-am-recursos-escrivao-investigador\/#primaryimage","url":"https:\/\/dhg1h5j42swfq.cloudfront.net\/2021\/06\/21120554\/pc-am.jpg","contentUrl":"https:\/\/dhg1h5j42swfq.cloudfront.net\/2021\/06\/21120554\/pc-am.jpg","width":768,"height":432,"caption":"PC AM"},{"@type":"BreadcrumbList","@id":"https:\/\/www.estrategiaconcursos.com.br\/blog\/concurso-pc-am-recursos-escrivao-investigador\/#breadcrumb","itemListElement":[{"@type":"ListItem","position":1,"name":"In\u00edcio","item":"https:\/\/www.estrategiaconcursos.com.br\/blog\/"},{"@type":"ListItem","position":2,"name":"Concurso PC AM: recursos para Escriv\u00e3o e Investigador"}]},{"@type":"WebSite","@id":"https:\/\/www.estrategiaconcursos.com.br\/blog\/#website","url":"https:\/\/www.estrategiaconcursos.com.br\/blog\/","name":"Estrat\u00e9gia Concursos","description":"O blog da Estrat\u00e9gia Concursos traz not\u00edcias sobre concursos e artigos de professores oferecendo cursos para concursos (pdf + videaulas) no site.","publisher":{"@id":"https:\/\/www.estrategiaconcursos.com.br\/blog\/#organization"},"potentialAction":[{"@type":"SearchAction","target":{"@type":"EntryPoint","urlTemplate":"https:\/\/www.estrategiaconcursos.com.br\/blog\/?s={search_term_string}"},"query-input":{"@type":"PropertyValueSpecification","valueRequired":true,"valueName":"search_term_string"}}],"inLanguage":"pt-BR"},{"@type":"Organization","@id":"https:\/\/www.estrategiaconcursos.com.br\/blog\/#organization","name":"Estrat\u00e9gia Concursos","url":"https:\/\/www.estrategiaconcursos.com.br\/blog\/","logo":{"@type":"ImageObject","inLanguage":"pt-BR","@id":"https:\/\/www.estrategiaconcursos.com.br\/blog\/#\/schema\/logo\/image\/","url":"https:\/\/dhg1h5j42swfq.cloudfront.net\/2025\/06\/03203428\/logo_concursos-1.jpg","contentUrl":"https:\/\/dhg1h5j42swfq.cloudfront.net\/2025\/06\/03203428\/logo_concursos-1.jpg","width":230,"height":60,"caption":"Estrat\u00e9gia Concursos"},"image":{"@id":"https:\/\/www.estrategiaconcursos.com.br\/blog\/#\/schema\/logo\/image\/"},"sameAs":["https:\/\/x.com\/EstratConcursos"]},{"@type":"Person","@id":"https:\/\/www.estrategiaconcursos.com.br\/blog\/#\/schema\/person\/6630f91134abc08115cca62ce6372855","name":"Bruna de Andrade Fran\u00e7a","image":{"@type":"ImageObject","inLanguage":"pt-BR","@id":"https:\/\/secure.gravatar.com\/avatar\/d6316d36d50cea0fadae28ed3015b8870cc90a2d3d8a95c37b44006af36a00e3?s=96&d=mm&r=g","url":"https:\/\/secure.gravatar.com\/avatar\/d6316d36d50cea0fadae28ed3015b8870cc90a2d3d8a95c37b44006af36a00e3?s=96&d=mm&r=g","contentUrl":"https:\/\/secure.gravatar.com\/avatar\/d6316d36d50cea0fadae28ed3015b8870cc90a2d3d8a95c37b44006af36a00e3?s=96&d=mm&r=g","caption":"Bruna de Andrade Fran\u00e7a"},"description":"Bruna de Andrade Fran\u00e7a \u00e9 publicit\u00e1ria com p\u00f3s-gradua\u00e7\u00e3o em Marketing &amp; Growth, atuando h\u00e1 mais de 6 anos no universo dos concursos p\u00fablicos. Desde 2021, lidera no Blog do Estrat\u00e9gia Concursos a cobertura editorial especializada em Concursos Policiais (PF, PRF, PM, PC, etc.), al\u00e9m das frentes de concursos banc\u00e1rios, de sa\u00fade e da \u00e1rea legislativa. Especialista em reda\u00e7\u00e3o, com pr\u00e1ticas de SEO e Copywriting, possui tamb\u00e9m atua\u00e7\u00e3o pr\u00e1tica de contato direto com \u00f3rg\u00e3os p\u00fablicos respons\u00e1veis por editais, permitindo acesso antecipado a informa\u00e7\u00f5es, desdobramentos importantes e atualiza\u00e7\u00e3o eficiente dos concursos p\u00fablicos.","url":"https:\/\/www.estrategiaconcursos.com.br\/blog\/author\/bruna-andrade\/"}]}},"_links":{"self":[{"href":"https:\/\/www.estrategiaconcursos.com.br\/blog\/wp-json\/wp\/v2\/posts\/1002971","targetHints":{"allow":["GET"]}}],"collection":[{"href":"https:\/\/www.estrategiaconcursos.com.br\/blog\/wp-json\/wp\/v2\/posts"}],"about":[{"href":"https:\/\/www.estrategiaconcursos.com.br\/blog\/wp-json\/wp\/v2\/types\/post"}],"author":[{"embeddable":true,"href":"https:\/\/www.estrategiaconcursos.com.br\/blog\/wp-json\/wp\/v2\/users\/1206"}],"replies":[{"embeddable":true,"href":"https:\/\/www.estrategiaconcursos.com.br\/blog\/wp-json\/wp\/v2\/comments?post=1002971"}],"version-history":[{"count":8,"href":"https:\/\/www.estrategiaconcursos.com.br\/blog\/wp-json\/wp\/v2\/posts\/1002971\/revisions"}],"predecessor-version":[{"id":1253589,"href":"https:\/\/www.estrategiaconcursos.com.br\/blog\/wp-json\/wp\/v2\/posts\/1002971\/revisions\/1253589"}],"wp:featuredmedia":[{"embeddable":true,"href":"https:\/\/www.estrategiaconcursos.com.br\/blog\/wp-json\/wp\/v2\/media\/772567"}],"wp:attachment":[{"href":"https:\/\/www.estrategiaconcursos.com.br\/blog\/wp-json\/wp\/v2\/media?parent=1002971"}],"wp:term":[{"taxonomy":"category","embeddable":true,"href":"https:\/\/www.estrategiaconcursos.com.br\/blog\/wp-json\/wp\/v2\/categories?post=1002971"},{"taxonomy":"post_tag","embeddable":true,"href":"https:\/\/www.estrategiaconcursos.com.br\/blog\/wp-json\/wp\/v2\/tags?post=1002971"},{"taxonomy":"tax_estado","embeddable":true,"href":"https:\/\/www.estrategiaconcursos.com.br\/blog\/wp-json\/wp\/v2\/tax_estado?post=1002971"}],"curies":[{"name":"wp","href":"https:\/\/api.w.org\/{rel}","templated":true}]}}