{"id":1002891,"date":"2025-09-12T08:19:00","date_gmt":"2025-09-12T11:19:00","guid":{"rendered":"https:\/\/www.estrategiaconcursos.com.br\/blog\/?p=1002891"},"modified":"2025-09-12T08:57:11","modified_gmt":"2025-09-12T11:57:11","slug":"concurso-ifrs","status":"publish","type":"post","link":"https:\/\/www.estrategiaconcursos.com.br\/blog\/concurso-ifrs\/","title":{"rendered":"Concurso IFRS: resultados homologados, confira!"},"content":{"rendered":"\n<p>O <a href=\"https:\/\/www.estrategiaconcursos.com.br\/cursos\/concurso\/\" target=\"_blank\" rel=\"noreferrer noopener\">Instituto Federal de Educa\u00e7\u00e3o, Ci\u00eancia e Tecnologia do Rio Grande do Sul<\/a> homologou o <strong>resultado final<\/strong> no edital que ofertou <strong>41 vagas<\/strong>!<\/p>\n\n\n\n<p> As <strong>provas objetivas<\/strong> foram aplicadas no<strong> dia 23 de mar\u00e7o<\/strong>. A lista de aprovados pode ser conferida abaixo:<\/p>\n\n\n\n<ul class=\"wp-block-list\">\n<li><a href=\"https:\/\/www.in.gov.br\/en\/web\/dou\/-\/edital-n-144-de-9-de-setembro-de-2025-655076337\" target=\"_blank\" rel=\"noreferrer noopener\">Homologa\u00e7\u00e3o<\/a><\/li>\n\n\n\n<li><a href=\"https:\/\/www.in.gov.br\/en\/web\/dou\/-\/edital-n-74\/2025-653393828\" target=\"_blank\" rel=\"noreferrer noopener\">Resultado final<\/a>.<\/li>\n<\/ul>\n\n\n\n<p>O edital contou com as seguintes oportunidades:<\/p>\n\n\n\n<ul class=\"wp-block-list\">\n<li>13 vagas + CR para T\u00e9cnico-Administrativos em Educa\u00e7\u00e3o &#8211; TAE <\/li>\n\n\n\n<li>28 vagas + CR vagas para Professor do Ensino B\u00e1sico, T\u00e9cnico e Tecnol\u00f3gico-EBTT.<\/li>\n<\/ul>\n\n\n\n<p>Veja todos os detalhes ao longo do artigo!<\/p>\n\n\n\n<ul class=\"wp-block-list has-very-light-gray-to-cyan-bluish-gray-gradient-background has-background\">\n<li><strong>Concurso IFRS<\/strong><\/li>\n\n\n\n<li><strong>Status:<\/strong>&nbsp;resultado final homologado<\/li>\n\n\n\n<li><strong>Banca:&nbsp;<\/strong>Fundatec<\/li>\n\n\n\n<li><strong>Vagas TAE:<\/strong> 13 + CR<\/li>\n\n\n\n<li><strong>Vagas Professor:<\/strong> 28 + CR<\/li>\n\n\n\n<li><strong>Sal\u00e1rios<\/strong>: TAE (R$ 2.667,19\/R$ 4.556,92) \/ Professor (R$ 4.875,18 a R$ 10.481,64)<\/li>\n\n\n\n<li><strong>Editais:<\/strong> <a href=\"https:\/\/dhg1h5j42swfq.cloudfront.net\/2024\/12\/27064630\/edital-tae-ifrs.pdf\">IFRS TAE 2024<\/a> \/ <a href=\"https:\/\/dhg1h5j42swfq.cloudfront.net\/2024\/12\/27064701\/ifrs-edital-professor-1.pdf\">IFRS Professor 2024<\/a><\/li>\n<\/ul>\n\n\n\n<div class=\"container\" id=\"boxes\">\n  <div class=\"row\">\n\n    <div class=\"col-sm\">\n      <div class=\"banner-estrategia\" id=\"box-assinatura\">\n        <h3 class=\"titulo-assinatura\">Concurso IFRS<\/h3>\n        <p class=\"subtitulo-assinatura\">Estude conosco<\/p>\n        <div class=\"box-botao\">\n          <a class=\"btn-assinatura\" target=\"_blank\" href=\"https:\/\/www.estrategiaconcursos.com.br\/cursosPorConcurso\/instituto-federal-de-educacao-ciencia-e-tecnologia-do-rio-grande-do-sul-ifrs\/\" role=\"button\" rel=\"noopener noreferrer\">Conhe\u00e7a os cursos<\/a>\n        <\/div>\n      <\/div>\n     \n    <\/div>\n\n  <\/div>\n<\/div>\n\n\n\n<p>Veja abaixo o hist\u00f3rico e as informa\u00e7\u00f5es do certame:<\/p>\n\n\n\n<ul class=\"wp-block-list\">\n<li><a href=\"#atual\">Situa\u00e7\u00e3o atual<\/a>\n<ul class=\"wp-block-list\">\n<li><a href=\"#banca-novo-edital\">Principais datas<\/a><\/li>\n<\/ul>\n<\/li>\n\n\n\n<li><a href=\"#TAE\">Cargos e vagas TAE<\/a><\/li>\n\n\n\n<li><a href=\"#professor\">Cargos e vagas Professor<\/a><\/li>\n\n\n\n<li><a href=\"#provaas\">Provas e etapas <\/a><\/li>\n\n\n\n<li><a href=\"#cargos-vagas-2023\">\u00daltimo edital 2023<\/a>\n<ul class=\"wp-block-list\">\n<li><a href=\"#tecnico-2023\">T\u00e9cnico<\/a><\/li>\n\n\n\n<li><a href=\"#superior\">Superior<\/a><\/li>\n\n\n\n<li><a href=\"#superior-professor\">Professor<\/a><\/li>\n<\/ul>\n<\/li>\n\n\n\n<li><a href=\"#etapas-2023\">Etapas e provas<\/a>\n<ul class=\"wp-block-list\">\n<li><a href=\"#objetiva-2023\">Objetiva<\/a><\/li>\n\n\n\n<li><a href=\"#desempenho-did\u00e1tico\">Desempenho did\u00e1tico<\/a><\/li>\n\n\n\n<li><a href=\"#titulos\">T\u00edtulos<\/a><\/li>\n<\/ul>\n<\/li>\n\n\n\n<li><a href=\"#edital-de-2022\">\u00daltimo edital (2022)<\/a>\n<ul class=\"wp-block-list\">\n<li><a href=\"#cargos\">Cargos e vagas<\/a><\/li>\n\n\n\n<li><a href=\"#concurso-ifrs-requisitos\">Requisitos<\/a><\/li>\n\n\n\n<li><a href=\"#remuneracao\">Remunera\u00e7\u00e3o<\/a><\/li>\n\n\n\n<li><a href=\"#concurso-ifrs-provas-e-etapas\">Provas e etapas<\/a>\n<ul class=\"wp-block-list\">\n<li><a href=\"#prova-objetiva\">Prova objetiva<\/a><\/li>\n<\/ul>\n<\/li>\n<\/ul>\n<\/li>\n\n\n\n<li><a href=\"#cursos\">Cursos<\/a><\/li>\n\n\n\n<li><a href=\"#ficha\">Ficha t\u00e9cnica<\/a><\/li>\n<\/ul>\n\n\n\n<h2 class=\"wp-block-heading\" id=\"atual\">Concurso IFRS: situa\u00e7\u00e3o atual<\/h2>\n\n\n\n<h3 class=\"wp-block-heading\" id=\"h-principais-datas\">Principais datas<\/h3>\n\n\n\n<ul class=\"wp-block-list\">\n<li><strong>Inscri\u00e7\u00f5es: <\/strong><s>20\/01 a 05\/03\/2025<\/s><\/li>\n\n\n\n<li><strong>Provas: <\/strong><s>23\/03\/2025<\/s><\/li>\n<\/ul>\n\n\n\n<h2 class=\"wp-block-heading\" id=\"h-concurso-ifrs-cargos-e-vagas-tae\">Concurso IFRS: cargos e vagas &#8211; TAE<\/h2>\n\n\n\n<p>Confira os cargos, vagas, sal\u00e1rios de TAE:<\/p>\n\n\n\n<figure class=\"wp-block-table is-style-stripes\"><table class=\"has-fixed-layout\"><thead><tr><th><strong>Cargo<\/strong><\/th><th><strong>Vagas<\/strong><\/th><th><strong>Sal\u00e1rio Inicial (R$)<\/strong><\/th><th><strong>Requisitos<\/strong><\/th><\/tr><\/thead><tbody><tr><td>Engenheiro\/\u00c1rea: El\u00e9trica<\/td><td>1 + CR (Cadastro Reserva)<\/td><td>4.556,92<\/td><td>Curso superior em Engenharia El\u00e9trica e registro no conselho competente<\/td><\/tr><tr><td>M\u00e9dico\/\u00c1rea: Cl\u00ednica<\/td><td>2 + CR<\/td><td>4.556,92<\/td><td>Curso superior em Medicina e registro no conselho competente<\/td><\/tr><tr><td>Nutricionista<\/td><td>1 + CR<\/td><td>4.556,92<\/td><td>Curso superior em Nutri\u00e7\u00e3o e registro no conselho competente<\/td><\/tr><tr><td>Assistente em Administra\u00e7\u00e3o<\/td><td>2 + CR<\/td><td>2.667,19<\/td><td>Ensino m\u00e9dio completo<\/td><\/tr><tr><td>T\u00e9cnico de Laborat\u00f3rio &#8211; Inform\u00e1tica<\/td><td>2 + CR<\/td><td>2.667,19<\/td><td>Ensino m\u00e9dio completo ou profissional, curso t\u00e9cnico em Inform\u00e1tica ou \u00e1reas relacionadas<\/td><\/tr><tr><td>T\u00e9cnico de Laborat\u00f3rio &#8211; Mec\u00e2nica<\/td><td>2 + CR<\/td><td>2.667,19<\/td><td>Ensino m\u00e9dio completo ou profissional, curso t\u00e9cnico em Mec\u00e2nica ou \u00e1reas relacionadas<\/td><\/tr><tr><td>T\u00e9cnico de Laborat\u00f3rio &#8211; Qu\u00edmica<\/td><td>1 + CR<\/td><td>2.667,19<\/td><td>Ensino m\u00e9dio completo ou profissional, curso t\u00e9cnico em Qu\u00edmica e registro no conselho competente<\/td><\/tr><tr><td>T\u00e9cnico em Tecnologia da Informa\u00e7\u00e3o<\/td><td>2 + CR<\/td><td>2.667,19<\/td><td>Ensino m\u00e9dio completo ou profissional, curso t\u00e9cnico em Inform\u00e1tica ou \u00e1reas relacionadas<\/td><\/tr><\/tbody><\/table><\/figure>\n\n\n\n<p>Al\u00e9m dos vencimentos, os aprovados ter\u00e3o direito aos seguintes benef\u00edcios:<\/p>\n\n\n\n<ul class=\"wp-block-list\">\n<li>Aux\u00edlio Alimenta\u00e7\u00e3o no valor de R$1.000,00 (mil reais);<\/li>\n\n\n\n<li>Aux\u00edlio Pr\u00e9-escolar no valor de R$484,90 (quatrocentos e oitenta e quatro reais e noventa centavos), na forma da legisla\u00e7\u00e3o vigente;<\/li>\n\n\n\n<li>Aux\u00edlio transporte na forma da legisla\u00e7\u00e3o vigente;<\/li>\n\n\n\n<li>Ressarcimento \u00e0 sa\u00fade suplementar na forma da legisla\u00e7\u00e3o vigente. <\/li>\n<\/ul>\n\n\n\n<h2 class=\"wp-block-heading\" id=\"h-concurso-ifrs-cargos-e-vagas-professor\">Concurso IFRS: cargos e vagas &#8211; professor<\/h2>\n\n\n\n<figure class=\"wp-block-table is-style-stripes\"><table class=\"has-fixed-layout\"><thead><tr><th><strong>Cargo\/\u00c1rea<\/strong><\/th><th><strong>Vagas (AC\/PCD\/PN)<\/strong><\/th><th><strong>Requisitos<\/strong><\/th><\/tr><\/thead><tbody><tr><td>Administra\u00e7\u00e3o &#8211; Finan\u00e7as<\/td><td>1 (AC)<\/td><td>Bacharelado em Administra\u00e7\u00e3o, Tecnologia em Processos Gerenciais ou Tecnologia em Gest\u00e3o Financeira<\/td><\/tr><tr><td>Agronomia &#8211; Fitotecnia\/Fruticultura<\/td><td>1 (AC)<\/td><td>Bacharelado em Agronomia, Engenharia Agron\u00f4mica ou Tecnologia em Horticultura<\/td><\/tr><tr><td>Atendimento Educacional Especializado<\/td><td>16 (AC\/PCD\/PN)<\/td><td>Licenciatura em Educa\u00e7\u00e3o Especial ou em qualquer \u00e1rea com especializa\u00e7\u00e3o\/aperfei\u00e7oamento em Educa\u00e7\u00e3o Especial ou AEE<\/td><\/tr><tr><td>Automa\u00e7\u00e3o &#8211; Rob\u00f3tica e Sistemas<\/td><td>1 (AC)<\/td><td>Engenharia de Controle e Automa\u00e7\u00e3o, Engenharia Mecatr\u00f4nica ou Tecnologia em Automa\u00e7\u00e3o Industrial ou Mecatr\u00f4nica Industrial<\/td><\/tr><tr><td>Biologia &#8211; Bot\u00e2nica<\/td><td>1 (AC)<\/td><td>Licenciatura em Biologia ou Ci\u00eancias Biol\u00f3gicas<\/td><\/tr><tr><td>Biologia &#8211; Zoologia<\/td><td>1 (AC)<\/td><td>Licenciatura em Biologia ou Ci\u00eancias Biol\u00f3gicas<\/td><\/tr><tr><td>Direito<\/td><td>1 (AC)<\/td><td>Bacharelado em Direito<\/td><\/tr><tr><td>Eletr\u00f4nica &#8211; Anal\u00f3gica<\/td><td>1 (AC)<\/td><td>Engenharia Eletr\u00f4nica, El\u00e9trica, Telecomunica\u00e7\u00f5es ou Controle e Automa\u00e7\u00e3o; ou Tecnologia em Eletr\u00f4nica Industrial<\/td><\/tr><tr><td>Enfermagem<\/td><td>1 (AC)<\/td><td>Bacharelado em Enfermagem<\/td><\/tr><tr><td>Letras &#8211; Portugu\u00eas\/Espanhol<\/td><td>1 (AC)<\/td><td>Licenciatura em Letras: Portugu\u00eas e Espanhol<\/td><\/tr><tr><td>Mecaniza\u00e7\u00e3o e Tecnologias Agr\u00edcolas<\/td><td>1 (AC)<\/td><td>Engenharia Agr\u00edcola, Agronomia ou Engenharia Agron\u00f4mica<\/td><\/tr><tr><td>Pedagogia<\/td><td>2 (AC)<\/td><td>Licenciatura em Pedagogia<\/td><\/tr><\/tbody><\/table><\/figure>\n\n\n\n<p>Al\u00e9m dos vencimentos, os aprovados ter\u00e3o direito aos seguintes benef\u00edcios:<\/p>\n\n\n\n<ul class=\"wp-block-list\">\n<li>Aux\u00edlio Alimenta\u00e7\u00e3o no valor de R$1.000,00 (mil reais);<\/li>\n\n\n\n<li>Aux\u00edlio Pr\u00e9-escolar no valor de R$484,90 (quatrocentos e oitenta e quatro reais e noventa centavos), na forma da legisla\u00e7\u00e3o vigente;<\/li>\n\n\n\n<li>Aux\u00edlio transporte na forma da legisla\u00e7\u00e3o vigente;<\/li>\n\n\n\n<li>Ressarcimento \u00e0 sa\u00fade suplementar na forma da legisla\u00e7\u00e3o vigente. <\/li>\n<\/ul>\n\n\n\n<h2 class=\"wp-block-heading\" id=\"h-concurso-ifrs-acrescimo-por-titularidade\">Concurso IFRS: acr\u00e9scimo por titularidade <\/h2>\n\n\n\n<ul class=\"wp-block-list\">\n<li><strong>Gradua\u00e7\u00e3o:<\/strong>\n<ul class=\"wp-block-list\">\n<li>Vencimento B\u00e1sico:&nbsp;<strong>R$ 4.875,18<\/strong><\/li>\n\n\n\n<li>Acr\u00e9scimo por Titula\u00e7\u00e3o:&nbsp;<strong>R$ 0,00<\/strong><\/li>\n\n\n\n<li>Total:&nbsp;<strong>R$ 4.875,18<\/strong><\/li>\n<\/ul>\n<\/li>\n\n\n\n<li><strong>Aperfei\u00e7oamento:<\/strong>\n<ul class=\"wp-block-list\">\n<li>Vencimento B\u00e1sico:&nbsp;<strong>R$ 4.875,18<\/strong><\/li>\n\n\n\n<li>Acr\u00e9scimo por Titula\u00e7\u00e3o:&nbsp;<strong>R$ 487,51<\/strong><\/li>\n\n\n\n<li>Total:&nbsp;<strong>R$ 5.362,69<\/strong><\/li>\n<\/ul>\n<\/li>\n\n\n\n<li><strong>Especializa\u00e7\u00e3o:<\/strong>\n<ul class=\"wp-block-list\">\n<li>Vencimento B\u00e1sico:&nbsp;<strong>R$ 4.875,18<\/strong><\/li>\n\n\n\n<li>Acr\u00e9scimo por Titula\u00e7\u00e3o:&nbsp;<strong>R$ 975,04<\/strong><\/li>\n\n\n\n<li>Total:&nbsp;<strong>R$ 5.850,22<\/strong><\/li>\n<\/ul>\n<\/li>\n\n\n\n<li><strong>Mestrado:<\/strong>\n<ul class=\"wp-block-list\">\n<li>Vencimento B\u00e1sico:&nbsp;<strong>R$ 4.875,18<\/strong><\/li>\n\n\n\n<li>Acr\u00e9scimo por Titula\u00e7\u00e3o:&nbsp;<strong>R$ 2.437,59<\/strong><\/li>\n\n\n\n<li>Total:&nbsp;<strong>R$ 7.312,77<\/strong><\/li>\n<\/ul>\n<\/li>\n\n\n\n<li><strong>Doutorado:<\/strong>\n<ul class=\"wp-block-list\">\n<li>Vencimento B\u00e1sico:&nbsp;<strong>R$ 4.875,18<\/strong><\/li>\n\n\n\n<li>Acr\u00e9scimo por Titula\u00e7\u00e3o:&nbsp;<strong>R$ 5.606,46<\/strong><\/li>\n\n\n\n<li>Total:&nbsp;<strong>R$ 10.481,64<\/strong><\/li>\n<\/ul>\n<\/li>\n<\/ul>\n\n\n\n<h2 class=\"wp-block-heading\" id=\"h-etapas-do-concurso-ifrs-para-tae\">Etapas do concurso IFRS para TAE<\/h2>\n\n\n\n<h3 class=\"wp-block-heading\" id=\"h-prova-objetiva\">Prova Objetiva<\/h3>\n\n\n\n<p>A prova Te\u00f3rico-Objetiva para todos os cargos foi realizada nos Munic\u00edpios de Porto Alegre, Bento Gon\u00e7alves, Erechim e Rio Grande, conforme a op\u00e7\u00e3o indicada no ato de inscri\u00e7\u00e3o. Excepcionalmente, n\u00e3o havendo disponibilidade de locais suficientes ou adequados nas localidades do Munic\u00edpio as provas poderiam ser aplicadas em outras cidades da regi\u00e3o.<\/p>\n\n\n\n<p>O candidato teve 3 (tr\u00eas) horas para a resolu\u00e7\u00e3o da prova e o preenchimento da Grade de Respostas e deveria permanecer obrigatoriamente no local de realiza\u00e7\u00e3o da prova por, no m\u00ednimo, uma hora ap\u00f3s o in\u00edcio do certame.<\/p>\n\n\n\n<h2 class=\"wp-block-heading\" id=\"etapas-do-concurso-ifrs-professor\">Etapas do concurso IFRS para Professor<\/h2>\n\n\n\n<p>O Concurso P\u00fablico foi composto de tr\u00eas etapas sendo a realiza\u00e7\u00e3o de:<br \/><\/p>\n\n\n\n<ul class=\"wp-block-list\">\n<li><strong>Prova Te\u00f3rico-objetiva<\/strong>, de car\u00e1ter eliminat\u00f3rio e classificat\u00f3rio, valendo at\u00e9 100 (cem) pontos;<\/li>\n\n\n\n<li><strong>Prova de Desempenho Did\u00e1tico<\/strong>, de car\u00e1ter eliminat\u00f3rio e classificat\u00f3rio, valendo at\u00e9 100 (cem) pontos; e<\/li>\n\n\n\n<li><strong>Prova de T\u00edtulos<\/strong>, de car\u00e1ter classificat\u00f3rio, valendo at\u00e9 100 (cem) pontos.<\/li>\n<\/ul>\n\n\n\n<h3 class=\"wp-block-heading\" id=\"h-prova-objetiva-0\">Prova Objetiva <\/h3>\n\n\n\n<p>A Prova Te\u00f3rico-Objetiva de cada a \u00e1rea\/sub\u00e1rea foi eliminat\u00f3ria e classificat\u00f3ria. As quest\u00f5es da Prova Te\u00f3rico-Objetiva puderam avaliar habilidades relacionadas \u00e0 aplica\u00e7\u00e3o do conhecimento, abrangendo compreens\u00e3o, an\u00e1lise, s\u00edntese e avalia\u00e7\u00e3o, valorizando o racioc\u00ednio e envolvendo situa\u00e7\u00f5es relacionadas \u00e0s atribui\u00e7\u00f5es da \u00e1rea\/sub\u00e1rea e ao conte\u00fado program\u00e1tico.<\/p>\n\n\n\n<p>Tempos de Prova:<\/p>\n\n\n\n<p>a) O candidato teve tr\u00eas horas para a resolu\u00e7\u00e3o da prova e o preenchimento da Grade de Respostas.<br \/>b) O candidato deveria permanecer obrigatoriamente no local de realiza\u00e7\u00e3o da prova por, no m\u00ednimo, 1 (uma) hora ap\u00f3s o in\u00edcio do certame.<br \/>c) O candidato s\u00f3 poderia retirar-se da sala de aplica\u00e7\u00e3o da prova, portando o caderno de quest\u00f5es, ap\u00f3s 2 (duas) horas do in\u00edcio do certame.<\/p>\n\n\n\n<p>A Prova Te\u00f3rico-Objetiva para todas as \u00e1reas\/sub\u00e1reas foi realizada nos Munic\u00edpios de<br \/>Porto Alegre, Bento Gon\u00e7alves, Erechim e Rio Grande, conforme a op\u00e7\u00e3o indicada no ato de inscri\u00e7\u00e3o.<br \/>Excepcionalmente, n\u00e3o havendo disponibilidade de locais suficientes ou adequados nas localidades do<br \/>Munic\u00edpio as provas poderiam ser aplicadas em outras cidades da regi\u00e3o.<\/p>\n\n\n\n<figure class=\"wp-block-image aligncenter size-large\"><img loading=\"lazy\" decoding=\"async\" width=\"1024\" height=\"330\" src=\"https:\/\/dhg1h5j42swfq.cloudfront.net\/2024\/12\/27070026\/image-387-1024x330.png\" alt=\"Tabela de detalhes da prova objetiva\" class=\"wp-image-1510887\" srcset=\"https:\/\/dhg1h5j42swfq.cloudfront.net\/2024\/12\/27070026\/image-387-1024x330.png 1024w, https:\/\/dhg1h5j42swfq.cloudfront.net\/2024\/12\/27070026\/image-387-300x97.png 300w, https:\/\/dhg1h5j42swfq.cloudfront.net\/2024\/12\/27070026\/image-387-768x248.png 768w, https:\/\/dhg1h5j42swfq.cloudfront.net\/2024\/12\/27070026\/image-387-150x48.png 150w, https:\/\/dhg1h5j42swfq.cloudfront.net\/2024\/12\/27070026\/image-387.png 1117w\" sizes=\"auto, (max-width: 1024px) 100vw, 1024px\" \/><\/figure>\n\n\n\n<p><strong>PROVA DE DESEMPENHO DID\u00c1TICO<\/strong><\/p>\n\n\n\n<p>O tema, comum a todos os candidatos de uma mesma \u00e1rea, que realizaram a prova did\u00e1tica agendada para o mesmo dia, foi sorteado e divulgado \u00e0s 17 (dezessete) horas, considerando o m\u00ednimo de 36 (trinta e seis) horas de anteced\u00eancia da realiza\u00e7\u00e3o da Prova de Desempenho Did\u00e1tico, sendo realizado em ato p\u00fablico, perante pelo menos dois representantes da Comiss\u00e3o do Concurso P\u00fablico da Fundatec.<\/p>\n\n\n\n<p>O candidato foi eliminado se alterar o tema do Plano de Aula do qual foi sorteado.<\/p>\n\n\n\n<p>A ordem de realiza\u00e7\u00e3o da Prova de Desempenho Did\u00e1tico foi definida de acordo com a pontua\u00e7\u00e3o da Prova Te\u00f3rico-Objetiva, obedecendo-se \u00e0 ordem de classifica\u00e7\u00e3o decrescente das notas, independente da reserva de vagas.<\/p>\n\n\n\n<p>O candidato deveria comparecer munido de documento de identifica\u00e7\u00e3o original no local, na data e no hor\u00e1rio determinado para a realiza\u00e7\u00e3o da Prova de Desempenho Did\u00e1tico, sob pena de ser eliminado do presente concurso p\u00fablico.<\/p>\n\n\n\n<figure class=\"wp-block-image aligncenter size-full\"><img loading=\"lazy\" decoding=\"async\" width=\"832\" height=\"717\" src=\"https:\/\/dhg1h5j42swfq.cloudfront.net\/2024\/12\/27070120\/image-388.png\" alt=\"Crit\u00e9rios e pontua\u00e7\u00e3o da prova de desempenho did\u00e1tico\" class=\"wp-image-1510889\" srcset=\"https:\/\/dhg1h5j42swfq.cloudfront.net\/2024\/12\/27070120\/image-388.png 832w, https:\/\/dhg1h5j42swfq.cloudfront.net\/2024\/12\/27070120\/image-388-300x259.png 300w, https:\/\/dhg1h5j42swfq.cloudfront.net\/2024\/12\/27070120\/image-388-768x662.png 768w, https:\/\/dhg1h5j42swfq.cloudfront.net\/2024\/12\/27070120\/image-388-150x129.png 150w\" sizes=\"auto, (max-width: 832px) 100vw, 832px\" \/><\/figure>\n\n\n\n<p><strong>AVALIA\u00c7\u00c3O DOS T\u00cdTULOS<\/strong><\/p>\n\n\n\n<p>A prova de t\u00edtulos possui car\u00e1ter estritamente classificat\u00f3rio. Confira no link abaixo os t\u00edtulos exigidos no certame.<\/p>\n\n\n\n<ul class=\"wp-block-list\">\n<li><a href=\"https:\/\/dhg1h5j42swfq.cloudfront.net\/2024\/12\/27070223\/t-1.pdf\">T\u00edtulos exigidos ao cargo de Professor<\/a>.<\/li>\n<\/ul>\n\n\n\n<h2 class=\"wp-block-heading\" id=\"cargos-vagas-2023\">Concurso IFRS: \u00faltimo edital &#8211; 2023<\/h2>\n\n\n\n<h3 class=\"wp-block-heading\" id=\"h-resultado-final-homologado\">Resultado final homologado<\/h3>\n\n\n\n<p>Foi divulgado atrav\u00e9s da edi\u00e7\u00e3o do dia 26 de mar\u00e7o de 2024 do Di\u00e1rio Oficial da Uni\u00e3o o resultado final homologado do concurso IFRS. Confira abaixo a lista de aprovados!<\/p>\n\n\n\n<ul class=\"wp-block-list\">\n<li><a href=\"https:\/\/dhg1h5j42swfq.cloudfront.net\/2024\/04\/15120215\/resultado-final-ifrs-1.pdf\" target=\"_blank\" rel=\"noreferrer noopener nofollow\">Resultado final homologado<\/a>.<\/li>\n<\/ul>\n\n\n\n<h2 class=\"wp-block-heading\" id=\"cargos-vagas-2023\">Concurso IFRS: vagas do edital 2023<\/h2>\n\n\n\n<h3 class=\"wp-block-heading\" id=\"tecnico-2023\">N\u00edvel t\u00e9cnico<\/h3>\n\n\n\n<figure class=\"wp-block-table is-style-stripes\"><table class=\"has-very-light-gray-to-cyan-bluish-gray-gradient-background has-background has-fixed-layout\"><thead><tr><th class=\"has-text-align-center\" data-align=\"center\">CARGOS<\/th><th class=\"has-text-align-center\" data-align=\"center\">VAGAS<\/th><th class=\"has-text-align-center\" data-align=\"center\">SAL\u00c1RIO<\/th><\/tr><\/thead><tbody><tr><td class=\"has-text-align-center\" data-align=\"center\">T\u00e9cnico de Laborat\u00f3rio &#8211;<br \/>Biologia<\/td><td class=\"has-text-align-center\" data-align=\"center\">01<\/td><td class=\"has-text-align-center\" data-align=\"center\">R$ 2.667,19<\/td><\/tr><tr><td class=\"has-text-align-center\" data-align=\"center\">T\u00e9cnico de Laborat\u00f3rio &#8211;<br \/>Edifica\u00e7\u00f5es<\/td><td class=\"has-text-align-center\" data-align=\"center\">01<\/td><td class=\"has-text-align-center\" data-align=\"center\">R$ 2.667,19<\/td><\/tr><tr><td class=\"has-text-align-center\" data-align=\"center\">T\u00e9cnico de Laborat\u00f3rio &#8211;<br \/>Eletr\u00f4nica<\/td><td class=\"has-text-align-center\" data-align=\"center\">01<\/td><td class=\"has-text-align-center\" data-align=\"center\">R$ 2.667,19<\/td><\/tr><tr><td class=\"has-text-align-center\" data-align=\"center\">T\u00e9cnico de Laborat\u00f3rio &#8211;<br \/>Eletrot\u00e9cnica<\/td><td class=\"has-text-align-center\" data-align=\"center\">01<\/td><td class=\"has-text-align-center\" data-align=\"center\">R$ 2.667,19<\/td><\/tr><tr><td class=\"has-text-align-center\" data-align=\"center\">T\u00e9cnico de Laborat\u00f3rio &#8211;<br \/>Pl\u00e1sticos<\/td><td class=\"has-text-align-center\" data-align=\"center\">01<\/td><td class=\"has-text-align-center\" data-align=\"center\">R$ 2.667,19<\/td><\/tr><\/tbody><\/table><figcaption class=\"wp-element-caption\">Cargos, vagas e sal\u00e1rio para n\u00edvel t\u00e9cnico<\/figcaption><\/figure>\n\n\n\n<p><strong>Requisitos:<\/strong> Ensino m\u00e9dio profissionalizante na \u00e1rea ou ensino m\u00e9dio completo + Curso T\u00e9cnico na \u00e1rea.<\/p>\n\n\n\n<h3 class=\"wp-block-heading\" id=\"superior\">N\u00edvel superior<\/h3>\n\n\n\n<figure class=\"wp-block-table is-style-stripes\"><table class=\"has-very-light-gray-to-cyan-bluish-gray-gradient-background has-background has-fixed-layout\"><thead><tr><th class=\"has-text-align-center\" data-align=\"center\">CARGOS<\/th><th class=\"has-text-align-center\" data-align=\"center\">VAGAS<\/th><th class=\"has-text-align-center\" data-align=\"center\">SAL\u00c1RIO<\/th><\/tr><\/thead><tbody><tr><td class=\"has-text-align-center\" data-align=\"center\">T\u00e9cnico &#8211; Administrativo<br \/>Bibliotec\u00e1rio -Documentalista<\/td><td class=\"has-text-align-center\" data-align=\"center\">03<\/td><td class=\"has-text-align-center\" data-align=\"center\">R$ 4.556,92<\/td><\/tr><\/tbody><\/table><figcaption class=\"wp-element-caption\">Cargo, vagas e sal\u00e1rio para n\u00edvel superior<\/figcaption><\/figure>\n\n\n\n<p><strong>Requisitos:<\/strong> Curso Superior em Biblioteconomia e Registro no Conselho Competente.<\/p>\n\n\n\n<h3 class=\"wp-block-heading\" id=\"superior-professor\">N\u00edvel superior &#8211; Professor<\/h3>\n\n\n\n<figure class=\"wp-block-table is-style-stripes\"><table class=\"has-very-light-gray-to-cyan-bluish-gray-gradient-background has-background has-fixed-layout\"><thead><tr><th class=\"has-text-align-center\" data-align=\"center\">CARGOS<\/th><th class=\"has-text-align-center\" data-align=\"center\">VAGAS<\/th><th class=\"has-text-align-center\" data-align=\"center\">SAL\u00c1RIO<\/th><\/tr><\/thead><tbody><tr><td class=\"has-text-align-center\" data-align=\"center\">Administra\u00e7\u00e3o<\/td><td class=\"has-text-align-center\" data-align=\"center\">01<\/td><td class=\"has-text-align-center\" data-align=\"center\">R$ 4.875,18 a R$ 10.481,64<\/td><\/tr><tr><td class=\"has-text-align-center\" data-align=\"center\">Administra\u00e7\u00e3o: Marketing Digital<\/td><td class=\"has-text-align-center\" data-align=\"center\">01<\/td><td class=\"has-text-align-center\" data-align=\"center\">R$ 4.875,18 a R$ 10.481,64<\/td><\/tr><tr><td class=\"has-text-align-center\" data-align=\"center\">Artes<\/td><td class=\"has-text-align-center\" data-align=\"center\">01<\/td><td class=\"has-text-align-center\" data-align=\"center\">R$ 4.875,18 a R$ 10.481,64<\/td><\/tr><tr><td class=\"has-text-align-center\" data-align=\"center\">Biologia: Bioqu\u00edmica, Toxicologia e Imunologia<\/td><td class=\"has-text-align-center\" data-align=\"center\">01<\/td><td class=\"has-text-align-center\" data-align=\"center\">R$ 4.875,18 a R$ 10.481,64<\/td><\/tr><tr><td class=\"has-text-align-center\" data-align=\"center\">Inform\u00e1tica: Programa\u00e7\u00e3o, Estruturas de<br \/>Dados e An\u00e1lise de Algoritmos<\/td><td class=\"has-text-align-center\" data-align=\"center\">01<\/td><td class=\"has-text-align-center\" data-align=\"center\">R$ 4.875,18 a R$ 10.481,64<\/td><\/tr><tr><td class=\"has-text-align-center\" data-align=\"center\">Inform\u00e1tica Geral<\/td><td class=\"has-text-align-center\" data-align=\"center\">03<\/td><td class=\"has-text-align-center\" data-align=\"center\">R$ 4.875,18 a R$ 10.481,64<\/td><\/tr><tr><td class=\"has-text-align-center\" data-align=\"center\">Educa\u00e7\u00e3o F\u00edsica<\/td><td class=\"has-text-align-center\" data-align=\"center\">02<\/td><td class=\"has-text-align-center\" data-align=\"center\">R$ 4.875,18 a R$ 10.481,64<\/td><\/tr><tr><td class=\"has-text-align-center\" data-align=\"center\">Eletrot\u00e9cnica<\/td><td class=\"has-text-align-center\" data-align=\"center\">01<\/td><td class=\"has-text-align-center\" data-align=\"center\">R$ 4.875,18 a R$ 10.481,64<\/td><\/tr><tr><td class=\"has-text-align-center\" data-align=\"center\">Engenharia El\u00e9trica<\/td><td class=\"has-text-align-center\" data-align=\"center\">01<\/td><td class=\"has-text-align-center\" data-align=\"center\">R$ 4.875,18 a R$ 10.481,64<\/td><\/tr><tr><td class=\"has-text-align-center\" data-align=\"center\">Engenharia Mec\u00e2nica<\/td><td class=\"has-text-align-center\" data-align=\"center\">01<\/td><td class=\"has-text-align-center\" data-align=\"center\">R$ 4.875,18 a R$ 10.481,64<\/td><\/tr><tr><td class=\"has-text-align-center\" data-align=\"center\">Filosofia<\/td><td class=\"has-text-align-center\" data-align=\"center\">01<\/td><td class=\"has-text-align-center\" data-align=\"center\">R$ 4.875,18 a R$ 10.481,64<\/td><\/tr><tr><td class=\"has-text-align-center\" data-align=\"center\">F\u00edsica<\/td><td class=\"has-text-align-center\" data-align=\"center\">01<\/td><td class=\"has-text-align-center\" data-align=\"center\">R$ 4.875,18 a R$ 10.481,64<\/td><\/tr><tr><td class=\"has-text-align-center\" data-align=\"center\">Geografia<\/td><td class=\"has-text-align-center\" data-align=\"center\">01<\/td><td class=\"has-text-align-center\" data-align=\"center\">R$ 4.875,18 a R$ 10.481,64<\/td><\/tr><tr><td class=\"has-text-align-center\" data-align=\"center\">Geom\u00e1tica\/Geoprocessamento<\/td><td class=\"has-text-align-center\" data-align=\"center\">01<\/td><td class=\"has-text-align-center\" data-align=\"center\">R$ 4.875,18 a R$ 10.481,64<\/td><\/tr><tr><td class=\"has-text-align-center\" data-align=\"center\">Meio Ambiente<\/td><td class=\"has-text-align-center\" data-align=\"center\">01<\/td><td class=\"has-text-align-center\" data-align=\"center\">R$ 4.875,18 a R$ 10.481,64<\/td><\/tr><tr><td class=\"has-text-align-center\" data-align=\"center\">Hist\u00f3ria<\/td><td class=\"has-text-align-center\" data-align=\"center\">01<\/td><td class=\"has-text-align-center\" data-align=\"center\">R$ 4.875,18 a R$ 10.481,64<\/td><\/tr><tr><td class=\"has-text-align-center\" data-align=\"center\">Letras: Portugu\u00eas\/Ingl\u00eas<\/td><td class=\"has-text-align-center\" data-align=\"center\">04<\/td><td class=\"has-text-align-center\" data-align=\"center\">R$ 4.875,18 a R$ 10.481,64<\/td><\/tr><tr><td class=\"has-text-align-center\" data-align=\"center\">Matem\u00e1tica<\/td><td class=\"has-text-align-center\" data-align=\"center\">04<\/td><td class=\"has-text-align-center\" data-align=\"center\">R$ 4.875,18 a R$ 10.481,64<\/td><\/tr><tr><td class=\"has-text-align-center\" data-align=\"center\">M\u00fasica: Percuss\u00e3o<\/td><td class=\"has-text-align-center\" data-align=\"center\">01<\/td><td class=\"has-text-align-center\" data-align=\"center\">R$ 4.875,18 a R$ 10.481,64<\/td><\/tr><tr><td class=\"has-text-align-center\" data-align=\"center\">M\u00fasica: Viol\u00e3o<\/td><td class=\"has-text-align-center\" data-align=\"center\">01<\/td><td class=\"has-text-align-center\" data-align=\"center\">R$ 4.875,18 a R$ 10.481,64<\/td><\/tr><tr><td class=\"has-text-align-center\" data-align=\"center\">Pedagogia<\/td><td class=\"has-text-align-center\" data-align=\"center\">01<\/td><td class=\"has-text-align-center\" data-align=\"center\">R$ 4.875,18 a R$ 10.481,64<\/td><\/tr><tr><td class=\"has-text-align-center\" data-align=\"center\">Produ\u00e7\u00e3o Audiovisual<\/td><td class=\"has-text-align-center\" data-align=\"center\">01<\/td><td class=\"has-text-align-center\" data-align=\"center\">R$ 4.875,18 a R$ 10.481,64<\/td><\/tr><tr><td class=\"has-text-align-center\" data-align=\"center\">Produ\u00e7\u00e3o Cultural<\/td><td class=\"has-text-align-center\" data-align=\"center\">01<\/td><td class=\"has-text-align-center\" data-align=\"center\">R$ 4.875,18 a R$ 10.481,64<\/td><\/tr><tr><td class=\"has-text-align-center\" data-align=\"center\">Qu\u00edmica<\/td><td class=\"has-text-align-center\" data-align=\"center\">01<\/td><td class=\"has-text-align-center\" data-align=\"center\">R$ 4.875,18 a R$ 10.481,64<\/td><\/tr><tr><td class=\"has-text-align-center\" data-align=\"center\">Refrigera\u00e7\u00e3o e Climatiza\u00e7\u00e3o<\/td><td class=\"has-text-align-center\" data-align=\"center\">02<\/td><td class=\"has-text-align-center\" data-align=\"center\">R$ 4.875,18 a R$ 10.481,64<\/td><\/tr><tr><td class=\"has-text-align-center\" data-align=\"center\">Turismo\/Turismo, Hospitalidade e Lazer<\/td><td class=\"has-text-align-center\" data-align=\"center\">01<\/td><td class=\"has-text-align-center\" data-align=\"center\">R$ 4.875,18 a R$ 10.481,64<\/td><\/tr><\/tbody><\/table><figcaption class=\"wp-element-caption\">Cargos, vagas e sal\u00e1rios para Professores<\/figcaption><\/figure>\n\n\n\n<p><strong>Requisitos:<\/strong> Licenciatura ou Bacharelado na \u00e1rea.<\/p>\n\n\n\n<h2 class=\"wp-block-heading\" id=\"etapas-2023\">Concurso IFRS: etapas e provas (edital 2023)<\/h2>\n\n\n\n<p>Os candidatos foram avaliados pelas seguintes etapas:<\/p>\n\n\n\n<ul class=\"wp-block-list\">\n<li><strong>Prova Te\u00f3rico-objetiva<\/strong> &#8211; de car\u00e1ter eliminat\u00f3rio e classificat\u00f3rio, valendo at\u00e9 100 (cem) pontos, para todos os cargos;<\/li>\n\n\n\n<li><strong>Prova de Desempenho Did\u00e1tico<\/strong> &#8211; eliminat\u00f3ria e classificat\u00f3ria, valendo at\u00e9 100 (cem) pontos, para o cargo de Professor; e<\/li>\n\n\n\n<li><strong>Prova de T\u00edtulos<\/strong> &#8211; de car\u00e1ter classificat\u00f3rio, para o cargo de Professor, valendo at\u00e9 100 (cem) pontos.<\/li>\n<\/ul>\n\n\n\n<p>As provas objetivas foram aplicadas no dia 29 de outubro de 2023, com dura\u00e7\u00e3o m\u00e1xima de 03 horas.<\/p>\n\n\n\n<h3 class=\"wp-block-heading\" id=\"objetiva-2023\">Provas Objetivas<\/h3>\n\n\n\n<p>As 40 quest\u00f5es da Prova Te\u00f3rico-Objetiva foram de m\u00faltipla escolha, com 05 (cinco) alternativas (A, B, C, D e E) e 1 (uma) \u00fanica resposta correta.<\/p>\n\n\n\n<p>Confira abaixo a estrutura:<\/p>\n\n\n\n<p><strong>TAE<\/strong><\/p>\n\n\n\n<ul class=\"wp-block-list\">\n<li>L\u00edngua Portuguesa &#8211; 10 quest\u00f5es;<\/li>\n\n\n\n<li>Legisla\u00e7\u00e3o e Contexto Hist\u00f3rico da EPT &#8211; 10 quest\u00f5es;<\/li>\n\n\n\n<li>Conhecimentos Espec\u00edficos &#8211; 20 quest\u00f5es.<\/li>\n<\/ul>\n\n\n\n<p><strong>Professor<\/strong><\/p>\n\n\n\n<ul class=\"wp-block-list\">\n<li>L\u00edngua Portuguesa &#8211; 05 quest\u00f5es;<\/li>\n\n\n\n<li>Legisla\u00e7\u00e3o e Contexto Hist\u00f3rico da EPT &#8211; 10 quest\u00f5es;<\/li>\n\n\n\n<li>Conhecimentos Pedag\u00f3gicos  &#8211; 05 quest\u00f5es;<\/li>\n\n\n\n<li>Conhecimentos Espec\u00edficos &#8211; 20 quest\u00f5es.<\/li>\n<\/ul>\n\n\n\n<h3 class=\"wp-block-heading\" id=\"desempenho-did\u00e1tico\">Prova de Desempenho Did\u00e1tico<\/h3>\n\n\n\n<p>Para os cargos de Professor, a Prova de Desempenho Did\u00e1tico consistiu na simula\u00e7\u00e3o de uma aula, atrav\u00e9s da exposi\u00e7\u00e3o oral sobre um dos temas que comp\u00f5em o conte\u00fado program\u00e1tico da disciplina, com tempo previsto de no m\u00ednimo 20 (vinte) e no m\u00e1ximo 30 (trinta) minutos.<\/p>\n\n\n\n<p>J\u00e1 para as \u00e1reas de M\u00fasica: percuss\u00e3o e M\u00fasica: viol\u00e3o, o tempo de prova foi de no m\u00ednimo 40 (quarenta) e no m\u00e1ximo 50 (cinquenta) minutos, incluindo prova pr\u00e1tica com instrumento espec\u00edfico da \u00e1rea do concurso. O(s) instrumento(s) utilizado(s) foram providenciado(s) pelo candidato e ficaram sob sua inteira responsabilidade.<\/p>\n\n\n\n<h3 class=\"wp-block-heading\" id=\"titulos\">Avalia\u00e7\u00e3o de T\u00edtulos<\/h3>\n\n\n\n<p>Esta etapa foi aplicada somente \u00e0queles candidatos considerados aprovados na Prova de Desempenho Did\u00e1tico. Cada T\u00edtulo foi considerado e avaliado uma \u00fanica vez.<\/p>\n\n\n\n<p>Entre os dias 07 e 08 de fevereiro de 2024, os candidatos acessaram o site da FUNDATEC, onde esteve dispon\u00edvel o link para o preenchimento do Formul\u00e1rio Online de Entrega dos T\u00edtulos e para upload dos documentos escaneados para avalia\u00e7\u00e3o.<\/p>\n\n\n\n<p>Confira abaixo a tabela de pontua\u00e7\u00e3o de t\u00edtulos:<\/p>\n\n\n\n<figure class=\"wp-block-image aligncenter size-full\"><img loading=\"lazy\" decoding=\"async\" width=\"761\" height=\"101\" src=\"https:\/\/dhg1h5j42swfq.cloudfront.net\/2023\/09\/12104206\/image-115.png\" alt=\"Tabela de atribui\u00e7\u00e3o de pontos na avalia\u00e7\u00e3o de t\u00edtulos do edital de 2023\" class=\"wp-image-1276092\" srcset=\"https:\/\/dhg1h5j42swfq.cloudfront.net\/2023\/09\/12104206\/image-115.png 761w, https:\/\/dhg1h5j42swfq.cloudfront.net\/2023\/09\/12104206\/image-115-300x40.png 300w, https:\/\/dhg1h5j42swfq.cloudfront.net\/2023\/09\/12104206\/image-115-610x81.png 610w, https:\/\/dhg1h5j42swfq.cloudfront.net\/2023\/09\/12104206\/image-115-150x20.png 150w\" sizes=\"auto, (max-width: 761px) 100vw, 761px\" \/><\/figure>\n\n\n\n<h2 class=\"wp-block-heading\" id=\"edital-de-2022\">Concurso IFRS: \u00faltimo edital (2022)<\/h2>\n\n\n\n<h3 class=\"wp-block-heading\" id=\"concurso-ifrs-cargos-e-vagas\">Cargos e vagas <\/h3>\n\n\n\n<p>Foram 33 oportunidades para os seguintes cargos:<\/p>\n\n\n\n<h4 class=\"wp-block-heading\" id=\"nivel-medio\">N\u00edvel m\u00e9dio <\/h4>\n\n\n\n<ul class=\"wp-block-list\">\n<li><a href=\"https:\/\/www.estrategiaconcursos.com.br\/cursosPorConcurso\/instituto-federal-de-educacao-ciencia-e-tecnologia-do-rio-grande-do-sul-ifrs\/\" target=\"_blank\" rel=\"noreferrer noopener\">Assistente em Administra\u00e7\u00e3o<\/a> \u2013 03 vagas<\/li>\n\n\n\n<li><a href=\"https:\/\/www.estrategiaconcursos.com.br\/cursosPorConcurso\/instituto-federal-de-educacao-ciencia-e-tecnologia-do-rio-grande-do-sul-ifrs\/\" target=\"_blank\" rel=\"noreferrer noopener\">Assistente de Alunos<\/a> \u2013 03 vagas<\/li>\n<\/ul>\n\n\n\n<h4 class=\"wp-block-heading\" id=\"nivel-tecnico\">N\u00edvel t\u00e9cnico <\/h4>\n\n\n\n<ul class=\"wp-block-list\">\n<li><a href=\"https:\/\/www.estrategiaconcursos.com.br\/cursosPorConcurso\/instituto-federal-de-educacao-ciencia-e-tecnologia-do-rio-grande-do-sul-ifrs\/\" target=\"_blank\" rel=\"noreferrer noopener\">T\u00e9cnico de Laborat\u00f3rio<\/a> \u2013 \u00e1rea: Eletrot\u00e9cnica \u2013 02 vagas<\/li>\n\n\n\n<li><a href=\"https:\/\/www.estrategiaconcursos.com.br\/cursosPorConcurso\/instituto-federal-de-educacao-ciencia-e-tecnologia-do-rio-grande-do-sul-ifrs\/\" target=\"_blank\" rel=\"noreferrer noopener\">T\u00e9cnico de Laborat\u00f3rio \u2013 \u00e1rea: Audiovisual <\/a>\u2013 01 vaga<\/li>\n\n\n\n<li><a href=\"https:\/\/www.estrategiaconcursos.com.br\/cursosPorConcurso\/instituto-federal-de-educacao-ciencia-e-tecnologia-do-rio-grande-do-sul-ifrs\/\" target=\"_blank\" rel=\"noreferrer noopener\">T\u00e9cnico de Laborat\u00f3rio \u2013 \u00e1rea: Alimentos<\/a> \u2013 01 vaga<\/li>\n\n\n\n<li><a href=\"https:\/\/www.estrategiaconcursos.com.br\/cursosPorConcurso\/instituto-federal-de-educacao-ciencia-e-tecnologia-do-rio-grande-do-sul-ifrs\/\" target=\"_blank\" rel=\"noreferrer noopener\">Tecnologia da Informa\u00e7\u00e3o<\/a> \u2013 03 vagas<\/li>\n\n\n\n<li><a href=\"https:\/\/www.estrategiaconcursos.com.br\/cursosPorConcurso\/instituto-federal-de-educacao-ciencia-e-tecnologia-do-rio-grande-do-sul-ifrs\/\" target=\"_blank\" rel=\"noreferrer noopener\">T\u00e9cnico em Agropecu\u00e1ria <\/a>\u2013 03 vagas<\/li>\n\n\n\n<li><a href=\"https:\/\/www.estrategiaconcursos.com.br\/cursosPorConcurso\/instituto-federal-de-educacao-ciencia-e-tecnologia-do-rio-grande-do-sul-ifrs\/\" target=\"_blank\" rel=\"noreferrer noopener\">T\u00e9cnico em Contabilidade<\/a> \u2013 03 vagas<\/li>\n\n\n\n<li><a href=\"https:\/\/www.estrategiaconcursos.com.br\/cursosPorConcurso\/instituto-federal-de-educacao-ciencia-e-tecnologia-do-rio-grande-do-sul-ifrs\/\" target=\"_blank\" rel=\"noreferrer noopener\">T\u00e9cnico em Enfermagem<\/a> \u2013 01 vaga<\/li>\n<\/ul>\n\n\n\n<h4 class=\"wp-block-heading\" id=\"nivel-superior\">N\u00edvel superior <\/h4>\n\n\n\n<ul class=\"wp-block-list\">\n<li><a href=\"https:\/\/www.estrategiaconcursos.com.br\/cursosPorConcurso\/instituto-federal-de-educacao-ciencia-e-tecnologia-do-rio-grande-do-sul-ifrs\/\" target=\"_blank\" rel=\"noreferrer noopener\">Administrador<\/a> \u2013 03 vagas<\/li>\n\n\n\n<li><a href=\"https:\/\/www.estrategiaconcursos.com.br\/cursosPorConcurso\/instituto-federal-de-educacao-ciencia-e-tecnologia-do-rio-grande-do-sul-ifrs\/\" target=\"_blank\" rel=\"noreferrer noopener\">Analista de Tecnologia e Informa\u00e7\u00e3o<\/a> \u2013 01 vaga<\/li>\n\n\n\n<li><a href=\"https:\/\/www.estrategiaconcursos.com.br\/cursosPorConcurso\/instituto-federal-de-educacao-ciencia-e-tecnologia-do-rio-grande-do-sul-ifrs\/\" target=\"_blank\" rel=\"noreferrer noopener\">Assistente Social<\/a> \u2013 01 vaga<\/li>\n\n\n\n<li><a href=\"https:\/\/www.estrategiaconcursos.com.br\/cursosPorConcurso\/instituto-federal-de-educacao-ciencia-e-tecnologia-do-rio-grande-do-sul-ifrs\/\" target=\"_blank\" rel=\"noreferrer noopener\">Engenheiro Civil <\/a>\u2013 01 vaga<\/li>\n\n\n\n<li><a href=\"https:\/\/www.estrategiaconcursos.com.br\/cursosPorConcurso\/instituto-federal-de-educacao-ciencia-e-tecnologia-do-rio-grande-do-sul-ifrs\/\" target=\"_blank\" rel=\"noreferrer noopener\">Pedagogo<\/a> \u2013 02 vagas<\/li>\n\n\n\n<li><a href=\"https:\/\/www.estrategiaconcursos.com.br\/cursosPorConcurso\/instituto-federal-de-educacao-ciencia-e-tecnologia-do-rio-grande-do-sul-ifrs\/\" target=\"_blank\" rel=\"noreferrer noopener\">T\u00e9cnico em Assuntos Educacionais<\/a> \u2013 04 vagas<\/li>\n\n\n\n<li><a href=\"https:\/\/www.estrategiaconcursos.com.br\/cursosPorConcurso\/instituto-federal-de-educacao-ciencia-e-tecnologia-do-rio-grande-do-sul-ifrs\/\" target=\"_blank\" rel=\"noreferrer noopener\">Tecn\u00f3logo em Processos Gerenciais<\/a> \u2013 01 vaga<\/li>\n<\/ul>\n\n\n\n<h3 class=\"wp-block-heading\" id=\"concurso-ifrs-requisitos\">Requisitos<\/h3>\n\n\n\n<p>Confira abaixo os requisitos espec\u00edficos:<\/p>\n\n\n\n<ul class=\"wp-block-list\">\n<li><strong>Assistente em Administra\u00e7\u00e3o<\/strong><br \/>Requisitos: ensino m\u00e9dio profissionalizante ou ensino m\u00e9dio completo.<\/li>\n\n\n\n<li><strong>Assistente de Alunos<\/strong><br \/>Requisitos: ensino m\u00e9dio completo.<\/li>\n\n\n\n<li><strong>T\u00e9cnico de Laborat\u00f3rio \u2013 \u00e1rea: Eletrot\u00e9cnica<\/strong><br \/>Requisitos: ensino m\u00e9dio profissionalizante ou ensino m\u00e9dio completo + curso t\u00e9cnico na \u00e1rea.<\/li>\n\n\n\n<li><strong>T\u00e9cnico de Laborat\u00f3rio \u2013 \u00e1rea: Audiovisual<\/strong><br \/>Requisitos: ensino m\u00e9dio profissionalizante ou ensino m\u00e9dio completo + curso t\u00e9cnico na \u00e1rea.<\/li>\n\n\n\n<li><strong>T\u00e9cnico de Laborat\u00f3rio \u2013 \u00e1rea: Alimentos<\/strong><br \/>Requisitos: ensino m\u00e9dio profissionalizante ou ensino m\u00e9dio completo + curso t\u00e9cnico na \u00e1rea.<\/li>\n\n\n\n<li><strong>Tecnologia da Informa\u00e7\u00e3o<\/strong><br \/>Requisitos: ensino m\u00e9dio profissionalizante ou ensino m\u00e9dio completo + curso t\u00e9cnico em eletr\u00f4nica com \u00eanfase em sistemas computacionais.<\/li>\n\n\n\n<li><strong>T\u00e9cnico em Agropecu\u00e1ria<\/strong><br \/>Requisitos: ensino m\u00e9dio profissionalizante em agropecu\u00e1ria ou ensino m\u00e9dio completo + curso t\u00e9cnico em agropecu\u00e1ria e registro no conselho competente<\/li>\n\n\n\n<li><strong>T\u00e9cnico em Contabilidade<\/strong><br \/>Requisitos: ensino m\u00e9dio profissionalizante ou ensino m\u00e9dio completo + curso t\u00e9cnico e registro no conselho competente<\/li>\n\n\n\n<li><strong>T\u00e9cnico em Enfermagem<\/strong><br \/>Requisitos: ensino m\u00e9dio profissionalizante ou ensino m\u00e9dio completo + curso t\u00e9cnico em enfermagem e registro no conselho competente.<\/li>\n\n\n\n<li><strong>Administrador<\/strong><br \/>Requisitos: curso superior completo em administra\u00e7\u00e3o e registro no respectivo conselho da classe.<\/li>\n\n\n\n<li><strong>Analista de Tecnologia e Informa\u00e7\u00e3o<\/strong><br \/>Requisitos: curso superior completo em n\u00edvel de gradua\u00e7\u00e3o na \u00e1rea.<\/li>\n\n\n\n<li><strong>Assistente Social<\/strong><br \/>Requisitos: curso superior completo em servi\u00e7o social e registro no respectivo conselho da classe.<\/li>\n\n\n\n<li><strong>Engenheiro&nbsp;Civil<\/strong><br \/>Requisitos: curso superior completo em engenharia civil e registro no conselho da classe.<\/li>\n\n\n\n<li><strong>Pedagogo<\/strong><br \/>Requisitos: curso superior completo em pedagogia.<\/li>\n\n\n\n<li><strong>T\u00e9cnico em Assuntos Educacionais<\/strong><br \/>Requisitos: curso superior completo em pedagogia ou licenciaturas.<\/li>\n\n\n\n<li><strong>Tecn\u00f3logo em Processos Gerenciais<\/strong><br \/>Requisitos: curso superior completo na \u00e1rea.<\/li>\n<\/ul>\n\n\n\n<h3 class=\"wp-block-heading\" id=\"concurso-ifrs-remuneracao\">Remunera\u00e7\u00e3o<\/h3>\n\n\n\n<p>Os aprovados para os cargos de n\u00edvel m\u00e9dio receberam sal\u00e1rio inicial de R$ 1.945,07; para n\u00edvel t\u00e9cnico foi de R$ 2.446,96; j\u00e1 para n\u00edvel superior foi de R$ 4.180,66<span style=\"color: initial;\">.<\/span><\/p>\n\n\n\n<p>Al\u00e9m disso, os aprovados receberam R$ 458,00 de aux\u00edlio alimenta\u00e7\u00e3o; R$ 321,00 de aux\u00edlio pr\u00e9-escola e a<span style=\"color: initial;\">ux\u00edlio transporte na forma da legisla\u00e7\u00e3o vigente.<\/span><\/p>\n\n\n\n<h3 class=\"wp-block-heading\" id=\"concurso-ifrs-provas-e-etapas\">Provas e etapas<\/h3>\n\n\n\n<h4 class=\"wp-block-heading\" id=\"prova-objetiva\">Prova objetiva<\/h4>\n\n\n\n<p>O certame ter\u00e1 apenas uma etapa correspondente a prova objetiva.&nbsp;<\/p>\n\n\n\n<p>A avalia\u00e7\u00e3o de car\u00e1ter eliminat\u00f3rio e classificat\u00f3rio ser\u00e1 aplicada<strong> no dia 29 de maio de 2022.<\/strong>&nbsp;Veja abaixo as disciplinas que ser\u00e3o cobradas:<\/p>\n\n\n\n<ul class=\"wp-block-list\">\n<li>Conhecimentos espec\u00edficos: 20 quest\u00f5es<\/li>\n\n\n\n<li>L\u00edngua portuguesa: 10 quest\u00f5es<\/li>\n\n\n\n<li>Legisla\u00e7\u00e3o: 10 quest\u00f5es<\/li>\n<\/ul>\n\n\n\n<p>Os candidatos foram avaliados por provas objetivas constitu\u00eddas por 30 quest\u00f5es de conhecimentos espec\u00edficos e 10 quest\u00f5es de legisla\u00e7\u00e3o.<\/p>\n\n\n\n<h2 class=\"wp-block-heading has-text-align-center\" id=\"h-quer-saber-tudo-sobre-concursos-previstos-confira-nossos-artigos\">Quer saber tudo sobre concursos previstos?<br \/>Confira  nossos artigos!<\/h2>\n\n\n\n<ul class=\"wp-block-list\">\n<li><a href=\"https:\/\/www.estrategiaconcursos.com.br\/blog\/concursos-abertos\/\" target=\"_blank\" rel=\"noreferrer noopener\">Concursos abertos<\/a><\/li>\n\n\n\n<li><a href=\"https:\/\/www.estrategiaconcursos.com.br\/blog\/concursos-educacao\/\">Concursos educa\u00e7\u00e3o<\/a><\/li>\n\n\n\n<li><a href=\"https:\/\/www.estrategiaconcursos.com.br\/blog\/concursos-2025\/\" target=\"_blank\" rel=\"noreferrer noopener\">Concursos 2025<\/a><\/li>\n\n\n\n<li><a href=\"https:\/\/www.estrategiaconcursos.com.br\/blog\/concursos-2026\/\">Concursos 2026<\/a><\/li>\n<\/ul>\n\n\n\n<h2 class=\"wp-block-heading has-text-align-center\" id=\"cursos-assinatura\">Quer estudar para o concurso IFRS?<\/h2>\n\n\n\n<div class=\"container\" id=\"boxes\">\n  <div class=\"row\">\n\n    <div class=\"col-sm\">\n      <div class=\"banner-adm\" id=\"box-assinatura\">\n        <h3 class=\"titulo-assinatura\">Carreiras Administrativas<\/h3>\n        <p class=\"subtitulo-assinatura\">Estude conosco concurso IFRS<\/p>\n        <div class=\"box-botao\">\n          <a class=\"btn-assinatura\" target=\"_blank\" href=\"https:\/\/www.estrategiaconcursos.com.br\/cursosPorConcurso\/instituto-federal-de-educacao-ciencia-e-tecnologia-do-rio-grande-do-sul-ifrs\/\" role=\"button\" rel=\"noopener noreferrer\">Conhe\u00e7a os cursos<\/a>\n        <\/div>\n      <\/div>\n      \n    <\/div>\n\n  <\/div>\n<\/div>\n\n\n\n<div class=\"container\" id=\"boxes\">\n  <div class=\"row\">\n\n    <div class=\"col-sm\">\n      <div class=\"estrategia\" id=\"box-assinatura\">\n        <h3 class=\"titulo-assinatura\">Assinatura Concursos<\/h3>\n        <p class=\"subtitulo-assinatura\">Assinatura de 1 ano ou 2 anos<\/p>\n        <div class=\"box-botao\">\n          <a class=\"btn-assinatura\" target=\"_blank\" href=\"https:\/\/www.estrategiaconcursos.com.br\/assinaturas\/\" role=\"button\" rel=\"noopener noreferrer\">ASSINE AGORA<\/a>\n        <\/div>\n      <\/div><\/div><\/div><\/div>\n\n\n\n\n\n<figure class=\"wp-block-image is-resized\"><img loading=\"lazy\" decoding=\"async\" width=\"1024\" height=\"632\" src=\"https:\/\/dhg1h5j42swfq.cloudfront.net\/2021\/04\/28205255\/ficha-tecnica-1-1024x632-1-16.png\" alt=\"Ficha do concurso IFRS\" class=\"wp-image-726275\" style=\"width:249px;height:153px\" srcset=\"https:\/\/dhg1h5j42swfq.cloudfront.net\/2021\/04\/28205255\/ficha-tecnica-1-1024x632-1-16.png 1024w, https:\/\/dhg1h5j42swfq.cloudfront.net\/2021\/04\/28205255\/ficha-tecnica-1-1024x632-1-16-300x185.png 300w, https:\/\/dhg1h5j42swfq.cloudfront.net\/2021\/04\/28205255\/ficha-tecnica-1-1024x632-1-16-768x474.png 768w, https:\/\/dhg1h5j42swfq.cloudfront.net\/2021\/04\/28205255\/ficha-tecnica-1-1024x632-1-16-610x376.png 610w\" sizes=\"auto, (max-width: 1024px) 100vw, 1024px\" \/><\/figure>\n\n\n\n<h3 class=\"wp-block-heading\" id=\"ficha\">Informa\u00e7\u00f5es do concurso IFRS<\/h3>\n\n\n\n<ul class=\"wp-block-list\">\n<li><strong>Banca:&nbsp;<\/strong>Fundatec<\/li>\n\n\n\n<li><strong>Vagas TAE:<\/strong> 13 + CR<\/li>\n\n\n\n<li><strong>Vagas Professor:<\/strong> 28 + CR<\/li>\n\n\n\n<li><strong>Sal\u00e1rios<\/strong>: TAE (R$ 2.667,19\/R$ 4.556,92) \/ Professor (R$ 4.875,18 a R$ 10.481,64)<\/li>\n\n\n\n<li><strong>Editais:<\/strong> <a href=\"https:\/\/dhg1h5j42swfq.cloudfront.net\/2024\/12\/27064630\/edital-tae-ifrs.pdf\">IFRS TAE 2024<\/a> \/ <a href=\"https:\/\/dhg1h5j42swfq.cloudfront.net\/2024\/12\/27064701\/ifrs-edital-professor-1.pdf\">IFRS Professor 2024<\/a><\/li>\n<\/ul>\n","protected":false},"excerpt":{"rendered":"<p>O Instituto Federal de Educa\u00e7\u00e3o, Ci\u00eancia e Tecnologia do Rio Grande do Sul homologou o resultado final no edital que ofertou 41 vagas! As provas objetivas foram aplicadas no dia 23 de mar\u00e7o. A lista de aprovados pode ser conferida abaixo: O edital contou com as seguintes oportunidades: Veja todos os detalhes ao longo do [&hellip;]<\/p>\n","protected":false},"author":1,"featured_media":1090639,"comment_status":"open","ping_status":"closed","sticky":false,"template":"","format":"standard","meta":{"post_tipo":"news_page","footnotes":""},"categories":[3766],"tags":[],"tax_estado":[219986],"class_list":["post-1002891","post","type-post","status-publish","format-standard","has-post-thumbnail","hentry","category-educacional","tax_estado-rs"],"acf":[],"yoast_head":"<!-- This site is optimized with the Yoast SEO Premium plugin v27.2 (Yoast SEO v27.2) - https:\/\/yoast.com\/product\/yoast-seo-premium-wordpress\/ -->\n<title>Concurso IFRS: resultados homologados, confira!<\/title>\n<meta name=\"description\" content=\"Concurso IFRS: edital ofertou 41 vagas + CR para os cargos de TAE e Professor. Homologa\u00e7\u00e3o do resultado publicada!\" \/>\n<meta name=\"robots\" content=\"index, follow, max-snippet:-1, max-image-preview:large, max-video-preview:-1\" \/>\n<link rel=\"canonical\" href=\"https:\/\/www.estrategiaconcursos.com.br\/blog\/concurso-ifrs\/\" \/>\n<meta property=\"og:locale\" content=\"pt_BR\" \/>\n<meta property=\"og:type\" content=\"article\" \/>\n<meta property=\"og:title\" content=\"Concurso IFRS: resultados homologados, confira!\" \/>\n<meta property=\"og:description\" content=\"Concurso IFRS: edital ofertou 41 vagas + CR para os cargos de TAE e Professor. Homologa\u00e7\u00e3o do resultado publicada!\" \/>\n<meta property=\"og:url\" content=\"https:\/\/www.estrategiaconcursos.com.br\/blog\/concurso-ifrs\/\" \/>\n<meta property=\"og:site_name\" content=\"Estrat\u00e9gia Concursos\" \/>\n<meta property=\"article:author\" content=\"https:\/\/www.facebook.com\/EstrategiaConcursos\" \/>\n<meta property=\"article:published_time\" content=\"2025-09-12T11:19:00+00:00\" \/>\n<meta property=\"article:modified_time\" content=\"2025-09-12T11:57:11+00:00\" \/>\n<meta property=\"og:image\" content=\"https:\/\/dhg1h5j42swfq.cloudfront.net\/2022\/09\/06185737\/concursos_educacao.jpg\" \/>\n\t<meta property=\"og:image:width\" content=\"768\" \/>\n\t<meta property=\"og:image:height\" content=\"432\" \/>\n\t<meta property=\"og:image:type\" content=\"image\/jpeg\" \/>\n<meta name=\"author\" content=\"Coordena\u00e7\u00e3o\" \/>\n<meta name=\"twitter:card\" content=\"summary_large_image\" \/>\n<meta name=\"twitter:creator\" content=\"@EstratConcursos\" \/>\n<meta name=\"twitter:site\" content=\"@EstratConcursos\" \/>\n<meta name=\"twitter:label1\" content=\"Escrito por\" \/>\n\t<meta name=\"twitter:data1\" content=\"Coordena\u00e7\u00e3o\" \/>\n\t<meta name=\"twitter:label2\" content=\"Est. tempo de leitura\" \/>\n\t<meta name=\"twitter:data2\" content=\"5 minutos\" \/>\n<script type=\"application\/ld+json\" class=\"yoast-schema-graph\">{\"@context\":\"https:\/\/schema.org\",\"@graph\":[{\"@type\":\"NewsArticle\",\"@id\":\"https:\/\/www.estrategiaconcursos.com.br\/blog\/concurso-ifrs\/#article\",\"isPartOf\":{\"@id\":\"https:\/\/www.estrategiaconcursos.com.br\/blog\/concurso-ifrs\/\"},\"author\":{\"name\":\"Coordena\u00e7\u00e3o\",\"@id\":\"https:\/\/www.estrategiaconcursos.com.br\/blog\/#\/schema\/person\/b4a388c97673c5f483d72185668afa1f\"},\"headline\":\"Concurso IFRS: resultados homologados, confira!\",\"datePublished\":\"2025-09-12T11:19:00+00:00\",\"dateModified\":\"2025-09-12T11:57:11+00:00\",\"mainEntityOfPage\":{\"@id\":\"https:\/\/www.estrategiaconcursos.com.br\/blog\/concurso-ifrs\/\"},\"wordCount\":2686,\"commentCount\":0,\"publisher\":{\"@id\":\"https:\/\/www.estrategiaconcursos.com.br\/blog\/#organization\"},\"image\":{\"@id\":\"https:\/\/www.estrategiaconcursos.com.br\/blog\/concurso-ifrs\/#primaryimage\"},\"thumbnailUrl\":\"https:\/\/dhg1h5j42swfq.cloudfront.net\/2022\/09\/06185737\/concursos_educacao.jpg\",\"articleSection\":[\"Educa\u00e7\u00e3o\"],\"inLanguage\":\"pt-BR\",\"potentialAction\":[{\"@type\":\"CommentAction\",\"name\":\"Comment\",\"target\":[\"https:\/\/www.estrategiaconcursos.com.br\/blog\/concurso-ifrs\/#respond\"]}],\"copyrightYear\":\"2025\",\"copyrightHolder\":{\"@id\":\"https:\/\/www.estrategiaconcursos.com.br\/blog\/#organization\"}},{\"@type\":\"WebPage\",\"@id\":\"https:\/\/www.estrategiaconcursos.com.br\/blog\/concurso-ifrs\/\",\"url\":\"https:\/\/www.estrategiaconcursos.com.br\/blog\/concurso-ifrs\/\",\"name\":\"Concurso IFRS: resultados homologados, confira!\",\"isPartOf\":{\"@id\":\"https:\/\/www.estrategiaconcursos.com.br\/blog\/#website\"},\"primaryImageOfPage\":{\"@id\":\"https:\/\/www.estrategiaconcursos.com.br\/blog\/concurso-ifrs\/#primaryimage\"},\"image\":{\"@id\":\"https:\/\/www.estrategiaconcursos.com.br\/blog\/concurso-ifrs\/#primaryimage\"},\"thumbnailUrl\":\"https:\/\/dhg1h5j42swfq.cloudfront.net\/2022\/09\/06185737\/concursos_educacao.jpg\",\"datePublished\":\"2025-09-12T11:19:00+00:00\",\"dateModified\":\"2025-09-12T11:57:11+00:00\",\"description\":\"Concurso IFRS: edital ofertou 41 vagas + CR para os cargos de TAE e Professor. Homologa\u00e7\u00e3o do resultado publicada!\",\"breadcrumb\":{\"@id\":\"https:\/\/www.estrategiaconcursos.com.br\/blog\/concurso-ifrs\/#breadcrumb\"},\"inLanguage\":\"pt-BR\",\"potentialAction\":[{\"@type\":\"ReadAction\",\"target\":[\"https:\/\/www.estrategiaconcursos.com.br\/blog\/concurso-ifrs\/\"]}]},{\"@type\":\"ImageObject\",\"inLanguage\":\"pt-BR\",\"@id\":\"https:\/\/www.estrategiaconcursos.com.br\/blog\/concurso-ifrs\/#primaryimage\",\"url\":\"https:\/\/dhg1h5j42swfq.cloudfront.net\/2022\/09\/06185737\/concursos_educacao.jpg\",\"contentUrl\":\"https:\/\/dhg1h5j42swfq.cloudfront.net\/2022\/09\/06185737\/concursos_educacao.jpg\",\"width\":768,\"height\":432,\"caption\":\"Concurso SME Indaial SP\"},{\"@type\":\"BreadcrumbList\",\"@id\":\"https:\/\/www.estrategiaconcursos.com.br\/blog\/concurso-ifrs\/#breadcrumb\",\"itemListElement\":[{\"@type\":\"ListItem\",\"position\":1,\"name\":\"In\u00edcio\",\"item\":\"https:\/\/www.estrategiaconcursos.com.br\/blog\/\"},{\"@type\":\"ListItem\",\"position\":2,\"name\":\"Concurso IFRS: resultados homologados, confira!\"}]},{\"@type\":\"WebSite\",\"@id\":\"https:\/\/www.estrategiaconcursos.com.br\/blog\/#website\",\"url\":\"https:\/\/www.estrategiaconcursos.com.br\/blog\/\",\"name\":\"Estrat\u00e9gia Concursos\",\"description\":\"O blog da Estrat\u00e9gia Concursos traz not\u00edcias sobre concursos e artigos de professores oferecendo cursos para concursos (pdf + videaulas) no site.\",\"publisher\":{\"@id\":\"https:\/\/www.estrategiaconcursos.com.br\/blog\/#organization\"},\"potentialAction\":[{\"@type\":\"SearchAction\",\"target\":{\"@type\":\"EntryPoint\",\"urlTemplate\":\"https:\/\/www.estrategiaconcursos.com.br\/blog\/?s={search_term_string}\"},\"query-input\":{\"@type\":\"PropertyValueSpecification\",\"valueRequired\":true,\"valueName\":\"search_term_string\"}}],\"inLanguage\":\"pt-BR\"},{\"@type\":\"Organization\",\"@id\":\"https:\/\/www.estrategiaconcursos.com.br\/blog\/#organization\",\"name\":\"Estrat\u00e9gia Concursos\",\"url\":\"https:\/\/www.estrategiaconcursos.com.br\/blog\/\",\"logo\":{\"@type\":\"ImageObject\",\"inLanguage\":\"pt-BR\",\"@id\":\"https:\/\/www.estrategiaconcursos.com.br\/blog\/#\/schema\/logo\/image\/\",\"url\":\"https:\/\/dhg1h5j42swfq.cloudfront.net\/2025\/06\/03203428\/logo_concursos-1.jpg\",\"contentUrl\":\"https:\/\/dhg1h5j42swfq.cloudfront.net\/2025\/06\/03203428\/logo_concursos-1.jpg\",\"width\":230,\"height\":60,\"caption\":\"Estrat\u00e9gia Concursos\"},\"image\":{\"@id\":\"https:\/\/www.estrategiaconcursos.com.br\/blog\/#\/schema\/logo\/image\/\"},\"sameAs\":[\"https:\/\/x.com\/EstratConcursos\"]},{\"@type\":\"Person\",\"@id\":\"https:\/\/www.estrategiaconcursos.com.br\/blog\/#\/schema\/person\/b4a388c97673c5f483d72185668afa1f\",\"name\":\"Coordena\u00e7\u00e3o\",\"image\":{\"@type\":\"ImageObject\",\"inLanguage\":\"pt-BR\",\"@id\":\"https:\/\/secure.gravatar.com\/avatar\/b720319e4c9a967eb58678d110f4fe35452fc5d5f97b202bac7b8acceb18c6ad?s=96&d=mm&r=g\",\"url\":\"https:\/\/secure.gravatar.com\/avatar\/b720319e4c9a967eb58678d110f4fe35452fc5d5f97b202bac7b8acceb18c6ad?s=96&d=mm&r=g\",\"contentUrl\":\"https:\/\/secure.gravatar.com\/avatar\/b720319e4c9a967eb58678d110f4fe35452fc5d5f97b202bac7b8acceb18c6ad?s=96&d=mm&r=g\",\"caption\":\"Coordena\u00e7\u00e3o\"},\"sameAs\":[\"https:\/\/www.facebook.com\/EstrategiaConcursos\",\"https:\/\/x.com\/EstratConcursos\"],\"url\":\"https:\/\/www.estrategiaconcursos.com.br\/blog\/author\/estrategia2013\/\"}]}<\/script>\n<!-- \/ Yoast SEO Premium plugin. -->","yoast_head_json":{"title":"Concurso IFRS: resultados homologados, confira!","description":"Concurso IFRS: edital ofertou 41 vagas + CR para os cargos de TAE e Professor. Homologa\u00e7\u00e3o do resultado publicada!","robots":{"index":"index","follow":"follow","max-snippet":"max-snippet:-1","max-image-preview":"max-image-preview:large","max-video-preview":"max-video-preview:-1"},"canonical":"https:\/\/www.estrategiaconcursos.com.br\/blog\/concurso-ifrs\/","og_locale":"pt_BR","og_type":"article","og_title":"Concurso IFRS: resultados homologados, confira!","og_description":"Concurso IFRS: edital ofertou 41 vagas + CR para os cargos de TAE e Professor. Homologa\u00e7\u00e3o do resultado publicada!","og_url":"https:\/\/www.estrategiaconcursos.com.br\/blog\/concurso-ifrs\/","og_site_name":"Estrat\u00e9gia Concursos","article_author":"https:\/\/www.facebook.com\/EstrategiaConcursos","article_published_time":"2025-09-12T11:19:00+00:00","article_modified_time":"2025-09-12T11:57:11+00:00","og_image":[{"width":768,"height":432,"url":"https:\/\/dhg1h5j42swfq.cloudfront.net\/2022\/09\/06185737\/concursos_educacao.jpg","type":"image\/jpeg"}],"author":"Coordena\u00e7\u00e3o","twitter_card":"summary_large_image","twitter_creator":"@EstratConcursos","twitter_site":"@EstratConcursos","twitter_misc":{"Escrito por":"Coordena\u00e7\u00e3o","Est. tempo de leitura":"5 minutos"},"schema":{"@context":"https:\/\/schema.org","@graph":[{"@type":"NewsArticle","@id":"https:\/\/www.estrategiaconcursos.com.br\/blog\/concurso-ifrs\/#article","isPartOf":{"@id":"https:\/\/www.estrategiaconcursos.com.br\/blog\/concurso-ifrs\/"},"author":{"name":"Coordena\u00e7\u00e3o","@id":"https:\/\/www.estrategiaconcursos.com.br\/blog\/#\/schema\/person\/b4a388c97673c5f483d72185668afa1f"},"headline":"Concurso IFRS: resultados homologados, confira!","datePublished":"2025-09-12T11:19:00+00:00","dateModified":"2025-09-12T11:57:11+00:00","mainEntityOfPage":{"@id":"https:\/\/www.estrategiaconcursos.com.br\/blog\/concurso-ifrs\/"},"wordCount":2686,"commentCount":0,"publisher":{"@id":"https:\/\/www.estrategiaconcursos.com.br\/blog\/#organization"},"image":{"@id":"https:\/\/www.estrategiaconcursos.com.br\/blog\/concurso-ifrs\/#primaryimage"},"thumbnailUrl":"https:\/\/dhg1h5j42swfq.cloudfront.net\/2022\/09\/06185737\/concursos_educacao.jpg","articleSection":["Educa\u00e7\u00e3o"],"inLanguage":"pt-BR","potentialAction":[{"@type":"CommentAction","name":"Comment","target":["https:\/\/www.estrategiaconcursos.com.br\/blog\/concurso-ifrs\/#respond"]}],"copyrightYear":"2025","copyrightHolder":{"@id":"https:\/\/www.estrategiaconcursos.com.br\/blog\/#organization"}},{"@type":"WebPage","@id":"https:\/\/www.estrategiaconcursos.com.br\/blog\/concurso-ifrs\/","url":"https:\/\/www.estrategiaconcursos.com.br\/blog\/concurso-ifrs\/","name":"Concurso IFRS: resultados homologados, confira!","isPartOf":{"@id":"https:\/\/www.estrategiaconcursos.com.br\/blog\/#website"},"primaryImageOfPage":{"@id":"https:\/\/www.estrategiaconcursos.com.br\/blog\/concurso-ifrs\/#primaryimage"},"image":{"@id":"https:\/\/www.estrategiaconcursos.com.br\/blog\/concurso-ifrs\/#primaryimage"},"thumbnailUrl":"https:\/\/dhg1h5j42swfq.cloudfront.net\/2022\/09\/06185737\/concursos_educacao.jpg","datePublished":"2025-09-12T11:19:00+00:00","dateModified":"2025-09-12T11:57:11+00:00","description":"Concurso IFRS: edital ofertou 41 vagas + CR para os cargos de TAE e Professor. Homologa\u00e7\u00e3o do resultado publicada!","breadcrumb":{"@id":"https:\/\/www.estrategiaconcursos.com.br\/blog\/concurso-ifrs\/#breadcrumb"},"inLanguage":"pt-BR","potentialAction":[{"@type":"ReadAction","target":["https:\/\/www.estrategiaconcursos.com.br\/blog\/concurso-ifrs\/"]}]},{"@type":"ImageObject","inLanguage":"pt-BR","@id":"https:\/\/www.estrategiaconcursos.com.br\/blog\/concurso-ifrs\/#primaryimage","url":"https:\/\/dhg1h5j42swfq.cloudfront.net\/2022\/09\/06185737\/concursos_educacao.jpg","contentUrl":"https:\/\/dhg1h5j42swfq.cloudfront.net\/2022\/09\/06185737\/concursos_educacao.jpg","width":768,"height":432,"caption":"Concurso SME Indaial SP"},{"@type":"BreadcrumbList","@id":"https:\/\/www.estrategiaconcursos.com.br\/blog\/concurso-ifrs\/#breadcrumb","itemListElement":[{"@type":"ListItem","position":1,"name":"In\u00edcio","item":"https:\/\/www.estrategiaconcursos.com.br\/blog\/"},{"@type":"ListItem","position":2,"name":"Concurso IFRS: resultados homologados, confira!"}]},{"@type":"WebSite","@id":"https:\/\/www.estrategiaconcursos.com.br\/blog\/#website","url":"https:\/\/www.estrategiaconcursos.com.br\/blog\/","name":"Estrat\u00e9gia Concursos","description":"O blog da Estrat\u00e9gia Concursos traz not\u00edcias sobre concursos e artigos de professores oferecendo cursos para concursos (pdf + videaulas) no site.","publisher":{"@id":"https:\/\/www.estrategiaconcursos.com.br\/blog\/#organization"},"potentialAction":[{"@type":"SearchAction","target":{"@type":"EntryPoint","urlTemplate":"https:\/\/www.estrategiaconcursos.com.br\/blog\/?s={search_term_string}"},"query-input":{"@type":"PropertyValueSpecification","valueRequired":true,"valueName":"search_term_string"}}],"inLanguage":"pt-BR"},{"@type":"Organization","@id":"https:\/\/www.estrategiaconcursos.com.br\/blog\/#organization","name":"Estrat\u00e9gia Concursos","url":"https:\/\/www.estrategiaconcursos.com.br\/blog\/","logo":{"@type":"ImageObject","inLanguage":"pt-BR","@id":"https:\/\/www.estrategiaconcursos.com.br\/blog\/#\/schema\/logo\/image\/","url":"https:\/\/dhg1h5j42swfq.cloudfront.net\/2025\/06\/03203428\/logo_concursos-1.jpg","contentUrl":"https:\/\/dhg1h5j42swfq.cloudfront.net\/2025\/06\/03203428\/logo_concursos-1.jpg","width":230,"height":60,"caption":"Estrat\u00e9gia Concursos"},"image":{"@id":"https:\/\/www.estrategiaconcursos.com.br\/blog\/#\/schema\/logo\/image\/"},"sameAs":["https:\/\/x.com\/EstratConcursos"]},{"@type":"Person","@id":"https:\/\/www.estrategiaconcursos.com.br\/blog\/#\/schema\/person\/b4a388c97673c5f483d72185668afa1f","name":"Coordena\u00e7\u00e3o","image":{"@type":"ImageObject","inLanguage":"pt-BR","@id":"https:\/\/secure.gravatar.com\/avatar\/b720319e4c9a967eb58678d110f4fe35452fc5d5f97b202bac7b8acceb18c6ad?s=96&d=mm&r=g","url":"https:\/\/secure.gravatar.com\/avatar\/b720319e4c9a967eb58678d110f4fe35452fc5d5f97b202bac7b8acceb18c6ad?s=96&d=mm&r=g","contentUrl":"https:\/\/secure.gravatar.com\/avatar\/b720319e4c9a967eb58678d110f4fe35452fc5d5f97b202bac7b8acceb18c6ad?s=96&d=mm&r=g","caption":"Coordena\u00e7\u00e3o"},"sameAs":["https:\/\/www.facebook.com\/EstrategiaConcursos","https:\/\/x.com\/EstratConcursos"],"url":"https:\/\/www.estrategiaconcursos.com.br\/blog\/author\/estrategia2013\/"}]}},"_links":{"self":[{"href":"https:\/\/www.estrategiaconcursos.com.br\/blog\/wp-json\/wp\/v2\/posts\/1002891","targetHints":{"allow":["GET"]}}],"collection":[{"href":"https:\/\/www.estrategiaconcursos.com.br\/blog\/wp-json\/wp\/v2\/posts"}],"about":[{"href":"https:\/\/www.estrategiaconcursos.com.br\/blog\/wp-json\/wp\/v2\/types\/post"}],"author":[{"embeddable":true,"href":"https:\/\/www.estrategiaconcursos.com.br\/blog\/wp-json\/wp\/v2\/users\/1"}],"replies":[{"embeddable":true,"href":"https:\/\/www.estrategiaconcursos.com.br\/blog\/wp-json\/wp\/v2\/comments?post=1002891"}],"version-history":[{"count":57,"href":"https:\/\/www.estrategiaconcursos.com.br\/blog\/wp-json\/wp\/v2\/posts\/1002891\/revisions"}],"predecessor-version":[{"id":1637800,"href":"https:\/\/www.estrategiaconcursos.com.br\/blog\/wp-json\/wp\/v2\/posts\/1002891\/revisions\/1637800"}],"wp:featuredmedia":[{"embeddable":true,"href":"https:\/\/www.estrategiaconcursos.com.br\/blog\/wp-json\/wp\/v2\/media\/1090639"}],"wp:attachment":[{"href":"https:\/\/www.estrategiaconcursos.com.br\/blog\/wp-json\/wp\/v2\/media?parent=1002891"}],"wp:term":[{"taxonomy":"category","embeddable":true,"href":"https:\/\/www.estrategiaconcursos.com.br\/blog\/wp-json\/wp\/v2\/categories?post=1002891"},{"taxonomy":"post_tag","embeddable":true,"href":"https:\/\/www.estrategiaconcursos.com.br\/blog\/wp-json\/wp\/v2\/tags?post=1002891"},{"taxonomy":"tax_estado","embeddable":true,"href":"https:\/\/www.estrategiaconcursos.com.br\/blog\/wp-json\/wp\/v2\/tax_estado?post=1002891"}],"curies":[{"name":"wp","href":"https:\/\/api.w.org\/{rel}","templated":true}]}}