{"id":1002716,"date":"2022-05-06T09:08:12","date_gmt":"2022-05-06T12:08:12","guid":{"rendered":"https:\/\/www.estrategiaconcursos.com.br\/blog\/?p=1002716"},"modified":"2022-05-06T09:08:15","modified_gmt":"2022-05-06T12:08:15","slug":"concurso-pc-mg-administrativo-edital-publicado","status":"publish","type":"post","link":"https:\/\/www.estrategiaconcursos.com.br\/blog\/concurso-pc-mg-administrativo-edital-publicado\/","title":{"rendered":"Edital PC MG Administrativo: inscri\u00e7\u00f5es est\u00e3o encerradas!"},"content":{"rendered":"\n<p>As inscri\u00e7\u00f5es do <strong>edital <a href=\"https:\/\/www.estrategiaconcursos.com.br\/cursosPorConcurso\/policia-civil-de-minas-gerais-pc-mg\/\">PC MG Administrativo<\/a><\/strong> est\u00e3o encerradas! Conforme o documento, o \u00f3rg\u00e3o oferece <strong>165 vagas<\/strong> imediatas, sendo:<\/p>\n\n\n\n<ul class=\"wp-block-list\"><li>Analista &#8211; 51 vagas<\/li><li>T\u00e9cnico Assistente &#8211; 114 vagas <\/li><\/ul>\n\n\n\n<p>Os interessados em participar da sele\u00e7\u00e3o puderam realizar as inscri\u00e7\u00f5es at\u00e9 05 de maio de 2022, no site da banca organizadora, <a href=\"http:\/\/www.fumarc.com.br\/concursos\" target=\"_blank\" rel=\"noreferrer noopener\">Fumarc<\/a>. As taxas foram de R$ 65,00 e R$ 85,00.<\/p>\n\n\n\n<p>As oportunidades s\u00e3o de n\u00edveis m\u00e9dio e superior de forma\u00e7\u00e3o, com sal\u00e1rios iniciais que variam de<span style=\"font-size: revert; color: initial;\"><strong> R$ 1.729,10 a R$ 4.679,27<\/strong><\/span><\/p>\n\n\n\n<ul class=\"has-very-light-gray-to-cyan-bluish-gray-gradient-background has-background wp-block-list\"><li><strong style=\"background-color: initial; color: initial;\">Banca:<\/strong><span style=\"color: initial;\"> Fumarc <\/span><\/li><li><strong>Vagas:<\/strong> 165<\/li><li><strong>Cargo<\/strong>: Analista e T\u00e9cnico Assistente <\/li><li><strong>Sal\u00e1rio inicial:<\/strong> R$ 1.729,10 a R$ 4.679,27<\/li><li><strong>Editais<\/strong>:&nbsp;<a href=\"https:\/\/dhg1h5j42swfq.cloudfront.net\/2022\/04\/06063238\/edital-pc-mg-analista-06-04.pdf\" target=\"_blank\" rel=\"noreferrer noopener nofollow\">PCMG &#8211; Analista<\/a> | <a href=\"https:\/\/dhg1h5j42swfq.cloudfront.net\/2022\/04\/06063307\/edital-pc-mg-tecnico-06-04.pdf\" target=\"_blank\" rel=\"noreferrer noopener nofollow\">PCMG &#8211; T\u00e9cnico<\/a><\/li><\/ul>\n\n\n\n<div class=\"container\" id=\"boxes\">\n  <div class=\"row\"> \n\n    <div class=\"col-sm\">\n      <div class=\"banner-adm\" id=\"box-assinatura\">\n        <h3 class=\"titulo-assinatura\">Concurso PC MG Administrativo<\/h3>\n        <p class=\"subtitulo-assinatura\">Conhe\u00e7a os cursos<\/p>\n        <div class=\"box-botao\">\n          <a class=\"btn-assinatura\" target=\"_blank\" href=\"https:\/\/www.estrategiaconcursos.com.br\/cursosPorConcurso\/policia-civil-de-minas-gerais-pc-mg\/\" role=\"button\" rel=\"noopener noreferrer\">Conhe\u00e7a mais<\/a>\n        <\/div>\n      <\/div>\n     \n\n  <\/div>\n<\/div><\/div>\n\n\n\n<h2 class=\"wp-block-heading\" id=\"datas\">Principais datas do edital PC MG Administrativo <\/h2>\n\n\n\n<p class=\"has-very-light-gray-background-color has-background\"><strong>Inscri\u00e7\u00f5es<\/strong>: <s>07 de abril a 05 de maio de 2022<\/s><br \/><strong>Isen\u00e7\u00e3o da taxa<\/strong>: <s>07 a 10 de abril de 2022<\/s><br \/><strong>Prova<\/strong>: 05 de junho de 2022<\/p>\n\n\n<figure class=\"wp-block-embed-youtube wp-block-embed is-type-video is-provider-youtube wp-embed-aspect-16-9 wp-has-aspect-ratio\"><div class=\"lyte-wrapper\" style=\"width:853px;max-width:100%;margin:5px;\"><div class=\"lyMe\" id=\"WYL_zktn4AUSgPU\"><div id=\"lyte_zktn4AUSgPU\" data-src=\"\/\/i.ytimg.com\/vi\/zktn4AUSgPU\/hqdefault.jpg\" class=\"pL\"><div class=\"tC\"><div class=\"tT\"><\/div><\/div><div class=\"play\"><\/div><div class=\"ctrl\"><div class=\"Lctrl\"><\/div><div class=\"Rctrl\"><\/div><\/div><\/div><noscript><a href=\"https:\/\/youtu.be\/zktn4AUSgPU\" rel=\"nofollow\"><img loading=\"lazy\" decoding=\"async\" src=\"https:\/\/i.ytimg.com\/vi\/zktn4AUSgPU\/0.jpg\" alt=\"YouTube video thumbnail\" width=\"853\" height=\"460\" \/><br \/>Assista a este v\u00eddeo no YouTube<\/a><\/noscript><\/div><\/div><div class=\"lL\" style=\"max-width:100%;width:853px;margin:5px;\"><\/div><figcaption><\/figcaption><\/figure>\n\n\n<h2 class=\"wp-block-heading\" id=\"cargos-vagas\">Cargos e vagas do edital <\/h2>\n\n\n\n<figure class=\"wp-block-table is-style-stripes\"><table class=\"has-background has-fixed-layout\" style=\"background-color:#e7f5fe\"><thead><tr><th class=\"has-text-align-center\" data-align=\"center\">CARGOS<\/th><th class=\"has-text-align-center\" data-align=\"center\">VAGAS<\/th><th class=\"has-text-align-center\" data-align=\"center\">SAL\u00c1RIO<\/th><\/tr><\/thead><tbody><tr><td class=\"has-text-align-center\" data-align=\"center\">T\u00e9cnico Assistente da Pol\u00edcia Civil, N\u00edvel I Grau A<\/td><td class=\"has-text-align-center\" data-align=\"center\">114<\/td><td class=\"has-text-align-center\" data-align=\"center\">R$ 1.729,10*&nbsp;<\/td><\/tr><tr><td class=\"has-text-align-center\" data-align=\"center\">Analista da Pol\u00edcia Civil, N\u00edvel I Grau A<\/td><td class=\"has-text-align-center\" data-align=\"center\">43<\/td><td class=\"has-text-align-center\" data-align=\"center\">R$ 3.143,83&nbsp;*<\/td><\/tr><tr><td class=\"has-text-align-center\" data-align=\"center\">Analista da Pol\u00edcia Civil, N\u00edvel III Grau A<\/td><td class=\"has-text-align-center\" data-align=\"center\">08<\/td><td class=\"has-text-align-center\" data-align=\"center\">&nbsp;R$ 4.679,27*<\/td><\/tr><\/tbody><\/table><figcaption>*Incidir\u00e1 sobre esse valor o reajuste previsto na Lei 24035\/2022 <\/figcaption><\/figure>\n\n\n\n<p><em>*Incidir\u00e1 sobre esse valor o reajuste previsto na Lei 24035\/2022 <\/em><\/p>\n\n\n\n<ul class=\"wp-block-list\"><li><strong>Especialidades de T\u00e9cnico<\/strong>: Apoio Administrativo, Auxiliar de Per\u00edcia, Auxiliar de Dentista, Auxiliar de Mec\u00e2nica e T\u00e9cnico em Seguran\u00e7a do Trabalho<\/li><li><strong>Especialidades de Analista<\/strong>: Apoio \u00e0 Gest\u00e3o, Apoio a Infraestrutura, Comunica\u00e7\u00e3o e Informa\u00e7\u00e3o, Medicina \u2013 Cl\u00ednica M\u00e9dica, Medicina \u2013 Dermatologia, Medicina \u2013 Ginecologia, Medicina \u2013 Psiquiatria, Medicina \u2013 Medicina do Trabalho, Pedagogia, Psicologia, Servi\u00e7o Social e Tecnologia da Informa\u00e7\u00e3o<\/li><\/ul>\n\n\n\n<h2 class=\"wp-block-heading\" id=\"etapas\">Etapas e provas do edital PC MG Administrativo <\/h2>\n\n\n\n<p>O edital PCMG Administrativo prev\u00ea uma \u00fanica etapa: <strong>Provas de Conhecimentos Objetivas<\/strong>, de car\u00e1ter eliminat\u00f3rio e classificat\u00f3rio.<\/p>\n\n\n\n<p>As provas ser\u00e3o realizadas em Belo Horizonte, com dura\u00e7\u00e3o m\u00e1xima de 4h, devendo ser aplicada no turno da manh\u00e3 (Analista da Pol\u00edcia Civil) e no turno da tarde (T\u00e9cnico Assistente da Pol\u00edcia Civil).<\/p>\n\n\n\n<p>Conhe\u00e7a as disciplinas a serem cobradas:<\/p>\n\n\n\n<h4 class=\"wp-block-heading\" id=\"analista-da-policia-civil-nivel-i-e-iii-grau-a\">Analista da Pol\u00edcia Civil, N\u00edvel I e III Grau A<\/h4>\n\n\n\n<figure class=\"wp-block-table is-style-stripes\"><table class=\"has-very-light-gray-to-cyan-bluish-gray-gradient-background has-background has-fixed-layout\"><thead><tr><th class=\"has-text-align-center\" data-align=\"center\">Disciplina<\/th><th class=\"has-text-align-center\" data-align=\"center\">Quest\u00f5es<\/th><\/tr><\/thead><tbody><tr><td class=\"has-text-align-center\" data-align=\"center\">L\u00edngua Portuguesa<\/td><td class=\"has-text-align-center\" data-align=\"center\">10<\/td><\/tr><tr><td class=\"has-text-align-center\" data-align=\"center\">Direitos Humanos<\/td><td class=\"has-text-align-center\" data-align=\"center\">10<\/td><\/tr><tr><td class=\"has-text-align-center\" data-align=\"center\">Legisla\u00e7\u00e3o Espec\u00edfica<\/td><td class=\"has-text-align-center\" data-align=\"center\">10<\/td><\/tr><tr><td class=\"has-text-align-center\" data-align=\"center\">No\u00e7\u00f5es B\u00e1sicas de Seguran\u00e7a P\u00fablica e Criminologia<\/td><td class=\"has-text-align-center\" data-align=\"center\">10<\/td><\/tr><tr><td class=\"has-text-align-center\" data-align=\"center\">No\u00e7\u00f5es de Inform\u00e1tica<\/td><td class=\"has-text-align-center\" data-align=\"center\">10<\/td><\/tr><tr><td class=\"has-text-align-center\" data-align=\"center\">Conte\u00fado Espec\u00edfico<\/td><td class=\"has-text-align-center\" data-align=\"center\">10<\/td><\/tr><\/tbody><\/table><\/figure>\n\n\n\n<h4 class=\"wp-block-heading\" id=\"tecnico-assistente-da-policia-civil-nivel-i-grau-a\">T\u00e9cnico Assistente da Pol\u00edcia Civil, N\u00edvel I Grau A<\/h4>\n\n\n\n<figure class=\"wp-block-table is-style-stripes\"><table class=\"has-very-light-gray-to-cyan-bluish-gray-gradient-background has-background has-fixed-layout\"><thead><tr><th class=\"has-text-align-center\" data-align=\"center\">Disciplina<\/th><th class=\"has-text-align-center\" data-align=\"center\">Quest\u00f5es<\/th><\/tr><\/thead><tbody><tr><td class=\"has-text-align-center\" data-align=\"center\">L\u00edngua Portuguesa<\/td><td class=\"has-text-align-center\" data-align=\"center\">20<\/td><\/tr><tr><td class=\"has-text-align-center\" data-align=\"center\">Direitos Humanos<\/td><td class=\"has-text-align-center\" data-align=\"center\">10<\/td><\/tr><tr><td class=\"has-text-align-center\" data-align=\"center\">Legisla\u00e7\u00e3o Espec\u00edfica<\/td><td class=\"has-text-align-center\" data-align=\"center\">10<\/td><\/tr><tr><td class=\"has-text-align-center\" data-align=\"center\">No\u00e7\u00f5es de Inform\u00e1tica<\/td><td class=\"has-text-align-center\" data-align=\"center\">10<\/td><\/tr><tr><td class=\"has-text-align-center\" data-align=\"center\">Conte\u00fado Espec\u00edfico<\/td><td class=\"has-text-align-center\" data-align=\"center\">10<\/td><\/tr><\/tbody><\/table><\/figure>\n\n\n\n<p>As Provas de Conhecimentos Objetivas ser\u00e3o compostas de 60 quest\u00f5es de m\u00faltipla escolha, cada uma com 04 op\u00e7\u00f5es, existindo apenas uma op\u00e7\u00e3o correta.<\/p>\n\n\n\n<p>Cada quest\u00e3o das Provas Objetivas valer\u00e1 1 ponto. Ser\u00e1 considerado aprovado o candidato que obtiver \u00edndice igual ou superior a 50% do total das respostas.<\/p>\n\n\n\n<h2 class=\"wp-block-heading\" id=\"edital-estrategico-pc-mg-administrativo\">Edital Estrat\u00e9gico PC MG Administrativo<\/h2>\n\n\n\n<ul class=\"wp-block-list\"><li><a href=\"https:\/\/docs.google.com\/spreadsheets\/d\/16d0RZvs1fqziEPkXiW4lmrUx8VOnsBpV\/edit?usp=sharing&amp;ouid=101265451508967920612&amp;rtpof=true&amp;sd=true\" target=\"_blank\" rel=\"noreferrer noopener\">Analista &#8211; Apoio Gest\u00e3o<\/a><\/li><li><a href=\"https:\/\/docs.google.com\/spreadsheets\/d\/18Se8KZZp3d_bq1ou_2xlgWQRZDfmA_m5\/edit?usp=sharing&amp;ouid=101265451508967920612&amp;rtpof=true&amp;sd=true\" target=\"_blank\" rel=\"noreferrer noopener\">Analista &#8211; Apoio a Infraestrutura<\/a><\/li><li><a href=\"https:\/\/docs.google.com\/spreadsheets\/d\/1h32djP0whCc6jwM8c-ihCjlrC1M6AHKG\/edit?usp=sharing&amp;ouid=101265451508967920612&amp;rtpof=true&amp;sd=true\" target=\"_blank\" rel=\"noreferrer noopener\">Analista &#8211; Comunica\u00e7\u00e3o e Informa\u00e7\u00e3o<\/a><\/li><li><a href=\"https:\/\/docs.google.com\/spreadsheets\/d\/1AX0K0LFPIm4bBYWeXq6Aed6TsIqDuQtf\/edit?usp=sharing&amp;ouid=101265451508967920612&amp;rtpof=true&amp;sd=true\" target=\"_blank\" rel=\"noreferrer noopener\">Analista &#8211; TI<\/a><\/li><li><a href=\"https:\/\/docs.google.com\/spreadsheets\/d\/1Lpal-oL6QRkxtdjUc0YhCiMLNaIX1t8V\/edit?usp=sharing&amp;ouid=101265451508967920612&amp;rtpof=true&amp;sd=true\" target=\"_blank\" rel=\"noreferrer noopener\">T\u00e9cnico Assistente<\/a><\/li><\/ul>\n\n\n\n<p><strong>IMPORTANTE:&nbsp;<\/strong>Ao clicar nos links acima, vai ser aberta uma janela do Google Drive que tentar\u00e1 carregar a visualiza\u00e7\u00e3o da planilha no seu navegador. N\u00e3o h\u00e1 necessidade de esperar essa visualiza\u00e7\u00e3o (talvez at\u00e9 nem carregue, j\u00e1 que os arquivos s\u00e3o pesados).<\/p>\n\n\n\n<p>Fa\u00e7a o download clicando na seta para baixo no canto superior direito da janela do Google Drive que vai ser aberta ao clicar nos links acima.<\/p>\n\n\n\n<p>Todos os arquivos foram testados em diferentes computadores e celulares e est\u00e3o ok. Talvez alguma incompatibilidade (ou mensagem de erro, como \u201carquivo inv\u00e1lido\u201d) ocorra em virtude do seu pr\u00f3prio computador ou do tamanho dos arquivos que possuem mais conte\u00fado.<\/p>\n\n\n\n<h2 class=\"has-text-align-center has-pale-cyan-blue-background-color has-background has-medium-font-size wp-block-heading\" id=\"h-saiba-mais-concurso-pc-mg-administrativo\">Saiba mais: <a href=\"https:\/\/www.estrategiaconcursos.com.br\/blog\/concurso-pc-mg-administrativo\/\" target=\"_blank\" rel=\"noreferrer noopener\">concurso PC MG Administrativo<\/a><\/h2>\n\n\n\n<h2 class=\"has-text-align-center wp-block-heading\" id=\"h-quer-saber-tudo-sobre-concursos-previstos-confira-nossos-artigos\">Quer saber tudo sobre concursos previstos?<br \/>Confira  nossos artigos!<\/h2>\n\n\n\n<ul class=\"wp-block-list\"><li><a href=\"https:\/\/www.estrategiaconcursos.com.br\/blog\/concursos-abertos\/\" target=\"_blank\" rel=\"noreferrer noopener\">Concursos abertos<\/a><\/li><li><a href=\"https:\/\/www.estrategiaconcursos.com.br\/blog\/concursos-2022\/\" target=\"_blank\" rel=\"noreferrer noopener\">Concursos 2022<\/a><\/li><\/ul>\n\n\n\n<h2 class=\"has-text-align-center wp-block-heading\" id=\"quer-estudar-para-o-edital-pc-mg-administrativo\">Quer estudar para o edital PC MG Administrativo?<\/h2>\n\n\n\n<div class=\"container\" id=\"boxes\">\n  <div class=\"row\"> \n\n    <div class=\"col-sm\">\n      <div class=\"banner-adm\" id=\"box-assinatura\">\n        <h3 class=\"titulo-assinatura\">Concurso PC MG Administrativo<\/h3>\n        <p class=\"subtitulo-assinatura\">Conhe\u00e7a os cursos<\/p>\n        <div class=\"box-botao\">\n          <a class=\"btn-assinatura\" target=\"_blank\" href=\"https:\/\/www.estrategiaconcursos.com.br\/cursosPorConcurso\/policia-civil-de-minas-gerais-pc-mg\/\" role=\"button\" rel=\"noopener noreferrer\">Conhe\u00e7a mais<\/a>\n        <\/div>\n      <\/div>\n     \n\n  <\/div>\n<\/div><\/div>\n\n\n\n\n\n<figure class=\"wp-block-image size-large is-resized\"><img loading=\"lazy\" decoding=\"async\" src=\"https:\/\/dhg1h5j42swfq.cloudfront.net\/2025\/06\/27101122\/ficha-tecnica-1-1024x632.png\" alt=\"Informa\u00e7\u00f5es do edital PC MG Administrativo\" class=\"wp-image-702728\" width=\"269\" height=\"166\" srcset=\"https:\/\/dhg1h5j42swfq.cloudfront.net\/2025\/06\/27101122\/ficha-tecnica-1-1024x632.png 1024w, https:\/\/dhg1h5j42swfq.cloudfront.net\/2025\/06\/27101122\/ficha-tecnica-1-300x185.png 300w, https:\/\/dhg1h5j42swfq.cloudfront.net\/2025\/06\/27101122\/ficha-tecnica-1-768x474.png 768w, https:\/\/dhg1h5j42swfq.cloudfront.net\/2025\/06\/27101122\/ficha-tecnica-1-1536x948.png 1536w, https:\/\/dhg1h5j42swfq.cloudfront.net\/2025\/06\/27101122\/ficha-tecnica-1-610x377.png 610w, https:\/\/dhg1h5j42swfq.cloudfront.net\/2025\/06\/27101122\/ficha-tecnica-1.png 1571w\" sizes=\"auto, (max-width: 269px) 100vw, 269px\" \/><\/figure>\n\n\n\n<h3 class=\"wp-block-heading\" id=\"block-ba1614b5-988b-41ef-892d-f4c9f7e9dd42\">Informa\u00e7\u00f5es do edital PC MG Administrativo <\/h3>\n\n\n\n<ul class=\"wp-block-list\" id=\"block-46dd482c-33cf-409c-8762-75c111403f14\"><li><strong>Inscri\u00e7\u00f5es<\/strong>: 07\/04 a 05\/05\/2022<\/li><li><strong>Provas<\/strong>: 05\/06\/2022<\/li><li><strong>Vagas<\/strong>: 165<\/li><li><strong>Cargos<\/strong>: Analista e T\u00e9cnico <\/li><li><strong>Banca<\/strong>: Fumarc <\/li><li><strong>Escolaridade<\/strong>: m\u00e9dio e superior <\/li><li><strong>Editais<\/strong>:&nbsp;<a href=\"https:\/\/dhg1h5j42swfq.cloudfront.net\/2022\/04\/06063238\/edital-pc-mg-analista-06-04.pdf\" target=\"_blank\" rel=\"noreferrer noopener nofollow\">PCMG &#8211; Analista<\/a> | <a href=\"https:\/\/dhg1h5j42swfq.cloudfront.net\/2022\/04\/06063307\/edital-pc-mg-tecnico-06-04.pdf\" target=\"_blank\" rel=\"noreferrer noopener nofollow\">PCMG &#8211; T\u00e9cnico<\/a><\/li><\/ul>\n","protected":false},"excerpt":{"rendered":"<p>As inscri\u00e7\u00f5es do edital PC MG Administrativo est\u00e3o encerradas! Conforme o documento, o \u00f3rg\u00e3o oferece 165 vagas imediatas, sendo: Analista &#8211; 51 vagas T\u00e9cnico Assistente &#8211; 114 vagas Os interessados em participar da sele\u00e7\u00e3o puderam realizar as inscri\u00e7\u00f5es at\u00e9 05 de maio de 2022, no site da banca organizadora, Fumarc. As taxas foram de R$ [&hellip;]<\/p>\n","protected":false},"author":2375,"featured_media":1003483,"comment_status":"open","ping_status":"closed","sticky":false,"template":"","format":"standard","meta":{"post_tipo":"news","footnotes":""},"categories":[214992,1988,220219],"tags":[],"tax_estado":[219974],"class_list":["post-1002716","post","type-post","status-publish","format-standard","has-post-thumbnail","hentry","category-concursos-administrativos","category-policia","category-noticias","tax_estado-mg"],"acf":[],"yoast_head":"<!-- This site is optimized with the Yoast SEO Premium plugin v27.2 (Yoast SEO v27.2) - https:\/\/yoast.com\/product\/yoast-seo-premium-wordpress\/ -->\n<title>Edital PC MG Administrativo: inscri\u00e7\u00f5es est\u00e3o encerradas!<\/title>\n<meta name=\"description\" content=\"Edital PC MG Administrativo \u00e9 publicado com oferta de 165 vagas. Acesse e confira os detalhes com o Estrat\u00e9gia. Inscri\u00e7\u00f5es encerradas!\" \/>\n<meta name=\"robots\" content=\"index, follow, max-snippet:-1, max-image-preview:large, max-video-preview:-1\" \/>\n<link rel=\"canonical\" href=\"https:\/\/www.estrategiaconcursos.com.br\/blog\/concurso-pc-mg-administrativo-edital-publicado\/\" \/>\n<meta property=\"og:locale\" content=\"pt_BR\" \/>\n<meta property=\"og:type\" content=\"article\" \/>\n<meta property=\"og:title\" content=\"Edital PC MG Administrativo: inscri\u00e7\u00f5es est\u00e3o encerradas!\" \/>\n<meta property=\"og:description\" content=\"Edital PC MG Administrativo \u00e9 publicado com oferta de 165 vagas. Acesse e confira os detalhes com o Estrat\u00e9gia. Inscri\u00e7\u00f5es encerradas!\" \/>\n<meta property=\"og:url\" content=\"https:\/\/www.estrategiaconcursos.com.br\/blog\/concurso-pc-mg-administrativo-edital-publicado\/\" \/>\n<meta property=\"og:site_name\" content=\"Estrat\u00e9gia Concursos\" \/>\n<meta property=\"article:published_time\" content=\"2022-05-06T12:08:12+00:00\" \/>\n<meta property=\"article:modified_time\" content=\"2022-05-06T12:08:15+00:00\" \/>\n<meta property=\"og:image\" content=\"https:\/\/dhg1h5j42swfq.cloudfront.net\/2022\/04\/06161754\/pc-mg-administrativo.jpg\" \/>\n\t<meta property=\"og:image:width\" content=\"768\" \/>\n\t<meta property=\"og:image:height\" content=\"432\" \/>\n\t<meta property=\"og:image:type\" content=\"image\/jpeg\" \/>\n<meta name=\"author\" content=\"Priscila Almeida\" \/>\n<meta name=\"twitter:card\" content=\"summary_large_image\" \/>\n<meta name=\"twitter:creator\" content=\"@EstratConcursos\" \/>\n<meta name=\"twitter:site\" content=\"@EstratConcursos\" \/>\n<meta name=\"twitter:label1\" content=\"Escrito por\" \/>\n\t<meta name=\"twitter:data1\" content=\"Priscila Almeida\" \/>\n\t<meta name=\"twitter:label2\" content=\"Est. tempo de leitura\" \/>\n\t<meta name=\"twitter:data2\" content=\"4 minutos\" \/>\n<script type=\"application\/ld+json\" class=\"yoast-schema-graph\">{\"@context\":\"https:\/\/schema.org\",\"@graph\":[{\"@type\":\"NewsArticle\",\"@id\":\"https:\/\/www.estrategiaconcursos.com.br\/blog\/concurso-pc-mg-administrativo-edital-publicado\/#article\",\"isPartOf\":{\"@id\":\"https:\/\/www.estrategiaconcursos.com.br\/blog\/concurso-pc-mg-administrativo-edital-publicado\/\"},\"author\":{\"name\":\"Priscila Almeida\",\"@id\":\"https:\/\/www.estrategiaconcursos.com.br\/blog\/#\/schema\/person\/a06e841e501f2e1d8c49c4e8f066bfd1\"},\"headline\":\"Edital PC MG Administrativo: inscri\u00e7\u00f5es est\u00e3o encerradas!\",\"datePublished\":\"2022-05-06T12:08:12+00:00\",\"dateModified\":\"2022-05-06T12:08:15+00:00\",\"mainEntityOfPage\":{\"@id\":\"https:\/\/www.estrategiaconcursos.com.br\/blog\/concurso-pc-mg-administrativo-edital-publicado\/\"},\"wordCount\":706,\"commentCount\":0,\"publisher\":{\"@id\":\"https:\/\/www.estrategiaconcursos.com.br\/blog\/#organization\"},\"image\":{\"@id\":\"https:\/\/www.estrategiaconcursos.com.br\/blog\/concurso-pc-mg-administrativo-edital-publicado\/#primaryimage\"},\"thumbnailUrl\":\"https:\/\/dhg1h5j42swfq.cloudfront.net\/2022\/04\/06161754\/pc-mg-administrativo.jpg\",\"articleSection\":[\"Executivo (Administrativa)\",\"Policial (Agente, Escriv\u00e3o e Investigador)\",\"\u00daltimas not\u00edcias\"],\"inLanguage\":\"pt-BR\",\"potentialAction\":[{\"@type\":\"CommentAction\",\"name\":\"Comment\",\"target\":[\"https:\/\/www.estrategiaconcursos.com.br\/blog\/concurso-pc-mg-administrativo-edital-publicado\/#respond\"]}],\"copyrightYear\":\"2022\",\"copyrightHolder\":{\"@id\":\"https:\/\/www.estrategiaconcursos.com.br\/blog\/#organization\"}},{\"@type\":\"WebPage\",\"@id\":\"https:\/\/www.estrategiaconcursos.com.br\/blog\/concurso-pc-mg-administrativo-edital-publicado\/\",\"url\":\"https:\/\/www.estrategiaconcursos.com.br\/blog\/concurso-pc-mg-administrativo-edital-publicado\/\",\"name\":\"Edital PC MG Administrativo: inscri\u00e7\u00f5es est\u00e3o encerradas!\",\"isPartOf\":{\"@id\":\"https:\/\/www.estrategiaconcursos.com.br\/blog\/#website\"},\"primaryImageOfPage\":{\"@id\":\"https:\/\/www.estrategiaconcursos.com.br\/blog\/concurso-pc-mg-administrativo-edital-publicado\/#primaryimage\"},\"image\":{\"@id\":\"https:\/\/www.estrategiaconcursos.com.br\/blog\/concurso-pc-mg-administrativo-edital-publicado\/#primaryimage\"},\"thumbnailUrl\":\"https:\/\/dhg1h5j42swfq.cloudfront.net\/2022\/04\/06161754\/pc-mg-administrativo.jpg\",\"datePublished\":\"2022-05-06T12:08:12+00:00\",\"dateModified\":\"2022-05-06T12:08:15+00:00\",\"description\":\"Edital PC MG Administrativo \u00e9 publicado com oferta de 165 vagas. Acesse e confira os detalhes com o Estrat\u00e9gia. Inscri\u00e7\u00f5es encerradas!\",\"breadcrumb\":{\"@id\":\"https:\/\/www.estrategiaconcursos.com.br\/blog\/concurso-pc-mg-administrativo-edital-publicado\/#breadcrumb\"},\"inLanguage\":\"pt-BR\",\"potentialAction\":[{\"@type\":\"ReadAction\",\"target\":[\"https:\/\/www.estrategiaconcursos.com.br\/blog\/concurso-pc-mg-administrativo-edital-publicado\/\"]}]},{\"@type\":\"ImageObject\",\"inLanguage\":\"pt-BR\",\"@id\":\"https:\/\/www.estrategiaconcursos.com.br\/blog\/concurso-pc-mg-administrativo-edital-publicado\/#primaryimage\",\"url\":\"https:\/\/dhg1h5j42swfq.cloudfront.net\/2022\/04\/06161754\/pc-mg-administrativo.jpg\",\"contentUrl\":\"https:\/\/dhg1h5j42swfq.cloudfront.net\/2022\/04\/06161754\/pc-mg-administrativo.jpg\",\"width\":768,\"height\":432,\"caption\":\"PC MG Administrativo\"},{\"@type\":\"BreadcrumbList\",\"@id\":\"https:\/\/www.estrategiaconcursos.com.br\/blog\/concurso-pc-mg-administrativo-edital-publicado\/#breadcrumb\",\"itemListElement\":[{\"@type\":\"ListItem\",\"position\":1,\"name\":\"In\u00edcio\",\"item\":\"https:\/\/www.estrategiaconcursos.com.br\/blog\/\"},{\"@type\":\"ListItem\",\"position\":2,\"name\":\"Edital PC MG Administrativo: inscri\u00e7\u00f5es est\u00e3o encerradas!\"}]},{\"@type\":\"WebSite\",\"@id\":\"https:\/\/www.estrategiaconcursos.com.br\/blog\/#website\",\"url\":\"https:\/\/www.estrategiaconcursos.com.br\/blog\/\",\"name\":\"Estrat\u00e9gia Concursos\",\"description\":\"O blog da Estrat\u00e9gia Concursos traz not\u00edcias sobre concursos e artigos de professores oferecendo cursos para concursos (pdf + videaulas) no site.\",\"publisher\":{\"@id\":\"https:\/\/www.estrategiaconcursos.com.br\/blog\/#organization\"},\"potentialAction\":[{\"@type\":\"SearchAction\",\"target\":{\"@type\":\"EntryPoint\",\"urlTemplate\":\"https:\/\/www.estrategiaconcursos.com.br\/blog\/?s={search_term_string}\"},\"query-input\":{\"@type\":\"PropertyValueSpecification\",\"valueRequired\":true,\"valueName\":\"search_term_string\"}}],\"inLanguage\":\"pt-BR\"},{\"@type\":\"Organization\",\"@id\":\"https:\/\/www.estrategiaconcursos.com.br\/blog\/#organization\",\"name\":\"Estrat\u00e9gia Concursos\",\"url\":\"https:\/\/www.estrategiaconcursos.com.br\/blog\/\",\"logo\":{\"@type\":\"ImageObject\",\"inLanguage\":\"pt-BR\",\"@id\":\"https:\/\/www.estrategiaconcursos.com.br\/blog\/#\/schema\/logo\/image\/\",\"url\":\"https:\/\/dhg1h5j42swfq.cloudfront.net\/2025\/06\/03203428\/logo_concursos-1.jpg\",\"contentUrl\":\"https:\/\/dhg1h5j42swfq.cloudfront.net\/2025\/06\/03203428\/logo_concursos-1.jpg\",\"width\":230,\"height\":60,\"caption\":\"Estrat\u00e9gia Concursos\"},\"image\":{\"@id\":\"https:\/\/www.estrategiaconcursos.com.br\/blog\/#\/schema\/logo\/image\/\"},\"sameAs\":[\"https:\/\/x.com\/EstratConcursos\"]},{\"@type\":\"Person\",\"@id\":\"https:\/\/www.estrategiaconcursos.com.br\/blog\/#\/schema\/person\/a06e841e501f2e1d8c49c4e8f066bfd1\",\"name\":\"Priscila Almeida\",\"image\":{\"@type\":\"ImageObject\",\"inLanguage\":\"pt-BR\",\"@id\":\"https:\/\/secure.gravatar.com\/avatar\/0a963c9e2a947fa675b669cea2b5d0ba6dd1cbf46b966190343b6c9973ad3337?s=96&d=mm&r=g\",\"url\":\"https:\/\/secure.gravatar.com\/avatar\/0a963c9e2a947fa675b669cea2b5d0ba6dd1cbf46b966190343b6c9973ad3337?s=96&d=mm&r=g\",\"contentUrl\":\"https:\/\/secure.gravatar.com\/avatar\/0a963c9e2a947fa675b669cea2b5d0ba6dd1cbf46b966190343b6c9973ad3337?s=96&d=mm&r=g\",\"caption\":\"Priscila Almeida\"},\"description\":\"Atua na \u00e1rea de concursos p\u00fablicos desde 2019. As editorias que mais t\u00eam familiaridade s\u00e3o: Tribunais (TJs; TRTs; TREs; TSTs; STJ, STF, STM e TSE); Defensorias; Minist\u00e9rios P\u00fablicos; Procuradorias; Educa\u00e7\u00e3o e Conselhos. Na \u00e1rea de comunica\u00e7\u00e3o, de maneira geral, a caminhada \u00e9 um pouco mais longa - desde 2007. Possui experi\u00eancia em reda\u00e7\u00f5es de r\u00e1dio, TV, Web e impresso, al\u00e9m de desenvolver trabalhos em assessorias de comunica\u00e7\u00e3o institucional, empresarial e p\u00fablicas. Entre outros trabalhos, se destacam a atua\u00e7\u00e3o nas \u00e1reas de Justi\u00e7a, Congresso, Esportes, Sa\u00fade, Agropecu\u00e1ria, Cidades e Avia\u00e7\u00e3o Civil.\",\"url\":\"https:\/\/www.estrategiaconcursos.com.br\/blog\/author\/priscila-almeidaestrategia-com\/\"}]}<\/script>\n<!-- \/ Yoast SEO Premium plugin. -->","yoast_head_json":{"title":"Edital PC MG Administrativo: inscri\u00e7\u00f5es est\u00e3o encerradas!","description":"Edital PC MG Administrativo \u00e9 publicado com oferta de 165 vagas. Acesse e confira os detalhes com o Estrat\u00e9gia. Inscri\u00e7\u00f5es encerradas!","robots":{"index":"index","follow":"follow","max-snippet":"max-snippet:-1","max-image-preview":"max-image-preview:large","max-video-preview":"max-video-preview:-1"},"canonical":"https:\/\/www.estrategiaconcursos.com.br\/blog\/concurso-pc-mg-administrativo-edital-publicado\/","og_locale":"pt_BR","og_type":"article","og_title":"Edital PC MG Administrativo: inscri\u00e7\u00f5es est\u00e3o encerradas!","og_description":"Edital PC MG Administrativo \u00e9 publicado com oferta de 165 vagas. Acesse e confira os detalhes com o Estrat\u00e9gia. Inscri\u00e7\u00f5es encerradas!","og_url":"https:\/\/www.estrategiaconcursos.com.br\/blog\/concurso-pc-mg-administrativo-edital-publicado\/","og_site_name":"Estrat\u00e9gia Concursos","article_published_time":"2022-05-06T12:08:12+00:00","article_modified_time":"2022-05-06T12:08:15+00:00","og_image":[{"width":768,"height":432,"url":"https:\/\/dhg1h5j42swfq.cloudfront.net\/2022\/04\/06161754\/pc-mg-administrativo.jpg","type":"image\/jpeg"}],"author":"Priscila Almeida","twitter_card":"summary_large_image","twitter_creator":"@EstratConcursos","twitter_site":"@EstratConcursos","twitter_misc":{"Escrito por":"Priscila Almeida","Est. tempo de leitura":"4 minutos"},"schema":{"@context":"https:\/\/schema.org","@graph":[{"@type":"NewsArticle","@id":"https:\/\/www.estrategiaconcursos.com.br\/blog\/concurso-pc-mg-administrativo-edital-publicado\/#article","isPartOf":{"@id":"https:\/\/www.estrategiaconcursos.com.br\/blog\/concurso-pc-mg-administrativo-edital-publicado\/"},"author":{"name":"Priscila Almeida","@id":"https:\/\/www.estrategiaconcursos.com.br\/blog\/#\/schema\/person\/a06e841e501f2e1d8c49c4e8f066bfd1"},"headline":"Edital PC MG Administrativo: inscri\u00e7\u00f5es est\u00e3o encerradas!","datePublished":"2022-05-06T12:08:12+00:00","dateModified":"2022-05-06T12:08:15+00:00","mainEntityOfPage":{"@id":"https:\/\/www.estrategiaconcursos.com.br\/blog\/concurso-pc-mg-administrativo-edital-publicado\/"},"wordCount":706,"commentCount":0,"publisher":{"@id":"https:\/\/www.estrategiaconcursos.com.br\/blog\/#organization"},"image":{"@id":"https:\/\/www.estrategiaconcursos.com.br\/blog\/concurso-pc-mg-administrativo-edital-publicado\/#primaryimage"},"thumbnailUrl":"https:\/\/dhg1h5j42swfq.cloudfront.net\/2022\/04\/06161754\/pc-mg-administrativo.jpg","articleSection":["Executivo (Administrativa)","Policial (Agente, Escriv\u00e3o e Investigador)","\u00daltimas not\u00edcias"],"inLanguage":"pt-BR","potentialAction":[{"@type":"CommentAction","name":"Comment","target":["https:\/\/www.estrategiaconcursos.com.br\/blog\/concurso-pc-mg-administrativo-edital-publicado\/#respond"]}],"copyrightYear":"2022","copyrightHolder":{"@id":"https:\/\/www.estrategiaconcursos.com.br\/blog\/#organization"}},{"@type":"WebPage","@id":"https:\/\/www.estrategiaconcursos.com.br\/blog\/concurso-pc-mg-administrativo-edital-publicado\/","url":"https:\/\/www.estrategiaconcursos.com.br\/blog\/concurso-pc-mg-administrativo-edital-publicado\/","name":"Edital PC MG Administrativo: inscri\u00e7\u00f5es est\u00e3o encerradas!","isPartOf":{"@id":"https:\/\/www.estrategiaconcursos.com.br\/blog\/#website"},"primaryImageOfPage":{"@id":"https:\/\/www.estrategiaconcursos.com.br\/blog\/concurso-pc-mg-administrativo-edital-publicado\/#primaryimage"},"image":{"@id":"https:\/\/www.estrategiaconcursos.com.br\/blog\/concurso-pc-mg-administrativo-edital-publicado\/#primaryimage"},"thumbnailUrl":"https:\/\/dhg1h5j42swfq.cloudfront.net\/2022\/04\/06161754\/pc-mg-administrativo.jpg","datePublished":"2022-05-06T12:08:12+00:00","dateModified":"2022-05-06T12:08:15+00:00","description":"Edital PC MG Administrativo \u00e9 publicado com oferta de 165 vagas. Acesse e confira os detalhes com o Estrat\u00e9gia. Inscri\u00e7\u00f5es encerradas!","breadcrumb":{"@id":"https:\/\/www.estrategiaconcursos.com.br\/blog\/concurso-pc-mg-administrativo-edital-publicado\/#breadcrumb"},"inLanguage":"pt-BR","potentialAction":[{"@type":"ReadAction","target":["https:\/\/www.estrategiaconcursos.com.br\/blog\/concurso-pc-mg-administrativo-edital-publicado\/"]}]},{"@type":"ImageObject","inLanguage":"pt-BR","@id":"https:\/\/www.estrategiaconcursos.com.br\/blog\/concurso-pc-mg-administrativo-edital-publicado\/#primaryimage","url":"https:\/\/dhg1h5j42swfq.cloudfront.net\/2022\/04\/06161754\/pc-mg-administrativo.jpg","contentUrl":"https:\/\/dhg1h5j42swfq.cloudfront.net\/2022\/04\/06161754\/pc-mg-administrativo.jpg","width":768,"height":432,"caption":"PC MG Administrativo"},{"@type":"BreadcrumbList","@id":"https:\/\/www.estrategiaconcursos.com.br\/blog\/concurso-pc-mg-administrativo-edital-publicado\/#breadcrumb","itemListElement":[{"@type":"ListItem","position":1,"name":"In\u00edcio","item":"https:\/\/www.estrategiaconcursos.com.br\/blog\/"},{"@type":"ListItem","position":2,"name":"Edital PC MG Administrativo: inscri\u00e7\u00f5es est\u00e3o encerradas!"}]},{"@type":"WebSite","@id":"https:\/\/www.estrategiaconcursos.com.br\/blog\/#website","url":"https:\/\/www.estrategiaconcursos.com.br\/blog\/","name":"Estrat\u00e9gia Concursos","description":"O blog da Estrat\u00e9gia Concursos traz not\u00edcias sobre concursos e artigos de professores oferecendo cursos para concursos (pdf + videaulas) no site.","publisher":{"@id":"https:\/\/www.estrategiaconcursos.com.br\/blog\/#organization"},"potentialAction":[{"@type":"SearchAction","target":{"@type":"EntryPoint","urlTemplate":"https:\/\/www.estrategiaconcursos.com.br\/blog\/?s={search_term_string}"},"query-input":{"@type":"PropertyValueSpecification","valueRequired":true,"valueName":"search_term_string"}}],"inLanguage":"pt-BR"},{"@type":"Organization","@id":"https:\/\/www.estrategiaconcursos.com.br\/blog\/#organization","name":"Estrat\u00e9gia Concursos","url":"https:\/\/www.estrategiaconcursos.com.br\/blog\/","logo":{"@type":"ImageObject","inLanguage":"pt-BR","@id":"https:\/\/www.estrategiaconcursos.com.br\/blog\/#\/schema\/logo\/image\/","url":"https:\/\/dhg1h5j42swfq.cloudfront.net\/2025\/06\/03203428\/logo_concursos-1.jpg","contentUrl":"https:\/\/dhg1h5j42swfq.cloudfront.net\/2025\/06\/03203428\/logo_concursos-1.jpg","width":230,"height":60,"caption":"Estrat\u00e9gia Concursos"},"image":{"@id":"https:\/\/www.estrategiaconcursos.com.br\/blog\/#\/schema\/logo\/image\/"},"sameAs":["https:\/\/x.com\/EstratConcursos"]},{"@type":"Person","@id":"https:\/\/www.estrategiaconcursos.com.br\/blog\/#\/schema\/person\/a06e841e501f2e1d8c49c4e8f066bfd1","name":"Priscila Almeida","image":{"@type":"ImageObject","inLanguage":"pt-BR","@id":"https:\/\/secure.gravatar.com\/avatar\/0a963c9e2a947fa675b669cea2b5d0ba6dd1cbf46b966190343b6c9973ad3337?s=96&d=mm&r=g","url":"https:\/\/secure.gravatar.com\/avatar\/0a963c9e2a947fa675b669cea2b5d0ba6dd1cbf46b966190343b6c9973ad3337?s=96&d=mm&r=g","contentUrl":"https:\/\/secure.gravatar.com\/avatar\/0a963c9e2a947fa675b669cea2b5d0ba6dd1cbf46b966190343b6c9973ad3337?s=96&d=mm&r=g","caption":"Priscila Almeida"},"description":"Atua na \u00e1rea de concursos p\u00fablicos desde 2019. As editorias que mais t\u00eam familiaridade s\u00e3o: Tribunais (TJs; TRTs; TREs; TSTs; STJ, STF, STM e TSE); Defensorias; Minist\u00e9rios P\u00fablicos; Procuradorias; Educa\u00e7\u00e3o e Conselhos. Na \u00e1rea de comunica\u00e7\u00e3o, de maneira geral, a caminhada \u00e9 um pouco mais longa - desde 2007. Possui experi\u00eancia em reda\u00e7\u00f5es de r\u00e1dio, TV, Web e impresso, al\u00e9m de desenvolver trabalhos em assessorias de comunica\u00e7\u00e3o institucional, empresarial e p\u00fablicas. Entre outros trabalhos, se destacam a atua\u00e7\u00e3o nas \u00e1reas de Justi\u00e7a, Congresso, Esportes, Sa\u00fade, Agropecu\u00e1ria, Cidades e Avia\u00e7\u00e3o Civil.","url":"https:\/\/www.estrategiaconcursos.com.br\/blog\/author\/priscila-almeidaestrategia-com\/"}]}},"_links":{"self":[{"href":"https:\/\/www.estrategiaconcursos.com.br\/blog\/wp-json\/wp\/v2\/posts\/1002716","targetHints":{"allow":["GET"]}}],"collection":[{"href":"https:\/\/www.estrategiaconcursos.com.br\/blog\/wp-json\/wp\/v2\/posts"}],"about":[{"href":"https:\/\/www.estrategiaconcursos.com.br\/blog\/wp-json\/wp\/v2\/types\/post"}],"author":[{"embeddable":true,"href":"https:\/\/www.estrategiaconcursos.com.br\/blog\/wp-json\/wp\/v2\/users\/2375"}],"replies":[{"embeddable":true,"href":"https:\/\/www.estrategiaconcursos.com.br\/blog\/wp-json\/wp\/v2\/comments?post=1002716"}],"version-history":[{"count":20,"href":"https:\/\/www.estrategiaconcursos.com.br\/blog\/wp-json\/wp\/v2\/posts\/1002716\/revisions"}],"predecessor-version":[{"id":1022875,"href":"https:\/\/www.estrategiaconcursos.com.br\/blog\/wp-json\/wp\/v2\/posts\/1002716\/revisions\/1022875"}],"wp:featuredmedia":[{"embeddable":true,"href":"https:\/\/www.estrategiaconcursos.com.br\/blog\/wp-json\/wp\/v2\/media\/1003483"}],"wp:attachment":[{"href":"https:\/\/www.estrategiaconcursos.com.br\/blog\/wp-json\/wp\/v2\/media?parent=1002716"}],"wp:term":[{"taxonomy":"category","embeddable":true,"href":"https:\/\/www.estrategiaconcursos.com.br\/blog\/wp-json\/wp\/v2\/categories?post=1002716"},{"taxonomy":"post_tag","embeddable":true,"href":"https:\/\/www.estrategiaconcursos.com.br\/blog\/wp-json\/wp\/v2\/tags?post=1002716"},{"taxonomy":"tax_estado","embeddable":true,"href":"https:\/\/www.estrategiaconcursos.com.br\/blog\/wp-json\/wp\/v2\/tax_estado?post=1002716"}],"curies":[{"name":"wp","href":"https:\/\/api.w.org\/{rel}","templated":true}]}}