{"id":1001934,"date":"2022-04-05T11:35:24","date_gmt":"2022-04-05T14:35:24","guid":{"rendered":"https:\/\/www.estrategiaconcursos.com.br\/blog\/?p=1001934"},"modified":"2022-04-05T16:06:56","modified_gmt":"2022-04-05T19:06:56","slug":"cassacao-nao-aprovados-concurso-alrn","status":"publish","type":"post","link":"https:\/\/www.estrategiaconcursos.com.br\/blog\/cassacao-nao-aprovados-concurso-alrn\/","title":{"rendered":"Concurso ALRN: ministro determina cassa\u00e7\u00e3o de n\u00e3o concursados!"},"content":{"rendered":"\n<p>Aten\u00e7\u00e3o, interessados no <strong>concurso ALRN:<\/strong> o ministro do Superior Tribunal Federal (STF), Roberto Barroso, determinou a cassa\u00e7\u00e3o de servidores n\u00e3o concursados da Assembleia Legislativa do Rio Grande do Norte.<\/p>\n\n\n\n<p>Segundo a decis\u00e3o, ser\u00e3o cassados todos os contratos de servidores que n\u00e3o realizaram um concurso p\u00fablico do \u00f3rg\u00e3o em at\u00e9 30 anos retroativos.<\/p>\n\n\n\n<p>Importante frisar que tal medida n\u00e3o alcan\u00e7ar\u00e1 os servidores aposentados ou os que j\u00e1 preencheram requisitos para requerer a aposentadoria.<\/p>\n\n\n\n<div class=\"wp-block-image\"><figure class=\"aligncenter size-large is-resized\"><img loading=\"lazy\" decoding=\"async\" src=\"https:\/\/dhg1h5j42swfq.cloudfront.net\/2022\/04\/05113244\/8c353ba462cf5aac6e667cdfce7497ae-1024x683.jpg\" alt=\"cassa\u00e7\u00e3o concurso alrn\" class=\"wp-image-1001990\" width=\"821\" height=\"547\" srcset=\"https:\/\/dhg1h5j42swfq.cloudfront.net\/2022\/04\/05113244\/8c353ba462cf5aac6e667cdfce7497ae-1024x683.jpg 1024w, https:\/\/dhg1h5j42swfq.cloudfront.net\/2022\/04\/05113244\/8c353ba462cf5aac6e667cdfce7497ae-300x200.jpg 300w, https:\/\/dhg1h5j42swfq.cloudfront.net\/2022\/04\/05113244\/8c353ba462cf5aac6e667cdfce7497ae-768x512.jpg 768w, https:\/\/dhg1h5j42swfq.cloudfront.net\/2022\/04\/05113244\/8c353ba462cf5aac6e667cdfce7497ae-610x407.jpg 610w, https:\/\/dhg1h5j42swfq.cloudfront.net\/2022\/04\/05113244\/8c353ba462cf5aac6e667cdfce7497ae.jpg 1274w\" sizes=\"auto, (max-width: 821px) 100vw, 821px\" \/><figcaption>Concurso ALRN: ministro determina cassa\u00e7\u00e3o de servidores n\u00e3o concursados do \u00f3rg\u00e3o | Imagem: reprodu\u00e7\u00e3o<\/figcaption><\/figure><\/div>\n\n\n\n<p>Em parecer da Procuradoria-Geral da Rep\u00fablica (PGR), acolhido por Barroso, foram apontados diversos atos ilegais que permitiram a transfer\u00eancia de servidores advindos de outros \u00f3rg\u00e3os e entidades.<\/p>\n\n\n\n<p>Al\u00e9m disso, diversos cargos comissionados foram realocados para provimento efetivo sem que houvesse a realiza\u00e7\u00e3o de concurso p\u00fablico. Desta forma, a PGR requereu a invalida\u00e7\u00e3o das contra\u00e7\u00f5es efetivadas devido \u00e0 inconstitucionalidade dos atos.<\/p>\n\n\n\n<p>Importante relembrar que recentemente foi divulgado o&nbsp;<a href=\"https:\/\/dhg1h5j42swfq.cloudfront.net\/2021\/12\/14152017\/termo-de-referencia-concurso.pdf\" target=\"_blank\" rel=\"noreferrer noopener\">projeto b\u00e1sico<\/a>&nbsp;do pr\u00f3ximo certame. Ser\u00e3o ofertadas&nbsp;<strong>47 vagas<\/strong>&nbsp;para os cargos de Analista Legislativo (n\u00edvel superior e sal\u00e1rio de&nbsp;R$ 9.738,64) e T\u00e9cnico Legislativo (n\u00edvel m\u00e9dio e sal\u00e1rio de&nbsp;R$ 5.868,16).<\/p>\n\n\n\n<p>Al\u00e9m disso, j\u00e1 foi formada a&nbsp;<a href=\"https:\/\/dhg1h5j42swfq.cloudfront.net\/2022\/02\/17102508\/al_rn_comissao_licitacao-29.pdf\" target=\"_blank\" rel=\"noreferrer noopener\">comiss\u00e3o especial de licita\u00e7\u00e3o<\/a>&nbsp;respons\u00e1vel pela an\u00e1lise da documenta\u00e7\u00e3o de habilita\u00e7\u00e3o e propostas de pre\u00e7os das institui\u00e7\u00f5es interessadas no concurso AL RN.<\/p>\n\n\n\n<p class=\"has-text-align-center\">Confira abaixo todos os detalhes do concurso da <a href=\"http:\/\/www.al.rn.gov.br\/\" target=\"_blank\" rel=\"noreferrer noopener\">Assembleia Legislativa do Rio Grande do Norte<\/a> (ALRN), em que foi determinada a cassa\u00e7\u00e3o de n\u00e3o concursados em certames anteriores:<\/p>\n\n\n\n<p class=\"has-text-align-center has-background has-medium-font-size\" style=\"background-color:#e0bf62\"><strong>Saiba mais: <a href=\"https:\/\/www.estrategiaconcursos.com.br\/blog\/concurso-assembleia-legislativa-rn\/\" target=\"_blank\" rel=\"noreferrer noopener\">concurso AL RN<\/a><\/strong><\/p>\n\n\n\n<h2 class=\"has-text-align-center wp-block-heading\" id=\"cursos\">Quer saber tudo sobre concursos previstos? <br \/>Confira nossos artigos!<\/h2>\n\n\n\n<ul class=\"wp-block-list\"><li><a href=\"https:\/\/www.estrategiaconcursos.com.br\/blog\/concursos-abertos\/\">Concursos abertos<\/a><\/li><li><a href=\"https:\/\/www.estrategiaconcursos.com.br\/blog\/concursos-2022\/\">Concursos 2022<\/a><\/li><\/ul>\n\n\n\n<hr class=\"wp-block-separator\"\/>\n\n\n\n<h2 class=\"has-text-align-center wp-block-heading\" id=\"cursos-assinatura\">Quer estudar para o Concurso AL RN?<\/h2>\n\n\n\n<div class=\"container\" id=\"boxes\">\n  <div class=\"row\">\n\n    <div class=\"col-sm\">\n      <div class=\"banner-legislativo\" id=\"box-assinatura\">\n        <h3 class=\"titulo-assinatura\">Concurso AL RN<\/h3>\n        <p class=\"subtitulo-assinatura\">Conhe\u00e7a os cursos<\/p>\n        <div class=\"box-botao\">\n          <a class=\"btn-assinatura\" target=\"_blank\" href=\"https:\/\/www.estrategiaconcursos.com.br\/cursosPorConcurso\/assembleia-legislativa-do-rio-grande-do-norte-alrn\/\" role=\"button\" rel=\"noopener noreferrer\">Conhe\u00e7a mais<\/a>\n        <\/div>\n      <\/div>\n     \n\n  <\/div>\n<\/div><\/div>\n\n\n\n<div class=\"container\" id=\"boxes\">\n  <div class=\"row\">\n\n    <div class=\"col-sm\">\n      <div class=\"estrategia\" id=\"box-assinatura\">\n        <h3 class=\"titulo-assinatura\">Assinatura de Concursos<\/h3>\n        <p class=\"subtitulo-assinatura\">Assinatura de 1 ou 2 anos<\/p>\n        <div class=\"box-botao\">\n          <a class=\"btn-assinatura\" target=\"_blank\" href=\"https:\/\/www.estrategiaconcursos.com.br\/assinaturas\/\" role=\"button\" rel=\"noopener noreferrer\">ASSINE AGORA<\/a>\n        <\/div>\n      <\/div>\n      <p class=\"texto-auxiliar\"><\/p>\n    <\/div><\/div><\/div>\n","protected":false},"excerpt":{"rendered":"<p>Aten\u00e7\u00e3o, interessados no concurso ALRN: o ministro do Superior Tribunal Federal (STF), Roberto Barroso, determinou a cassa\u00e7\u00e3o de servidores n\u00e3o concursados da Assembleia Legislativa do Rio Grande do Norte. Segundo a decis\u00e3o, ser\u00e3o cassados todos os contratos de servidores que n\u00e3o realizaram um concurso p\u00fablico do \u00f3rg\u00e3o em at\u00e9 30 anos retroativos. Importante frisar que [&hellip;]<\/p>\n","protected":false},"author":2134,"featured_media":793332,"comment_status":"open","ping_status":"closed","sticky":false,"template":"","format":"standard","meta":{"post_tipo":"news","footnotes":""},"categories":[2017,220219],"tags":[],"tax_estado":[219983],"class_list":["post-1001934","post","type-post","status-publish","format-standard","has-post-thumbnail","hentry","category-concursos-legislativos","category-noticias","tax_estado-rn"],"acf":[],"yoast_head":"<!-- This site is optimized with the Yoast SEO Premium plugin v27.2 (Yoast SEO v27.2) - https:\/\/yoast.com\/product\/yoast-seo-premium-wordpress\/ -->\n<title>Concurso ALRN: ministro determina cassa\u00e7\u00e3o de n\u00e3o concursados!<\/title>\n<meta name=\"description\" content=\"Concurso ALRN: ministro determina cassa\u00e7\u00e3o de servidores n\u00e3o aprovados em se\u00e7\u00f5es anteriores da Assembleia Legislativa do Rio Grande do Norte!\" \/>\n<meta name=\"robots\" content=\"index, follow, max-snippet:-1, max-image-preview:large, max-video-preview:-1\" \/>\n<link rel=\"canonical\" href=\"https:\/\/www.estrategiaconcursos.com.br\/blog\/cassacao-nao-aprovados-concurso-alrn\/\" \/>\n<meta property=\"og:locale\" content=\"pt_BR\" \/>\n<meta property=\"og:type\" content=\"article\" \/>\n<meta property=\"og:title\" content=\"Concurso ALRN: ministro determina cassa\u00e7\u00e3o de n\u00e3o concursados!\" \/>\n<meta property=\"og:description\" content=\"Concurso ALRN: ministro determina cassa\u00e7\u00e3o de servidores n\u00e3o aprovados em se\u00e7\u00f5es anteriores da Assembleia Legislativa do Rio Grande do Norte!\" \/>\n<meta property=\"og:url\" content=\"https:\/\/www.estrategiaconcursos.com.br\/blog\/cassacao-nao-aprovados-concurso-alrn\/\" \/>\n<meta property=\"og:site_name\" content=\"Estrat\u00e9gia Concursos\" \/>\n<meta property=\"article:published_time\" content=\"2022-04-05T14:35:24+00:00\" \/>\n<meta property=\"article:modified_time\" content=\"2022-04-05T19:06:56+00:00\" \/>\n<meta property=\"og:image\" content=\"https:\/\/dhg1h5j42swfq.cloudfront.net\/2021\/07\/13105224\/concurso-ale-rn-1.jpg\" \/>\n\t<meta property=\"og:image:width\" content=\"1200\" \/>\n\t<meta property=\"og:image:height\" content=\"628\" \/>\n\t<meta property=\"og:image:type\" content=\"image\/jpeg\" \/>\n<meta name=\"author\" content=\"Rafaela Teixeira\" \/>\n<meta name=\"twitter:card\" content=\"summary_large_image\" \/>\n<meta name=\"twitter:creator\" content=\"@EstratConcursos\" \/>\n<meta name=\"twitter:site\" content=\"@EstratConcursos\" \/>\n<meta name=\"twitter:label1\" content=\"Escrito por\" \/>\n\t<meta name=\"twitter:data1\" content=\"Rafaela Teixeira\" \/>\n\t<meta name=\"twitter:label2\" content=\"Est. tempo de leitura\" \/>\n\t<meta name=\"twitter:data2\" content=\"2 minutos\" \/>\n<script type=\"application\/ld+json\" class=\"yoast-schema-graph\">{\"@context\":\"https:\/\/schema.org\",\"@graph\":[{\"@type\":\"NewsArticle\",\"@id\":\"https:\/\/www.estrategiaconcursos.com.br\/blog\/cassacao-nao-aprovados-concurso-alrn\/#article\",\"isPartOf\":{\"@id\":\"https:\/\/www.estrategiaconcursos.com.br\/blog\/cassacao-nao-aprovados-concurso-alrn\/\"},\"author\":{\"name\":\"Rafaela Teixeira\",\"@id\":\"https:\/\/www.estrategiaconcursos.com.br\/blog\/#\/schema\/person\/e75352021ea7f60781c599934f916eb1\"},\"headline\":\"Concurso ALRN: ministro determina cassa\u00e7\u00e3o de n\u00e3o concursados!\",\"datePublished\":\"2022-04-05T14:35:24+00:00\",\"dateModified\":\"2022-04-05T19:06:56+00:00\",\"mainEntityOfPage\":{\"@id\":\"https:\/\/www.estrategiaconcursos.com.br\/blog\/cassacao-nao-aprovados-concurso-alrn\/\"},\"wordCount\":338,\"commentCount\":0,\"publisher\":{\"@id\":\"https:\/\/www.estrategiaconcursos.com.br\/blog\/#organization\"},\"image\":{\"@id\":\"https:\/\/www.estrategiaconcursos.com.br\/blog\/cassacao-nao-aprovados-concurso-alrn\/#primaryimage\"},\"thumbnailUrl\":\"https:\/\/dhg1h5j42swfq.cloudfront.net\/2021\/07\/13105224\/concurso-ale-rn-1.jpg\",\"articleSection\":[\"Legislativo\",\"\u00daltimas not\u00edcias\"],\"inLanguage\":\"pt-BR\",\"potentialAction\":[{\"@type\":\"CommentAction\",\"name\":\"Comment\",\"target\":[\"https:\/\/www.estrategiaconcursos.com.br\/blog\/cassacao-nao-aprovados-concurso-alrn\/#respond\"]}],\"copyrightYear\":\"2022\",\"copyrightHolder\":{\"@id\":\"https:\/\/www.estrategiaconcursos.com.br\/blog\/#organization\"}},{\"@type\":\"WebPage\",\"@id\":\"https:\/\/www.estrategiaconcursos.com.br\/blog\/cassacao-nao-aprovados-concurso-alrn\/\",\"url\":\"https:\/\/www.estrategiaconcursos.com.br\/blog\/cassacao-nao-aprovados-concurso-alrn\/\",\"name\":\"Concurso ALRN: ministro determina cassa\u00e7\u00e3o de n\u00e3o concursados!\",\"isPartOf\":{\"@id\":\"https:\/\/www.estrategiaconcursos.com.br\/blog\/#website\"},\"primaryImageOfPage\":{\"@id\":\"https:\/\/www.estrategiaconcursos.com.br\/blog\/cassacao-nao-aprovados-concurso-alrn\/#primaryimage\"},\"image\":{\"@id\":\"https:\/\/www.estrategiaconcursos.com.br\/blog\/cassacao-nao-aprovados-concurso-alrn\/#primaryimage\"},\"thumbnailUrl\":\"https:\/\/dhg1h5j42swfq.cloudfront.net\/2021\/07\/13105224\/concurso-ale-rn-1.jpg\",\"datePublished\":\"2022-04-05T14:35:24+00:00\",\"dateModified\":\"2022-04-05T19:06:56+00:00\",\"description\":\"Concurso ALRN: ministro determina cassa\u00e7\u00e3o de servidores n\u00e3o aprovados em se\u00e7\u00f5es anteriores da Assembleia Legislativa do Rio Grande do Norte!\",\"breadcrumb\":{\"@id\":\"https:\/\/www.estrategiaconcursos.com.br\/blog\/cassacao-nao-aprovados-concurso-alrn\/#breadcrumb\"},\"inLanguage\":\"pt-BR\",\"potentialAction\":[{\"@type\":\"ReadAction\",\"target\":[\"https:\/\/www.estrategiaconcursos.com.br\/blog\/cassacao-nao-aprovados-concurso-alrn\/\"]}]},{\"@type\":\"ImageObject\",\"inLanguage\":\"pt-BR\",\"@id\":\"https:\/\/www.estrategiaconcursos.com.br\/blog\/cassacao-nao-aprovados-concurso-alrn\/#primaryimage\",\"url\":\"https:\/\/dhg1h5j42swfq.cloudfront.net\/2021\/07\/13105224\/concurso-ale-rn-1.jpg\",\"contentUrl\":\"https:\/\/dhg1h5j42swfq.cloudfront.net\/2021\/07\/13105224\/concurso-ale-rn-1.jpg\",\"width\":1200,\"height\":628,\"caption\":\"al rn\"},{\"@type\":\"BreadcrumbList\",\"@id\":\"https:\/\/www.estrategiaconcursos.com.br\/blog\/cassacao-nao-aprovados-concurso-alrn\/#breadcrumb\",\"itemListElement\":[{\"@type\":\"ListItem\",\"position\":1,\"name\":\"In\u00edcio\",\"item\":\"https:\/\/www.estrategiaconcursos.com.br\/blog\/\"},{\"@type\":\"ListItem\",\"position\":2,\"name\":\"Concurso ALRN: ministro determina cassa\u00e7\u00e3o de n\u00e3o concursados!\"}]},{\"@type\":\"WebSite\",\"@id\":\"https:\/\/www.estrategiaconcursos.com.br\/blog\/#website\",\"url\":\"https:\/\/www.estrategiaconcursos.com.br\/blog\/\",\"name\":\"Estrat\u00e9gia Concursos\",\"description\":\"O blog da Estrat\u00e9gia Concursos traz not\u00edcias sobre concursos e artigos de professores oferecendo cursos para concursos (pdf + videaulas) no site.\",\"publisher\":{\"@id\":\"https:\/\/www.estrategiaconcursos.com.br\/blog\/#organization\"},\"potentialAction\":[{\"@type\":\"SearchAction\",\"target\":{\"@type\":\"EntryPoint\",\"urlTemplate\":\"https:\/\/www.estrategiaconcursos.com.br\/blog\/?s={search_term_string}\"},\"query-input\":{\"@type\":\"PropertyValueSpecification\",\"valueRequired\":true,\"valueName\":\"search_term_string\"}}],\"inLanguage\":\"pt-BR\"},{\"@type\":\"Organization\",\"@id\":\"https:\/\/www.estrategiaconcursos.com.br\/blog\/#organization\",\"name\":\"Estrat\u00e9gia Concursos\",\"url\":\"https:\/\/www.estrategiaconcursos.com.br\/blog\/\",\"logo\":{\"@type\":\"ImageObject\",\"inLanguage\":\"pt-BR\",\"@id\":\"https:\/\/www.estrategiaconcursos.com.br\/blog\/#\/schema\/logo\/image\/\",\"url\":\"https:\/\/dhg1h5j42swfq.cloudfront.net\/2025\/06\/03203428\/logo_concursos-1.jpg\",\"contentUrl\":\"https:\/\/dhg1h5j42swfq.cloudfront.net\/2025\/06\/03203428\/logo_concursos-1.jpg\",\"width\":230,\"height\":60,\"caption\":\"Estrat\u00e9gia Concursos\"},\"image\":{\"@id\":\"https:\/\/www.estrategiaconcursos.com.br\/blog\/#\/schema\/logo\/image\/\"},\"sameAs\":[\"https:\/\/x.com\/EstratConcursos\"]},{\"@type\":\"Person\",\"@id\":\"https:\/\/www.estrategiaconcursos.com.br\/blog\/#\/schema\/person\/e75352021ea7f60781c599934f916eb1\",\"name\":\"Rafaela Teixeira\",\"image\":{\"@type\":\"ImageObject\",\"inLanguage\":\"pt-BR\",\"@id\":\"https:\/\/secure.gravatar.com\/avatar\/8a349a2b22039b1ee88fc06461487c950fd6aa411ea8af8633314b43334ae793?s=96&d=mm&r=g\",\"url\":\"https:\/\/secure.gravatar.com\/avatar\/8a349a2b22039b1ee88fc06461487c950fd6aa411ea8af8633314b43334ae793?s=96&d=mm&r=g\",\"contentUrl\":\"https:\/\/secure.gravatar.com\/avatar\/8a349a2b22039b1ee88fc06461487c950fd6aa411ea8af8633314b43334ae793?s=96&d=mm&r=g\",\"caption\":\"Rafaela Teixeira\"},\"description\":\"Rafaela Teixeira \u00e9 advogada conveniada \u00e0 Defensoria P\u00fablica de S\u00e3o Paulo pela OAB, com experi\u00eancia em reda\u00e7\u00e3o jur\u00eddica e atua\u00e7\u00e3o em institui\u00e7\u00f5es p\u00fablicas, incluindo est\u00e1gio no TRE-SP. Possui mais de 7 anos de experi\u00eancia na produ\u00e7\u00e3o de conte\u00fados voltados ao nicho de concursos p\u00fablicos, com foco em apura\u00e7\u00e3o jornal\u00edstica cont\u00ednua, an\u00e1lise de editais e obten\u00e7\u00e3o de informa\u00e7\u00f5es diretamente junto a \u00f3rg\u00e3os e fontes oficiais. No Blog do Estrat\u00e9gia Concursos, atua como Analista de Conte\u00fado S\u00eanior, respons\u00e1vel pelo jornalismo do per\u00edodo noturno e da madrugada, com atua\u00e7\u00e3o transversal na cobertura de concursos p\u00fablicos, garantindo a continuidade, fluidez e confiabilidade das publica\u00e7\u00f5es e dos bastidores dos certames.\",\"url\":\"https:\/\/www.estrategiaconcursos.com.br\/blog\/author\/rafaela-teixeira\/\"}]}<\/script>\n<!-- \/ Yoast SEO Premium plugin. -->","yoast_head_json":{"title":"Concurso ALRN: ministro determina cassa\u00e7\u00e3o de n\u00e3o concursados!","description":"Concurso ALRN: ministro determina cassa\u00e7\u00e3o de servidores n\u00e3o aprovados em se\u00e7\u00f5es anteriores da Assembleia Legislativa do Rio Grande do Norte!","robots":{"index":"index","follow":"follow","max-snippet":"max-snippet:-1","max-image-preview":"max-image-preview:large","max-video-preview":"max-video-preview:-1"},"canonical":"https:\/\/www.estrategiaconcursos.com.br\/blog\/cassacao-nao-aprovados-concurso-alrn\/","og_locale":"pt_BR","og_type":"article","og_title":"Concurso ALRN: ministro determina cassa\u00e7\u00e3o de n\u00e3o concursados!","og_description":"Concurso ALRN: ministro determina cassa\u00e7\u00e3o de servidores n\u00e3o aprovados em se\u00e7\u00f5es anteriores da Assembleia Legislativa do Rio Grande do Norte!","og_url":"https:\/\/www.estrategiaconcursos.com.br\/blog\/cassacao-nao-aprovados-concurso-alrn\/","og_site_name":"Estrat\u00e9gia Concursos","article_published_time":"2022-04-05T14:35:24+00:00","article_modified_time":"2022-04-05T19:06:56+00:00","og_image":[{"width":1200,"height":628,"url":"https:\/\/dhg1h5j42swfq.cloudfront.net\/2021\/07\/13105224\/concurso-ale-rn-1.jpg","type":"image\/jpeg"}],"author":"Rafaela Teixeira","twitter_card":"summary_large_image","twitter_creator":"@EstratConcursos","twitter_site":"@EstratConcursos","twitter_misc":{"Escrito por":"Rafaela Teixeira","Est. tempo de leitura":"2 minutos"},"schema":{"@context":"https:\/\/schema.org","@graph":[{"@type":"NewsArticle","@id":"https:\/\/www.estrategiaconcursos.com.br\/blog\/cassacao-nao-aprovados-concurso-alrn\/#article","isPartOf":{"@id":"https:\/\/www.estrategiaconcursos.com.br\/blog\/cassacao-nao-aprovados-concurso-alrn\/"},"author":{"name":"Rafaela Teixeira","@id":"https:\/\/www.estrategiaconcursos.com.br\/blog\/#\/schema\/person\/e75352021ea7f60781c599934f916eb1"},"headline":"Concurso ALRN: ministro determina cassa\u00e7\u00e3o de n\u00e3o concursados!","datePublished":"2022-04-05T14:35:24+00:00","dateModified":"2022-04-05T19:06:56+00:00","mainEntityOfPage":{"@id":"https:\/\/www.estrategiaconcursos.com.br\/blog\/cassacao-nao-aprovados-concurso-alrn\/"},"wordCount":338,"commentCount":0,"publisher":{"@id":"https:\/\/www.estrategiaconcursos.com.br\/blog\/#organization"},"image":{"@id":"https:\/\/www.estrategiaconcursos.com.br\/blog\/cassacao-nao-aprovados-concurso-alrn\/#primaryimage"},"thumbnailUrl":"https:\/\/dhg1h5j42swfq.cloudfront.net\/2021\/07\/13105224\/concurso-ale-rn-1.jpg","articleSection":["Legislativo","\u00daltimas not\u00edcias"],"inLanguage":"pt-BR","potentialAction":[{"@type":"CommentAction","name":"Comment","target":["https:\/\/www.estrategiaconcursos.com.br\/blog\/cassacao-nao-aprovados-concurso-alrn\/#respond"]}],"copyrightYear":"2022","copyrightHolder":{"@id":"https:\/\/www.estrategiaconcursos.com.br\/blog\/#organization"}},{"@type":"WebPage","@id":"https:\/\/www.estrategiaconcursos.com.br\/blog\/cassacao-nao-aprovados-concurso-alrn\/","url":"https:\/\/www.estrategiaconcursos.com.br\/blog\/cassacao-nao-aprovados-concurso-alrn\/","name":"Concurso ALRN: ministro determina cassa\u00e7\u00e3o de n\u00e3o concursados!","isPartOf":{"@id":"https:\/\/www.estrategiaconcursos.com.br\/blog\/#website"},"primaryImageOfPage":{"@id":"https:\/\/www.estrategiaconcursos.com.br\/blog\/cassacao-nao-aprovados-concurso-alrn\/#primaryimage"},"image":{"@id":"https:\/\/www.estrategiaconcursos.com.br\/blog\/cassacao-nao-aprovados-concurso-alrn\/#primaryimage"},"thumbnailUrl":"https:\/\/dhg1h5j42swfq.cloudfront.net\/2021\/07\/13105224\/concurso-ale-rn-1.jpg","datePublished":"2022-04-05T14:35:24+00:00","dateModified":"2022-04-05T19:06:56+00:00","description":"Concurso ALRN: ministro determina cassa\u00e7\u00e3o de servidores n\u00e3o aprovados em se\u00e7\u00f5es anteriores da Assembleia Legislativa do Rio Grande do Norte!","breadcrumb":{"@id":"https:\/\/www.estrategiaconcursos.com.br\/blog\/cassacao-nao-aprovados-concurso-alrn\/#breadcrumb"},"inLanguage":"pt-BR","potentialAction":[{"@type":"ReadAction","target":["https:\/\/www.estrategiaconcursos.com.br\/blog\/cassacao-nao-aprovados-concurso-alrn\/"]}]},{"@type":"ImageObject","inLanguage":"pt-BR","@id":"https:\/\/www.estrategiaconcursos.com.br\/blog\/cassacao-nao-aprovados-concurso-alrn\/#primaryimage","url":"https:\/\/dhg1h5j42swfq.cloudfront.net\/2021\/07\/13105224\/concurso-ale-rn-1.jpg","contentUrl":"https:\/\/dhg1h5j42swfq.cloudfront.net\/2021\/07\/13105224\/concurso-ale-rn-1.jpg","width":1200,"height":628,"caption":"al rn"},{"@type":"BreadcrumbList","@id":"https:\/\/www.estrategiaconcursos.com.br\/blog\/cassacao-nao-aprovados-concurso-alrn\/#breadcrumb","itemListElement":[{"@type":"ListItem","position":1,"name":"In\u00edcio","item":"https:\/\/www.estrategiaconcursos.com.br\/blog\/"},{"@type":"ListItem","position":2,"name":"Concurso ALRN: ministro determina cassa\u00e7\u00e3o de n\u00e3o concursados!"}]},{"@type":"WebSite","@id":"https:\/\/www.estrategiaconcursos.com.br\/blog\/#website","url":"https:\/\/www.estrategiaconcursos.com.br\/blog\/","name":"Estrat\u00e9gia Concursos","description":"O blog da Estrat\u00e9gia Concursos traz not\u00edcias sobre concursos e artigos de professores oferecendo cursos para concursos (pdf + videaulas) no site.","publisher":{"@id":"https:\/\/www.estrategiaconcursos.com.br\/blog\/#organization"},"potentialAction":[{"@type":"SearchAction","target":{"@type":"EntryPoint","urlTemplate":"https:\/\/www.estrategiaconcursos.com.br\/blog\/?s={search_term_string}"},"query-input":{"@type":"PropertyValueSpecification","valueRequired":true,"valueName":"search_term_string"}}],"inLanguage":"pt-BR"},{"@type":"Organization","@id":"https:\/\/www.estrategiaconcursos.com.br\/blog\/#organization","name":"Estrat\u00e9gia Concursos","url":"https:\/\/www.estrategiaconcursos.com.br\/blog\/","logo":{"@type":"ImageObject","inLanguage":"pt-BR","@id":"https:\/\/www.estrategiaconcursos.com.br\/blog\/#\/schema\/logo\/image\/","url":"https:\/\/dhg1h5j42swfq.cloudfront.net\/2025\/06\/03203428\/logo_concursos-1.jpg","contentUrl":"https:\/\/dhg1h5j42swfq.cloudfront.net\/2025\/06\/03203428\/logo_concursos-1.jpg","width":230,"height":60,"caption":"Estrat\u00e9gia Concursos"},"image":{"@id":"https:\/\/www.estrategiaconcursos.com.br\/blog\/#\/schema\/logo\/image\/"},"sameAs":["https:\/\/x.com\/EstratConcursos"]},{"@type":"Person","@id":"https:\/\/www.estrategiaconcursos.com.br\/blog\/#\/schema\/person\/e75352021ea7f60781c599934f916eb1","name":"Rafaela Teixeira","image":{"@type":"ImageObject","inLanguage":"pt-BR","@id":"https:\/\/secure.gravatar.com\/avatar\/8a349a2b22039b1ee88fc06461487c950fd6aa411ea8af8633314b43334ae793?s=96&d=mm&r=g","url":"https:\/\/secure.gravatar.com\/avatar\/8a349a2b22039b1ee88fc06461487c950fd6aa411ea8af8633314b43334ae793?s=96&d=mm&r=g","contentUrl":"https:\/\/secure.gravatar.com\/avatar\/8a349a2b22039b1ee88fc06461487c950fd6aa411ea8af8633314b43334ae793?s=96&d=mm&r=g","caption":"Rafaela Teixeira"},"description":"Rafaela Teixeira \u00e9 advogada conveniada \u00e0 Defensoria P\u00fablica de S\u00e3o Paulo pela OAB, com experi\u00eancia em reda\u00e7\u00e3o jur\u00eddica e atua\u00e7\u00e3o em institui\u00e7\u00f5es p\u00fablicas, incluindo est\u00e1gio no TRE-SP. Possui mais de 7 anos de experi\u00eancia na produ\u00e7\u00e3o de conte\u00fados voltados ao nicho de concursos p\u00fablicos, com foco em apura\u00e7\u00e3o jornal\u00edstica cont\u00ednua, an\u00e1lise de editais e obten\u00e7\u00e3o de informa\u00e7\u00f5es diretamente junto a \u00f3rg\u00e3os e fontes oficiais. No Blog do Estrat\u00e9gia Concursos, atua como Analista de Conte\u00fado S\u00eanior, respons\u00e1vel pelo jornalismo do per\u00edodo noturno e da madrugada, com atua\u00e7\u00e3o transversal na cobertura de concursos p\u00fablicos, garantindo a continuidade, fluidez e confiabilidade das publica\u00e7\u00f5es e dos bastidores dos certames.","url":"https:\/\/www.estrategiaconcursos.com.br\/blog\/author\/rafaela-teixeira\/"}]}},"_links":{"self":[{"href":"https:\/\/www.estrategiaconcursos.com.br\/blog\/wp-json\/wp\/v2\/posts\/1001934","targetHints":{"allow":["GET"]}}],"collection":[{"href":"https:\/\/www.estrategiaconcursos.com.br\/blog\/wp-json\/wp\/v2\/posts"}],"about":[{"href":"https:\/\/www.estrategiaconcursos.com.br\/blog\/wp-json\/wp\/v2\/types\/post"}],"author":[{"embeddable":true,"href":"https:\/\/www.estrategiaconcursos.com.br\/blog\/wp-json\/wp\/v2\/users\/2134"}],"replies":[{"embeddable":true,"href":"https:\/\/www.estrategiaconcursos.com.br\/blog\/wp-json\/wp\/v2\/comments?post=1001934"}],"version-history":[{"count":10,"href":"https:\/\/www.estrategiaconcursos.com.br\/blog\/wp-json\/wp\/v2\/posts\/1001934\/revisions"}],"predecessor-version":[{"id":1002356,"href":"https:\/\/www.estrategiaconcursos.com.br\/blog\/wp-json\/wp\/v2\/posts\/1001934\/revisions\/1002356"}],"wp:featuredmedia":[{"embeddable":true,"href":"https:\/\/www.estrategiaconcursos.com.br\/blog\/wp-json\/wp\/v2\/media\/793332"}],"wp:attachment":[{"href":"https:\/\/www.estrategiaconcursos.com.br\/blog\/wp-json\/wp\/v2\/media?parent=1001934"}],"wp:term":[{"taxonomy":"category","embeddable":true,"href":"https:\/\/www.estrategiaconcursos.com.br\/blog\/wp-json\/wp\/v2\/categories?post=1001934"},{"taxonomy":"post_tag","embeddable":true,"href":"https:\/\/www.estrategiaconcursos.com.br\/blog\/wp-json\/wp\/v2\/tags?post=1001934"},{"taxonomy":"tax_estado","embeddable":true,"href":"https:\/\/www.estrategiaconcursos.com.br\/blog\/wp-json\/wp\/v2\/tax_estado?post=1001934"}],"curies":[{"name":"wp","href":"https:\/\/api.w.org\/{rel}","templated":true}]}}