{"id":1001653,"date":"2022-04-05T07:40:39","date_gmt":"2022-04-05T10:40:39","guid":{"rendered":"https:\/\/www.estrategiaconcursos.com.br\/blog\/?p=1001653"},"modified":"2022-04-05T11:44:22","modified_gmt":"2022-04-05T14:44:22","slug":"concurso-cau-sp-reabertura-inscricoes","status":"publish","type":"post","link":"https:\/\/www.estrategiaconcursos.com.br\/blog\/concurso-cau-sp-reabertura-inscricoes\/","title":{"rendered":"Concurso CAU SP: inscri\u00e7\u00f5es ser\u00e3o reabertas"},"content":{"rendered":"\n<p>O Conselho de Arquitetura de Urbanismo de S\u00e3o Paulo divulgou que as inscri\u00e7\u00f5es do <strong>concurso CAU<\/strong> <strong>SP<\/strong> v\u00e3o ser reabertas no per\u00edodo de 09 de maio a 20 de junho de 2022. <\/p>\n\n\n\n<p>A informa\u00e7\u00e3o consta no Di\u00e1rio Oficial da Uni\u00e3o desta ter\u00e7a-feira, dia 05 de abril de 2022. As oportunidades s\u00e3o:<\/p>\n\n\n\n<figure class=\"wp-block-table is-style-stripes\"><table><tbody><tr><td>CARGOS<\/td><td>C\u00d3D(=op\u00e7\u00e3o)<\/td><td>FUN\u00c7\u00c3O\/OCUPA\u00c7\u00c3O<\/td><td>QTD DE VAGAS(AMPLA)<\/td><td>QTD DE VAGASPRETOS\/PARDOS(20%)<\/td><td>QTD DE VAGAS PCD(5%)<\/td><td>LOCAL DE TRABALHO<\/td><td>REQUISITOS(ESCOLARIDADES\/EXIG\u00caNCIAS\/REGISTRONO ORG\u00c3O DE CLASSE DEVIDAMENTE REGULAR)<\/td><td>SAL\u00c1RIOS<\/td><\/tr><tr><td>Analista I<\/td><td>005<\/td><td>Analista Administrativo<\/td><td>3<\/td><td>1<\/td><td>1<\/td><td>S\u00e3o Paulo<\/td><td>Superior Completo em Administra\u00e7\u00e3o, ou Economia, ou Finan\u00e7as.<\/td><td>R$ 5.261,72<\/td><\/tr><tr><td>Analista I<\/td><td>006<\/td><td>Analista Cont\u00e1bil<\/td><td>1<\/td><td>0<\/td><td>0<\/td><td>S\u00e3o Paulo<\/td><td>Superior Completo em Ci\u00eancias Cont\u00e1beis com Registro no \u00d3rg\u00e3o de Classe.<\/td><td>R$ 5.261,72<\/td><\/tr><tr><td>Analista I<\/td><td>007<\/td><td>Analista de Comunica\u00e7\u00e3o<\/td><td>1<\/td><td>0<\/td><td>0<\/td><td>S\u00e3o Paulo<\/td><td>Superior Completo em Comunica\u00e7\u00e3o Social (Jornalismo, Publicidade, Propaganda, Rela\u00e7\u00f5es P\u00fablicas ou Comunica\u00e7\u00e3o Organizacional).<\/td><td>R$ 5.261,72<\/td><\/tr><tr><td>Analista I<\/td><td>009<\/td><td>Analista de Gest\u00e3oFinanceira<\/td><td>1<\/td><td>0<\/td><td>0<\/td><td>S\u00e3o Paulo<\/td><td>Superior Completo em Administra\u00e7\u00e3o ou Economiaou Finan\u00e7as.<\/td><td>R$ 5.261,72<\/td><\/tr><tr><td>Analista I<\/td><td>010<\/td><td>Analista de Tecnologiada Informa\u00e7\u00e3o e Comunica\u00e7\u00e3o<\/td><td>1<\/td><td>0<\/td><td>0<\/td><td>S\u00e3o Paulo<\/td><td>Superior Completo em Ci\u00eancia da Computa\u00e7\u00e3oou Tecnologia da Informa\u00e7\u00e3o ou An\u00e1lise de Sistemas.<\/td><td>R$ 5.261,72<\/td><\/tr><tr><td>Analista I<\/td><td>011<\/td><td>Analista Executivo<\/td><td>2<\/td><td>1<\/td><td>0<\/td><td>S\u00e3o Paulo<\/td><td>Superior Completo em qualquer \u00e1rea de forma\u00e7\u00e3o. Ingl\u00eas fluente.<\/td><td>R$ 5.261,72<\/td><\/tr><tr><td>Analista III<\/td><td>013<\/td><td>Agente de Fiscaliza\u00e7\u00e3o<\/td><td>1<\/td><td>0<\/td><td>0<\/td><td>Campinas<\/td><td>Superior Completo em Arquitetura e Urbanismo comRegistro no \u00d3rg\u00e3o de Classe e CNH m\u00ednimo categoria B.<\/td><td>R$ 10.302,00<\/td><\/tr><tr><td>Analista III<\/td><td>016<\/td><td>Agente de Fiscaliza\u00e7\u00e3o<\/td><td>1<\/td><td>0<\/td><td>0<\/td><td>Santos<\/td><td>Superior Completo em Arquitetura e Urbanismo comRegistro no \u00d3rg\u00e3o de Classe e CNH m\u00ednimo categoria B.<\/td><td>R$ 10.302,00<\/td><\/tr><tr><td>Analista III<\/td><td>018<\/td><td>Agente de Fiscaliza\u00e7\u00e3o<\/td><td>1<\/td><td>0<\/td><td>0<\/td><td>S\u00e3o Jos\u00e9dos Campos<\/td><td>Superior Completo em Arquitetura e Urbanismo comRegistro no \u00d3rg\u00e3o de Classe e CNH m\u00ednimo categoria B.<\/td><td>R$ 10.302,00<\/td><\/tr><tr><td>Analista III<\/td><td>019<\/td><td>Agente de Fiscaliza\u00e7\u00e3o<\/td><td>2<\/td><td>0<\/td><td>0<\/td><td>S\u00e3o Paulo<\/td><td>Superior Completo em Arquitetura e Urbanismo comRegistro no \u00d3rg\u00e3o de Classe e CNH m\u00ednimo categoria B.<\/td><td>R$ 10.302,00<\/td><\/tr><tr><td>Analista III<\/td><td>021<\/td><td>Analista T\u00e9cnico emArquitetura e Urbanismo<\/td><td>3<\/td><td>1<\/td><td>1<\/td><td>S\u00e3o Paulo<\/td><td>Superior Completo em Arquitetura e Urbanismo comRegistro no \u00d3rg\u00e3o de Classe.<\/td><td>R$ 10.302,00<\/td><\/tr><\/tbody><\/table><figcaption>Concurso CAU SP: cargos e vagas <\/figcaption><\/figure>\n\n\n\n<p>Passa a valer o seguinte calend\u00e1rio do concurso CAU SP:<\/p>\n\n\n\n<figure class=\"wp-block-table\"><table><tbody><tr><td>ETAPAS<\/td><td>DATAS<\/td><\/tr><tr><td>Per\u00edodo de reabertura de inscri\u00e7\u00f5es<\/td><td>09.05 \u00e0 20.06.2022<\/td><\/tr><tr><td>Vencimento do boleto banc\u00e1rio<\/td><td>21.06.2022<\/td><\/tr><tr><td>Prazo para solicitar a isen\u00e7\u00e3o da taxa de inscri\u00e7\u00e3o<\/td><td>09 e 10.05.2022<\/td><\/tr><tr><td>Per\u00edodo para envio da documenta\u00e7\u00e3o, por meio digital, referente \u00e0 isen\u00e7\u00e3o da taxa de inscri\u00e7\u00e3o<\/td><td>09 e 10.05.2022<\/td><\/tr><tr><td>Divulga\u00e7\u00e3o do resultado da solicita\u00e7\u00e3o de isen\u00e7\u00e3o da taxa de inscri\u00e7\u00e3o<\/td><td>01.06.2022<\/td><\/tr><tr><td>Per\u00edodo de interposi\u00e7\u00e3o de recurso contra o resultado da solicita\u00e7\u00e3o de isen\u00e7\u00e3o da taxa de inscri\u00e7\u00e3o<\/td><td>02 e 03.06.2022<\/td><\/tr><tr><td>Divulga\u00e7\u00e3o do resultado da an\u00e1lise dos recursos contra o resultado da solicita\u00e7\u00e3o de isen\u00e7\u00e3o da taxa de inscri\u00e7\u00e3o<\/td><td>14.06.2022<\/td><\/tr><tr><td>Prazo para o candidato se inscrever e enviar documenta\u00e7\u00e3o referente \u00e0:- candidato deficiente; condi\u00e7\u00f5es especiais para a realiza\u00e7\u00e3o da prova; candidatos pretos e pardos; condi\u00e7\u00e3o de jurado e inclus\u00e3o e uso do nome social<\/td><td>09.05 \u00e0 20.06.2022<\/td><\/tr><tr><td>Divulga\u00e7\u00e3o do resultado referente \u00e0:- candidato deficiente; condi\u00e7\u00f5es especiais para a realiza\u00e7\u00e3o da prova; candidatos pretos e pardos; condi\u00e7\u00e3o de jurado e inclus\u00e3o e uso do nome social<\/td><td>05.07.2022<\/td><\/tr><tr><td>Per\u00edodo de recursos referente \u00e0:- candidato deficiente; condi\u00e7\u00f5es especiais para a realiza\u00e7\u00e3o da prova; candidatos pretos e pardos; condi\u00e7\u00e3o de jurado e inclus\u00e3o e uso do nome social<\/td><td>06 e 07.07.2022<\/td><\/tr><tr><td>Divulga\u00e7\u00e3o da an\u00e1lise de recurso contra o resultado:- candidato deficiente; condi\u00e7\u00f5es especiais para a realiza\u00e7\u00e3o da prova; candidatos pretos e pardos; condi\u00e7\u00e3o de jurado e inclus\u00e3o e uso do nome social<\/td><td>15.07.2022<\/td><\/tr><tr><td>Aplica\u00e7\u00e3o da Prova ObjetivaAplica\u00e7\u00e3o da Prova Dissertativa (Estudo de Caso)<\/td><td>24.07.2022<\/td><\/tr><tr><td>Per\u00edodo de envio dos t\u00edtulos, por meio digital (upload)<\/td><td>25 \u00e0 29.07.2022<\/td><\/tr><tr><td>Divulga\u00e7\u00e3o do gabarito da prova objetiva<\/td><td>26.07.2022<\/td><\/tr><tr><td>Per\u00edodo de interposi\u00e7\u00e3o de recurso contra o gabarito<\/td><td>27 e 28.07.2022<\/td><\/tr><tr><td>Pr\u00f3ximas divulga\u00e7\u00f5es<\/td><td>a definir<\/td><\/tr><\/tbody><\/table><figcaption>Concurso CAU SP: calend\u00e1rio <\/figcaption><\/figure>\n\n\n\n<p>O candidato com a inscri\u00e7\u00e3o do concurso CAU SP efetivada no per\u00edodo de 29 de janeiro de 2020 a 06 de mar\u00e7o de 2020 que n\u00e3o tenha interesse em permanecer no certame poder\u00e1 solicitar o cancelamento da inscri\u00e7\u00e3o, no per\u00edodo das 10 horas do dia 13.04.2022 \u00e0s 23h59m do dia 29.04.2022, devendo, para tanto:<\/p>\n\n\n\n<ul class=\"wp-block-list\"><li>a) acessar o site www.vunesp.com.br;<\/li><\/ul>\n\n\n\n<ul class=\"wp-block-list\"><li>b) fazer o login na \u00e1rea do candidato;<\/li><\/ul>\n\n\n\n<ul class=\"wp-block-list\"><li>c) localizar o link correlato a este Concurso P\u00fablico;<\/li><\/ul>\n\n\n\n<ul class=\"wp-block-list\"><li>d) clicar em &#8220;Altera\u00e7\u00e3o de Inscri\u00e7\u00e3o&#8221;;<\/li><\/ul>\n\n\n\n<ul class=\"wp-block-list\"><li>e) selecionar a op\u00e7\u00e3o &#8220;devolu\u00e7\u00e3o de taxa de inscri\u00e7\u00e3o&#8221;;<\/li><\/ul>\n\n\n\n<ul class=\"wp-block-list\"><li>f) preencher com os dados de quem receber\u00e1 o cr\u00e9dito (do candidato ou de outra pessoa por ele definida): nome do titular da conta, CPF do titular da conta, n\u00famero do banco, nome do banco, n\u00famero da ag\u00eancia, n\u00famero da conta e d\u00edgito, tipo de conta (corrente ou poupan\u00e7a);<\/li><\/ul>\n\n\n\n<ul class=\"wp-block-list\"><li>g) clicar em enviar.<\/li><\/ul>\n\n\n\n<p>A devolu\u00e7\u00e3o da taxa de inscri\u00e7\u00e3o ser\u00e1 realizada pela Funda\u00e7\u00e3o VUNESP, na conta informada pelo candidato, no prazo de 15 dias \u00fateis contados a partir do encerramento do per\u00edodo de solicita\u00e7\u00e3o de devolu\u00e7\u00e3o.<\/p>\n\n\n\n<p><a href=\"https:\/\/www.in.gov.br\/en\/web\/dou\/-\/edital-n-6-de-4-de-abril-de-2022-reabertura-de-inscricoes-concurso-publico-n-1\/2020-390903053\" target=\"_blank\" rel=\"noreferrer noopener\">Confira a publica\u00e7\u00e3o na \u00edntegra no DOU. <\/a><\/p>\n\n\n\n<p class=\"has-text-align-center has-pale-cyan-blue-background-color has-background has-medium-font-size\"><strong>Saiba mais: <a href=\"https:\/\/www.estrategiaconcursos.com.br\/blog\/concurso-cau-sp\/\" target=\"_blank\" rel=\"noreferrer noopener\">concurso CAU SP<\/a><\/strong><\/p>\n\n\n\n<h2 class=\"has-text-align-center wp-block-heading\" id=\"h-quer-saber-tudo-sobre-concursos-previstos-confira-nossos-artigos\">Quer saber tudo sobre concursos previstos? <br \/>Confira nossos artigos!<\/h2>\n\n\n\n<ul class=\"wp-block-list\"><li><a href=\"https:\/\/www.estrategiaconcursos.com.br\/blog\/concursos-abertos\/\" target=\"_blank\" rel=\"noreferrer noopener\">Concursos abertos<\/a><\/li><li><a href=\"https:\/\/www.estrategiaconcursos.com.br\/blog\/concursos-2022\/\" target=\"_blank\" rel=\"noreferrer noopener\">Concursos 2022<\/a><\/li><\/ul>\n\n\n\n<h2 class=\"has-text-align-center wp-block-heading\" id=\"cursos\">Cursos e Assinatura<\/h2>\n\n\n\n<div class=\"container\" id=\"boxes\">\n  <div class=\"row\">\n\n    <div class=\"col-sm\">\n      <div class=\"banner-tribunal\" id=\"box-assinatura\">\n        <h3 class=\"titulo-assinatura\">Curso CAU SP<\/h3>\n        <p class=\"subtitulo-assinatura\">Conhe\u00e7a os cursos<\/p>\n        <div class=\"box-botao\">\n          <a class=\"btn-assinatura\" target=\"_blank\" href=\"https:\/\/www.estrategiaconcursos.com.br\/cursosPorConcurso\/conselho-de-arquitetura-e-urbanismo-de-sao-paulo-cau-sp\/\" role=\"button\" rel=\"noopener noreferrer\">Conhe\u00e7a mais<\/a>\n        <\/div>\n      <\/div>\n      <p class=\"texto-auxiliar\">Prepare-se com o melhor material e com quem mais aprova em Concursos P\u00fablicos em todo o pa\u00eds.<\/p>\n    <\/div>\n\n  <\/div>\n<\/div>\n\n\n","protected":false},"excerpt":{"rendered":"<p>O Conselho de Arquitetura de Urbanismo de S\u00e3o Paulo divulgou que as inscri\u00e7\u00f5es do concurso CAU SP v\u00e3o ser reabertas no per\u00edodo de 09 de maio a 20 de junho de 2022. A informa\u00e7\u00e3o consta no Di\u00e1rio Oficial da Uni\u00e3o desta ter\u00e7a-feira, dia 05 de abril de 2022. As oportunidades s\u00e3o: CARGOS C\u00d3D(=op\u00e7\u00e3o) FUN\u00c7\u00c3O\/OCUPA\u00c7\u00c3O QTD [&hellip;]<\/p>\n","protected":false},"author":2375,"featured_media":473115,"comment_status":"open","ping_status":"closed","sticky":false,"template":"","format":"standard","meta":{"post_tipo":"news","footnotes":""},"categories":[214992],"tags":[],"tax_estado":[219989],"class_list":["post-1001653","post","type-post","status-publish","format-standard","has-post-thumbnail","hentry","category-concursos-administrativos","tax_estado-sp"],"acf":[],"yoast_head":"<!-- This site is optimized with the Yoast SEO Premium plugin v27.2 (Yoast SEO v27.2) - https:\/\/yoast.com\/product\/yoast-seo-premium-wordpress\/ -->\n<title>Concurso CAU SP: inscri\u00e7\u00f5es ser\u00e3o reabertas<\/title>\n<meta name=\"description\" content=\"Concurso CAU SP: as inscri\u00e7\u00f5es do concurso CAU SP v\u00e3o ser reabertas no per\u00edodo de 09 de maio a 20 de junho de 2022.\" \/>\n<meta name=\"robots\" content=\"index, follow, max-snippet:-1, max-image-preview:large, max-video-preview:-1\" \/>\n<link rel=\"canonical\" href=\"https:\/\/www.estrategiaconcursos.com.br\/blog\/concurso-cau-sp-reabertura-inscricoes\/\" \/>\n<meta property=\"og:locale\" content=\"pt_BR\" \/>\n<meta property=\"og:type\" content=\"article\" \/>\n<meta property=\"og:title\" content=\"Concurso CAU SP: inscri\u00e7\u00f5es ser\u00e3o reabertas\" \/>\n<meta property=\"og:description\" content=\"Concurso CAU SP: as inscri\u00e7\u00f5es do concurso CAU SP v\u00e3o ser reabertas no per\u00edodo de 09 de maio a 20 de junho de 2022.\" \/>\n<meta property=\"og:url\" content=\"https:\/\/www.estrategiaconcursos.com.br\/blog\/concurso-cau-sp-reabertura-inscricoes\/\" \/>\n<meta property=\"og:site_name\" content=\"Estrat\u00e9gia Concursos\" \/>\n<meta property=\"article:published_time\" content=\"2022-04-05T10:40:39+00:00\" \/>\n<meta property=\"article:modified_time\" content=\"2022-04-05T14:44:22+00:00\" \/>\n<meta property=\"og:image\" content=\"https:\/\/dhg1h5j42swfq.cloudfront.net\/2020\/01\/22163633\/CAU-SP.jpg\" \/>\n\t<meta property=\"og:image:width\" content=\"1200\" \/>\n\t<meta property=\"og:image:height\" content=\"628\" \/>\n\t<meta property=\"og:image:type\" content=\"image\/jpeg\" \/>\n<meta name=\"author\" content=\"Priscila Almeida\" \/>\n<meta name=\"twitter:card\" content=\"summary_large_image\" \/>\n<meta name=\"twitter:creator\" content=\"@EstratConcursos\" \/>\n<meta name=\"twitter:site\" content=\"@EstratConcursos\" \/>\n<meta name=\"twitter:label1\" content=\"Escrito por\" \/>\n\t<meta name=\"twitter:data1\" content=\"Priscila Almeida\" \/>\n\t<meta name=\"twitter:label2\" content=\"Est. tempo de leitura\" \/>\n\t<meta name=\"twitter:data2\" content=\"5 minutos\" \/>\n<script type=\"application\/ld+json\" class=\"yoast-schema-graph\">{\"@context\":\"https:\/\/schema.org\",\"@graph\":[{\"@type\":\"NewsArticle\",\"@id\":\"https:\/\/www.estrategiaconcursos.com.br\/blog\/concurso-cau-sp-reabertura-inscricoes\/#article\",\"isPartOf\":{\"@id\":\"https:\/\/www.estrategiaconcursos.com.br\/blog\/concurso-cau-sp-reabertura-inscricoes\/\"},\"author\":{\"name\":\"Priscila Almeida\",\"@id\":\"https:\/\/www.estrategiaconcursos.com.br\/blog\/#\/schema\/person\/a06e841e501f2e1d8c49c4e8f066bfd1\"},\"headline\":\"Concurso CAU SP: inscri\u00e7\u00f5es ser\u00e3o reabertas\",\"datePublished\":\"2022-04-05T10:40:39+00:00\",\"dateModified\":\"2022-04-05T14:44:22+00:00\",\"mainEntityOfPage\":{\"@id\":\"https:\/\/www.estrategiaconcursos.com.br\/blog\/concurso-cau-sp-reabertura-inscricoes\/\"},\"wordCount\":944,\"commentCount\":0,\"publisher\":{\"@id\":\"https:\/\/www.estrategiaconcursos.com.br\/blog\/#organization\"},\"image\":{\"@id\":\"https:\/\/www.estrategiaconcursos.com.br\/blog\/concurso-cau-sp-reabertura-inscricoes\/#primaryimage\"},\"thumbnailUrl\":\"https:\/\/dhg1h5j42swfq.cloudfront.net\/2020\/01\/22163633\/CAU-SP.jpg\",\"articleSection\":[\"Executivo (Administrativa)\"],\"inLanguage\":\"pt-BR\",\"potentialAction\":[{\"@type\":\"CommentAction\",\"name\":\"Comment\",\"target\":[\"https:\/\/www.estrategiaconcursos.com.br\/blog\/concurso-cau-sp-reabertura-inscricoes\/#respond\"]}],\"copyrightYear\":\"2022\",\"copyrightHolder\":{\"@id\":\"https:\/\/www.estrategiaconcursos.com.br\/blog\/#organization\"}},{\"@type\":\"WebPage\",\"@id\":\"https:\/\/www.estrategiaconcursos.com.br\/blog\/concurso-cau-sp-reabertura-inscricoes\/\",\"url\":\"https:\/\/www.estrategiaconcursos.com.br\/blog\/concurso-cau-sp-reabertura-inscricoes\/\",\"name\":\"Concurso CAU SP: inscri\u00e7\u00f5es ser\u00e3o reabertas\",\"isPartOf\":{\"@id\":\"https:\/\/www.estrategiaconcursos.com.br\/blog\/#website\"},\"primaryImageOfPage\":{\"@id\":\"https:\/\/www.estrategiaconcursos.com.br\/blog\/concurso-cau-sp-reabertura-inscricoes\/#primaryimage\"},\"image\":{\"@id\":\"https:\/\/www.estrategiaconcursos.com.br\/blog\/concurso-cau-sp-reabertura-inscricoes\/#primaryimage\"},\"thumbnailUrl\":\"https:\/\/dhg1h5j42swfq.cloudfront.net\/2020\/01\/22163633\/CAU-SP.jpg\",\"datePublished\":\"2022-04-05T10:40:39+00:00\",\"dateModified\":\"2022-04-05T14:44:22+00:00\",\"description\":\"Concurso CAU SP: as inscri\u00e7\u00f5es do concurso CAU SP v\u00e3o ser reabertas no per\u00edodo de 09 de maio a 20 de junho de 2022.\",\"breadcrumb\":{\"@id\":\"https:\/\/www.estrategiaconcursos.com.br\/blog\/concurso-cau-sp-reabertura-inscricoes\/#breadcrumb\"},\"inLanguage\":\"pt-BR\",\"potentialAction\":[{\"@type\":\"ReadAction\",\"target\":[\"https:\/\/www.estrategiaconcursos.com.br\/blog\/concurso-cau-sp-reabertura-inscricoes\/\"]}]},{\"@type\":\"ImageObject\",\"inLanguage\":\"pt-BR\",\"@id\":\"https:\/\/www.estrategiaconcursos.com.br\/blog\/concurso-cau-sp-reabertura-inscricoes\/#primaryimage\",\"url\":\"https:\/\/dhg1h5j42swfq.cloudfront.net\/2020\/01\/22163633\/CAU-SP.jpg\",\"contentUrl\":\"https:\/\/dhg1h5j42swfq.cloudfront.net\/2020\/01\/22163633\/CAU-SP.jpg\",\"width\":1200,\"height\":628,\"caption\":\"Concurso CAU SP tem extrato de EDITAL publicado!\"},{\"@type\":\"BreadcrumbList\",\"@id\":\"https:\/\/www.estrategiaconcursos.com.br\/blog\/concurso-cau-sp-reabertura-inscricoes\/#breadcrumb\",\"itemListElement\":[{\"@type\":\"ListItem\",\"position\":1,\"name\":\"In\u00edcio\",\"item\":\"https:\/\/www.estrategiaconcursos.com.br\/blog\/\"},{\"@type\":\"ListItem\",\"position\":2,\"name\":\"Concurso CAU SP: inscri\u00e7\u00f5es ser\u00e3o reabertas\"}]},{\"@type\":\"WebSite\",\"@id\":\"https:\/\/www.estrategiaconcursos.com.br\/blog\/#website\",\"url\":\"https:\/\/www.estrategiaconcursos.com.br\/blog\/\",\"name\":\"Estrat\u00e9gia Concursos\",\"description\":\"O blog da Estrat\u00e9gia Concursos traz not\u00edcias sobre concursos e artigos de professores oferecendo cursos para concursos (pdf + videaulas) no site.\",\"publisher\":{\"@id\":\"https:\/\/www.estrategiaconcursos.com.br\/blog\/#organization\"},\"potentialAction\":[{\"@type\":\"SearchAction\",\"target\":{\"@type\":\"EntryPoint\",\"urlTemplate\":\"https:\/\/www.estrategiaconcursos.com.br\/blog\/?s={search_term_string}\"},\"query-input\":{\"@type\":\"PropertyValueSpecification\",\"valueRequired\":true,\"valueName\":\"search_term_string\"}}],\"inLanguage\":\"pt-BR\"},{\"@type\":\"Organization\",\"@id\":\"https:\/\/www.estrategiaconcursos.com.br\/blog\/#organization\",\"name\":\"Estrat\u00e9gia Concursos\",\"url\":\"https:\/\/www.estrategiaconcursos.com.br\/blog\/\",\"logo\":{\"@type\":\"ImageObject\",\"inLanguage\":\"pt-BR\",\"@id\":\"https:\/\/www.estrategiaconcursos.com.br\/blog\/#\/schema\/logo\/image\/\",\"url\":\"https:\/\/dhg1h5j42swfq.cloudfront.net\/2025\/06\/03203428\/logo_concursos-1.jpg\",\"contentUrl\":\"https:\/\/dhg1h5j42swfq.cloudfront.net\/2025\/06\/03203428\/logo_concursos-1.jpg\",\"width\":230,\"height\":60,\"caption\":\"Estrat\u00e9gia Concursos\"},\"image\":{\"@id\":\"https:\/\/www.estrategiaconcursos.com.br\/blog\/#\/schema\/logo\/image\/\"},\"sameAs\":[\"https:\/\/x.com\/EstratConcursos\"]},{\"@type\":\"Person\",\"@id\":\"https:\/\/www.estrategiaconcursos.com.br\/blog\/#\/schema\/person\/a06e841e501f2e1d8c49c4e8f066bfd1\",\"name\":\"Priscila Almeida\",\"image\":{\"@type\":\"ImageObject\",\"inLanguage\":\"pt-BR\",\"@id\":\"https:\/\/secure.gravatar.com\/avatar\/0a963c9e2a947fa675b669cea2b5d0ba6dd1cbf46b966190343b6c9973ad3337?s=96&d=mm&r=g\",\"url\":\"https:\/\/secure.gravatar.com\/avatar\/0a963c9e2a947fa675b669cea2b5d0ba6dd1cbf46b966190343b6c9973ad3337?s=96&d=mm&r=g\",\"contentUrl\":\"https:\/\/secure.gravatar.com\/avatar\/0a963c9e2a947fa675b669cea2b5d0ba6dd1cbf46b966190343b6c9973ad3337?s=96&d=mm&r=g\",\"caption\":\"Priscila Almeida\"},\"description\":\"Atua na \u00e1rea de concursos p\u00fablicos desde 2019. As editorias que mais t\u00eam familiaridade s\u00e3o: Tribunais (TJs; TRTs; TREs; TSTs; STJ, STF, STM e TSE); Defensorias; Minist\u00e9rios P\u00fablicos; Procuradorias; Educa\u00e7\u00e3o e Conselhos. Na \u00e1rea de comunica\u00e7\u00e3o, de maneira geral, a caminhada \u00e9 um pouco mais longa - desde 2007. Possui experi\u00eancia em reda\u00e7\u00f5es de r\u00e1dio, TV, Web e impresso, al\u00e9m de desenvolver trabalhos em assessorias de comunica\u00e7\u00e3o institucional, empresarial e p\u00fablicas. Entre outros trabalhos, se destacam a atua\u00e7\u00e3o nas \u00e1reas de Justi\u00e7a, Congresso, Esportes, Sa\u00fade, Agropecu\u00e1ria, Cidades e Avia\u00e7\u00e3o Civil.\",\"url\":\"https:\/\/www.estrategiaconcursos.com.br\/blog\/author\/priscila-almeidaestrategia-com\/\"}]}<\/script>\n<!-- \/ Yoast SEO Premium plugin. -->","yoast_head_json":{"title":"Concurso CAU SP: inscri\u00e7\u00f5es ser\u00e3o reabertas","description":"Concurso CAU SP: as inscri\u00e7\u00f5es do concurso CAU SP v\u00e3o ser reabertas no per\u00edodo de 09 de maio a 20 de junho de 2022.","robots":{"index":"index","follow":"follow","max-snippet":"max-snippet:-1","max-image-preview":"max-image-preview:large","max-video-preview":"max-video-preview:-1"},"canonical":"https:\/\/www.estrategiaconcursos.com.br\/blog\/concurso-cau-sp-reabertura-inscricoes\/","og_locale":"pt_BR","og_type":"article","og_title":"Concurso CAU SP: inscri\u00e7\u00f5es ser\u00e3o reabertas","og_description":"Concurso CAU SP: as inscri\u00e7\u00f5es do concurso CAU SP v\u00e3o ser reabertas no per\u00edodo de 09 de maio a 20 de junho de 2022.","og_url":"https:\/\/www.estrategiaconcursos.com.br\/blog\/concurso-cau-sp-reabertura-inscricoes\/","og_site_name":"Estrat\u00e9gia Concursos","article_published_time":"2022-04-05T10:40:39+00:00","article_modified_time":"2022-04-05T14:44:22+00:00","og_image":[{"width":1200,"height":628,"url":"https:\/\/dhg1h5j42swfq.cloudfront.net\/2020\/01\/22163633\/CAU-SP.jpg","type":"image\/jpeg"}],"author":"Priscila Almeida","twitter_card":"summary_large_image","twitter_creator":"@EstratConcursos","twitter_site":"@EstratConcursos","twitter_misc":{"Escrito por":"Priscila Almeida","Est. tempo de leitura":"5 minutos"},"schema":{"@context":"https:\/\/schema.org","@graph":[{"@type":"NewsArticle","@id":"https:\/\/www.estrategiaconcursos.com.br\/blog\/concurso-cau-sp-reabertura-inscricoes\/#article","isPartOf":{"@id":"https:\/\/www.estrategiaconcursos.com.br\/blog\/concurso-cau-sp-reabertura-inscricoes\/"},"author":{"name":"Priscila Almeida","@id":"https:\/\/www.estrategiaconcursos.com.br\/blog\/#\/schema\/person\/a06e841e501f2e1d8c49c4e8f066bfd1"},"headline":"Concurso CAU SP: inscri\u00e7\u00f5es ser\u00e3o reabertas","datePublished":"2022-04-05T10:40:39+00:00","dateModified":"2022-04-05T14:44:22+00:00","mainEntityOfPage":{"@id":"https:\/\/www.estrategiaconcursos.com.br\/blog\/concurso-cau-sp-reabertura-inscricoes\/"},"wordCount":944,"commentCount":0,"publisher":{"@id":"https:\/\/www.estrategiaconcursos.com.br\/blog\/#organization"},"image":{"@id":"https:\/\/www.estrategiaconcursos.com.br\/blog\/concurso-cau-sp-reabertura-inscricoes\/#primaryimage"},"thumbnailUrl":"https:\/\/dhg1h5j42swfq.cloudfront.net\/2020\/01\/22163633\/CAU-SP.jpg","articleSection":["Executivo (Administrativa)"],"inLanguage":"pt-BR","potentialAction":[{"@type":"CommentAction","name":"Comment","target":["https:\/\/www.estrategiaconcursos.com.br\/blog\/concurso-cau-sp-reabertura-inscricoes\/#respond"]}],"copyrightYear":"2022","copyrightHolder":{"@id":"https:\/\/www.estrategiaconcursos.com.br\/blog\/#organization"}},{"@type":"WebPage","@id":"https:\/\/www.estrategiaconcursos.com.br\/blog\/concurso-cau-sp-reabertura-inscricoes\/","url":"https:\/\/www.estrategiaconcursos.com.br\/blog\/concurso-cau-sp-reabertura-inscricoes\/","name":"Concurso CAU SP: inscri\u00e7\u00f5es ser\u00e3o reabertas","isPartOf":{"@id":"https:\/\/www.estrategiaconcursos.com.br\/blog\/#website"},"primaryImageOfPage":{"@id":"https:\/\/www.estrategiaconcursos.com.br\/blog\/concurso-cau-sp-reabertura-inscricoes\/#primaryimage"},"image":{"@id":"https:\/\/www.estrategiaconcursos.com.br\/blog\/concurso-cau-sp-reabertura-inscricoes\/#primaryimage"},"thumbnailUrl":"https:\/\/dhg1h5j42swfq.cloudfront.net\/2020\/01\/22163633\/CAU-SP.jpg","datePublished":"2022-04-05T10:40:39+00:00","dateModified":"2022-04-05T14:44:22+00:00","description":"Concurso CAU SP: as inscri\u00e7\u00f5es do concurso CAU SP v\u00e3o ser reabertas no per\u00edodo de 09 de maio a 20 de junho de 2022.","breadcrumb":{"@id":"https:\/\/www.estrategiaconcursos.com.br\/blog\/concurso-cau-sp-reabertura-inscricoes\/#breadcrumb"},"inLanguage":"pt-BR","potentialAction":[{"@type":"ReadAction","target":["https:\/\/www.estrategiaconcursos.com.br\/blog\/concurso-cau-sp-reabertura-inscricoes\/"]}]},{"@type":"ImageObject","inLanguage":"pt-BR","@id":"https:\/\/www.estrategiaconcursos.com.br\/blog\/concurso-cau-sp-reabertura-inscricoes\/#primaryimage","url":"https:\/\/dhg1h5j42swfq.cloudfront.net\/2020\/01\/22163633\/CAU-SP.jpg","contentUrl":"https:\/\/dhg1h5j42swfq.cloudfront.net\/2020\/01\/22163633\/CAU-SP.jpg","width":1200,"height":628,"caption":"Concurso CAU SP tem extrato de EDITAL publicado!"},{"@type":"BreadcrumbList","@id":"https:\/\/www.estrategiaconcursos.com.br\/blog\/concurso-cau-sp-reabertura-inscricoes\/#breadcrumb","itemListElement":[{"@type":"ListItem","position":1,"name":"In\u00edcio","item":"https:\/\/www.estrategiaconcursos.com.br\/blog\/"},{"@type":"ListItem","position":2,"name":"Concurso CAU SP: inscri\u00e7\u00f5es ser\u00e3o reabertas"}]},{"@type":"WebSite","@id":"https:\/\/www.estrategiaconcursos.com.br\/blog\/#website","url":"https:\/\/www.estrategiaconcursos.com.br\/blog\/","name":"Estrat\u00e9gia Concursos","description":"O blog da Estrat\u00e9gia Concursos traz not\u00edcias sobre concursos e artigos de professores oferecendo cursos para concursos (pdf + videaulas) no site.","publisher":{"@id":"https:\/\/www.estrategiaconcursos.com.br\/blog\/#organization"},"potentialAction":[{"@type":"SearchAction","target":{"@type":"EntryPoint","urlTemplate":"https:\/\/www.estrategiaconcursos.com.br\/blog\/?s={search_term_string}"},"query-input":{"@type":"PropertyValueSpecification","valueRequired":true,"valueName":"search_term_string"}}],"inLanguage":"pt-BR"},{"@type":"Organization","@id":"https:\/\/www.estrategiaconcursos.com.br\/blog\/#organization","name":"Estrat\u00e9gia Concursos","url":"https:\/\/www.estrategiaconcursos.com.br\/blog\/","logo":{"@type":"ImageObject","inLanguage":"pt-BR","@id":"https:\/\/www.estrategiaconcursos.com.br\/blog\/#\/schema\/logo\/image\/","url":"https:\/\/dhg1h5j42swfq.cloudfront.net\/2025\/06\/03203428\/logo_concursos-1.jpg","contentUrl":"https:\/\/dhg1h5j42swfq.cloudfront.net\/2025\/06\/03203428\/logo_concursos-1.jpg","width":230,"height":60,"caption":"Estrat\u00e9gia Concursos"},"image":{"@id":"https:\/\/www.estrategiaconcursos.com.br\/blog\/#\/schema\/logo\/image\/"},"sameAs":["https:\/\/x.com\/EstratConcursos"]},{"@type":"Person","@id":"https:\/\/www.estrategiaconcursos.com.br\/blog\/#\/schema\/person\/a06e841e501f2e1d8c49c4e8f066bfd1","name":"Priscila Almeida","image":{"@type":"ImageObject","inLanguage":"pt-BR","@id":"https:\/\/secure.gravatar.com\/avatar\/0a963c9e2a947fa675b669cea2b5d0ba6dd1cbf46b966190343b6c9973ad3337?s=96&d=mm&r=g","url":"https:\/\/secure.gravatar.com\/avatar\/0a963c9e2a947fa675b669cea2b5d0ba6dd1cbf46b966190343b6c9973ad3337?s=96&d=mm&r=g","contentUrl":"https:\/\/secure.gravatar.com\/avatar\/0a963c9e2a947fa675b669cea2b5d0ba6dd1cbf46b966190343b6c9973ad3337?s=96&d=mm&r=g","caption":"Priscila Almeida"},"description":"Atua na \u00e1rea de concursos p\u00fablicos desde 2019. As editorias que mais t\u00eam familiaridade s\u00e3o: Tribunais (TJs; TRTs; TREs; TSTs; STJ, STF, STM e TSE); Defensorias; Minist\u00e9rios P\u00fablicos; Procuradorias; Educa\u00e7\u00e3o e Conselhos. Na \u00e1rea de comunica\u00e7\u00e3o, de maneira geral, a caminhada \u00e9 um pouco mais longa - desde 2007. Possui experi\u00eancia em reda\u00e7\u00f5es de r\u00e1dio, TV, Web e impresso, al\u00e9m de desenvolver trabalhos em assessorias de comunica\u00e7\u00e3o institucional, empresarial e p\u00fablicas. Entre outros trabalhos, se destacam a atua\u00e7\u00e3o nas \u00e1reas de Justi\u00e7a, Congresso, Esportes, Sa\u00fade, Agropecu\u00e1ria, Cidades e Avia\u00e7\u00e3o Civil.","url":"https:\/\/www.estrategiaconcursos.com.br\/blog\/author\/priscila-almeidaestrategia-com\/"}]}},"_links":{"self":[{"href":"https:\/\/www.estrategiaconcursos.com.br\/blog\/wp-json\/wp\/v2\/posts\/1001653","targetHints":{"allow":["GET"]}}],"collection":[{"href":"https:\/\/www.estrategiaconcursos.com.br\/blog\/wp-json\/wp\/v2\/posts"}],"about":[{"href":"https:\/\/www.estrategiaconcursos.com.br\/blog\/wp-json\/wp\/v2\/types\/post"}],"author":[{"embeddable":true,"href":"https:\/\/www.estrategiaconcursos.com.br\/blog\/wp-json\/wp\/v2\/users\/2375"}],"replies":[{"embeddable":true,"href":"https:\/\/www.estrategiaconcursos.com.br\/blog\/wp-json\/wp\/v2\/comments?post=1001653"}],"version-history":[{"count":7,"href":"https:\/\/www.estrategiaconcursos.com.br\/blog\/wp-json\/wp\/v2\/posts\/1001653\/revisions"}],"predecessor-version":[{"id":1002028,"href":"https:\/\/www.estrategiaconcursos.com.br\/blog\/wp-json\/wp\/v2\/posts\/1001653\/revisions\/1002028"}],"wp:featuredmedia":[{"embeddable":true,"href":"https:\/\/www.estrategiaconcursos.com.br\/blog\/wp-json\/wp\/v2\/media\/473115"}],"wp:attachment":[{"href":"https:\/\/www.estrategiaconcursos.com.br\/blog\/wp-json\/wp\/v2\/media?parent=1001653"}],"wp:term":[{"taxonomy":"category","embeddable":true,"href":"https:\/\/www.estrategiaconcursos.com.br\/blog\/wp-json\/wp\/v2\/categories?post=1001653"},{"taxonomy":"post_tag","embeddable":true,"href":"https:\/\/www.estrategiaconcursos.com.br\/blog\/wp-json\/wp\/v2\/tags?post=1001653"},{"taxonomy":"tax_estado","embeddable":true,"href":"https:\/\/www.estrategiaconcursos.com.br\/blog\/wp-json\/wp\/v2\/tax_estado?post=1001653"}],"curies":[{"name":"wp","href":"https:\/\/api.w.org\/{rel}","templated":true}]}}