{"id":1000544,"date":"2022-04-03T20:05:23","date_gmt":"2022-04-03T23:05:23","guid":{"rendered":"https:\/\/www.estrategiaconcursos.com.br\/blog\/?p=1000544"},"modified":"2022-04-05T15:33:18","modified_gmt":"2022-04-05T18:33:18","slug":"gabarito-extraoficial-sefaz-se","status":"publish","type":"post","link":"https:\/\/www.estrategiaconcursos.com.br\/blog\/gabarito-extraoficial-sefaz-se\/","title":{"rendered":"Gabarito Extraoficial Sefaz SE: corre\u00e7\u00e3o AO VIVO!!"},"content":{"rendered":"\n<p>Foram aplicadas neste domingo, 03 de abril, as provas do concurso Sefaz SE para o cargo de <strong>Auditor T\u00e9cnico de Tributos<\/strong>. Os exames ocorreram em dois turnos, manh\u00e3 e tarde. <\/p>\n\n\n\n<p>Com isso, a fim de ajud\u00e1-lo a diminuir a ansiedade de saber se foi bem ou n\u00e3o durante as provas, os nossos <strong>professores realizaram a corre\u00e7\u00e3o AO VIVO, dando o<\/strong>\u00a0<strong>gabarito extraoficial da avalia\u00e7\u00e3o<\/strong>.<\/p>\n\n\n\n<p>Portanto, confira, antecipadamente, seu desempenho e ainda receba dicas de recursos (se houver necessidade, claro!). <\/p>\n\n\n\n<h2 class=\"wp-block-heading\" id=\"h-correcao-e-gabarito-extraoficial-sefaz-se\">Corre\u00e7\u00e3o e Gabarito Extraoficial SEFAZ SE<\/h2>\n\n\n<figure class=\"wp-block-embed-youtube wp-block-embed is-type-video is-provider-youtube wp-embed-aspect-16-9 wp-has-aspect-ratio lyte-align aligncenter\"><div class=\"lyte-wrapper\" style=\"width:853px;max-width:100%;margin:5px;\"><div class=\"lyMe\" id=\"WYL__irxaQCu1X0\"><div id=\"lyte__irxaQCu1X0\" data-src=\"\/\/i.ytimg.com\/vi\/_irxaQCu1X0\/hqdefault.jpg\" class=\"pL\"><div class=\"tC\"><div class=\"tT\"><\/div><\/div><div class=\"play\"><\/div><div class=\"ctrl\"><div class=\"Lctrl\"><\/div><div class=\"Rctrl\"><\/div><\/div><\/div><noscript><a href=\"https:\/\/youtu.be\/_irxaQCu1X0\" rel=\"nofollow\"><img loading=\"lazy\" decoding=\"async\" src=\"https:\/\/i.ytimg.com\/vi\/_irxaQCu1X0\/0.jpg\" alt=\"YouTube video thumbnail\" width=\"853\" height=\"460\" \/><br \/>Assista a este v\u00eddeo no YouTube<\/a><\/noscript><\/div><\/div><div class=\"lL\" style=\"max-width:100%;width:853px;margin:5px;\"><\/div><figcaption><\/figcaption><\/figure>\n\n\n<h3 class=\"has-background wp-block-heading\" id=\"h-gabarito-extraoficial-prova-manha\" style=\"background-color:#d2eeff\">GABARITO EXTRAOFICIAL &#8211; PROVA MANH\u00c3<\/h3>\n\n\n\n<p><strong>Quest\u00e3o 1:<\/strong> De acordo com o primeiro par\u00e1grafo..<br \/><strong><em>Resposta: <\/em><\/strong>B<\/p>\n\n\n\n<p><strong>Quest\u00e3o 2:\u00a0<\/strong>De acordo com as ideias do texto..<br \/><strong><em>Resposta:<\/em><\/strong> D<\/p>\n\n\n\n<p><strong>Quest\u00e3o 3:\u00a0<\/strong>Com rela\u00e7\u00e3o ao emprego dos sinais&#8230;<br \/><strong><em>Resposta:<\/em><\/strong> E<\/p>\n\n\n\n<p><strong>Quest\u00e3o 4:\u00a0<\/strong>Sem preju\u00edzo para os sentidos..<br \/><strong><em>Resposta:<\/em><\/strong> C<\/p>\n\n\n\n<p><strong>Quest\u00e3o 5:\u00a0<\/strong>Depreende-se do segundo e do terceiro..<br \/><strong><em>Resposta:<\/em><\/strong> D<\/p>\n\n\n\n<p><strong>Quest\u00e3o 6:\u00a0<\/strong>Mantendo-se as rela\u00e7\u00f5es de coes\u00e3o..<br \/><strong><em>Resposta:<\/em><\/strong> A<\/p>\n\n\n\n<p><strong>Quest\u00e3o 7:\u00a0<\/strong>Acerca do povo ind\u00edgena..<br \/><strong><em>Resposta:<\/em><\/strong> C<\/p>\n\n\n\n<p><strong>Quest\u00e3o 8:\u00a0<\/strong>A partir da associa\u00e7\u00e3o entre as divis\u00f5es..<br \/><strong><em>Resposta:<\/em><\/strong> D<\/p>\n\n\n\n<p><strong>Quest\u00e3o 9:\u00a0<\/strong>Com rela\u00e7\u00e3o \u00e0s mesorregi\u00f5es..<br \/><strong><em>Resposta:<\/em><\/strong> A<\/p>\n\n\n\n<p><strong>Quest\u00e3o 10:\u00a0<\/strong>No munic\u00edpio de Laranjeiras, acontece..<br \/><strong><em>Resposta:<\/em><\/strong> C<\/p>\n\n\n\n<p><strong>Quest\u00e3o 11:\u00a0<\/strong>A respeito das comiss\u00f5es parlamentares..<br \/><strong><em>Resposta:<\/em><\/strong> A<\/p>\n\n\n\n<p><strong>Quest\u00e3o 12:\u00a0<\/strong>De acordo com a reparti\u00e7\u00e3o..<br \/><strong><em>Resposta:<\/em><\/strong> E<\/p>\n\n\n\n<p><strong>Quest\u00e3o 13:\u00a0<\/strong>Atendidos os pressupostos de relev\u00e2ncia..<br \/><strong><em>Resposta:<\/em><\/strong> C<\/p>\n\n\n\n<p><strong>Quest\u00e3o 14:\u00a0<\/strong>Os atos de compet\u00eancia privativa..<br \/><strong><em>Resposta:<\/em><\/strong> D<\/p>\n\n\n\n<p><strong>Quest\u00e3o 15:\u00a0<\/strong>Conforme o texto constitucional, as hip\u00f3teses..<br \/><strong><em>Resposta:<\/em><\/strong> C<\/p>\n\n\n\n<p><strong>Quest\u00e3o 16:\u00a0<\/strong>Em conformidade com a Constitui\u00e7\u00e3o..<br \/><strong><em>Resposta:<\/em><\/strong> C<\/p>\n\n\n\n<p><strong>Quest\u00e3o 17:\u00a0<\/strong>\u00c0 luz das disposi\u00e7\u00f5es constitucionais..<br \/><strong><em>Resposta:<\/em><\/strong> E<\/p>\n\n\n\n<p><strong>Quest\u00e3o 18:\u00a0<\/strong>A CF permite expressamente..<br \/><strong><em>Resposta:<\/em><\/strong> D<\/p>\n\n\n\n<p><strong>Quest\u00e3o 19:\u00a0<\/strong>De acordo com as disposi\u00e7\u00f5es constitucionais..<br \/><strong><em>Resposta:<\/em><\/strong> D<\/p>\n\n\n\n<p><strong>Quest\u00e3o 20:\u00a0<\/strong>O estado do Sergipe, em conformidade..<br \/><strong><em>Resposta:<\/em><\/strong> A<\/p>\n\n\n\n<p><strong>Quest\u00e3o 21:\u00a0<\/strong>De acordo com a legisla\u00e7\u00e3o brasileira..<br \/><strong><em>Resposta:<\/em><\/strong> A<\/p>\n\n\n\n<p><strong>Quest\u00e3o 22:\u00a0<\/strong>Acerca do instituto da prescri\u00e7\u00e3o..<br \/><strong><em>Resposta:<\/em><\/strong> C<\/p>\n\n\n\n<p><strong>Quest\u00e3o 23:\u00a0<\/strong>Assinale a op\u00e7\u00e3o cujo evento descrito..<br \/><strong><em>Resposta:<\/em><\/strong> C<\/p>\n\n\n\n<p><strong>Quest\u00e3o 24:\u00a0<\/strong>Segundo a legisla\u00e7\u00e3o societ\u00e1ria&#8230;<br \/><strong><em>Resposta:<\/em><\/strong> B<\/p>\n\n\n\n<p><strong>Quest\u00e3o 25:\u00a0<\/strong>De acordo com as normas brasileiras..<br \/><strong><em>Resposta:<\/em><\/strong> C<\/p>\n\n\n\n<p><strong>Quest\u00e3o 26:\u00a0<\/strong>Uma companhia encomendou m\u00e1quinas..<br \/><strong><em>Resposta:<\/em><\/strong> A<\/p>\n\n\n\n<p><strong>Quest\u00e3o 27:\u00a0<\/strong>A empresa comercial X adquiriu..<br \/><strong><em>Resposta:<\/em><\/strong> B<\/p>\n\n\n\n<p><strong>Quest\u00e3o 28:\u00a0<\/strong>Assinale a op\u00e7\u00e3o cujo evento..<br \/><strong><em>Resposta:<\/em><\/strong> E<\/p>\n\n\n\n<p><strong>Quest\u00e3o 29:\u00a0<\/strong>Os eventos cujo efeito&#8230;<br \/><strong><em>Resposta:<\/em><\/strong> D<\/p>\n\n\n\n<p><strong>Quest\u00e3o 30:\u00a0<\/strong>A legisla\u00e7\u00e3o societ\u00e1ria estabelece..<br \/><strong><em>Resposta:<\/em><\/strong> E<\/p>\n\n\n\n<p><strong>Quest\u00e3o 31:\u00a0<\/strong>A empresa GX1, que tem sede..<br \/><strong><em>Resposta:<\/em><\/strong> B<\/p>\n\n\n\n<p><strong>Quest\u00e3o 32:\u00a0<\/strong>A lei complementar corresponde a um processo..<br \/><strong><em>Resposta:<\/em><\/strong> C<\/p>\n\n\n\n<p><strong>Quest\u00e3o 33:\u00a0<\/strong>De acordo com a situa\u00e7\u00e3o hipot\u00e9tica..<br \/><strong><em>Resposta:<\/em><\/strong> A<\/p>\n\n\n\n<p><strong>Quest\u00e3o 34:\u00a0<\/strong>Ainda considerando a situa\u00e7\u00e3o hipot\u00e9tica..<br \/><strong><em>Resposta:<\/em><\/strong> B<\/p>\n\n\n\n<p><strong>Quest\u00e3o 35:\u00a0<\/strong>Preocupados com o curso da guerra fiscal..<br \/><strong><em>Resposta:<\/em><\/strong> E<\/p>\n\n\n\n<p><strong>Quest\u00e3o 36:\u00a0<\/strong>A respeito dos princ\u00edpios constitucionais..<br \/><strong><em>Resposta:<\/em><\/strong> C<\/p>\n\n\n\n<p><strong>Quest\u00e3o 37:\u00a0<\/strong>Em determinado estado da Federa\u00e7\u00e3o..<br \/><strong><em>Resposta:<\/em><\/strong> D<\/p>\n\n\n\n<p><strong>Quest\u00e3o 38:\u00a0<\/strong>A respeito do regime jur\u00eddico&#8230;<br \/><strong><em>Resposta:<\/em><\/strong> B<\/p>\n\n\n\n<p><strong>Quest\u00e3o 39:\u00a0<\/strong>A sociedade empresaria XYZ-2, produtora..<br \/><strong><em>Resposta:<\/em><\/strong> C<\/p>\n\n\n\n<p><strong>Quest\u00e3o 40:\u00a0<\/strong>\u00c0 luz do C\u00f3digo Tribut\u00e1rio Nacional..<br \/><strong><em>Resposta:<\/em><\/strong> D<\/p>\n\n\n\n<p><strong>Quest\u00e3o 41:\u00a0<\/strong>Decretada a fal\u00eancia de certa empresa..<br \/><strong><em>Resposta:<\/em><\/strong> E<\/p>\n\n\n\n<p><strong>Quest\u00e3o 42:\u00a0<\/strong>A respeito do credito tribut\u00e1rio..<br \/><strong><em>Resposta:<\/em><\/strong> C<\/p>\n\n\n\n<p><strong>Quest\u00e3o 43:<\/strong> Conforme o C\u00f3digo Tribut\u00e1rio..<br \/><strong><em>Resposta:<\/em><\/strong> E<\/p>\n\n\n\n<p><strong>Quest\u00e3o 44:\u00a0<\/strong>Determinado auditor fiscal municipal, verificando..<br \/><strong><em>Resposta:<\/em><\/strong> D<\/p>\n\n\n\n<p><strong>Quest\u00e3o 45:\u00a0<\/strong>No ano de 2016, um estado da Federa\u00e7\u00e3o..<br \/><strong><em>Resposta:<\/em><\/strong> A<\/p>\n\n\n\n<p><strong>Quest\u00e3o 46:\u00a0<\/strong>No que se refere \u00e0 defini\u00e7\u00e3o da amostra..<br \/><strong><em>Resposta:<\/em><\/strong> C<\/p>\n\n\n\n<p><strong>Quest\u00e3o 47:\u00a0<\/strong>Conforme a NBC TA 330, o procedimento..<br \/><strong><em>Resposta:<\/em><\/strong> E<\/p>\n\n\n\n<p><strong>Quest\u00e3o 48:\u00a0<\/strong>O diretor de uma sociedade an\u00f4nima ..<br \/><strong><em>Resposta:<\/em><\/strong> B<\/p>\n\n\n\n<p><strong>Quest\u00e3o 49:\u00a0<\/strong>A situa\u00e7\u00e3o conhecida como estouro..<br \/><strong><em>Resposta:<\/em><\/strong> C<\/p>\n\n\n\n<p><strong>Quest\u00e3o 50:\u00a0<\/strong>Considerando que um auditor esteja&#8230;<br \/><strong><em>Resposta:<\/em><\/strong> B<\/p>\n\n\n\n<p><strong>Quest\u00e3o 51:\u00a0<\/strong>Mercadoria estrangeira foi importada e chegou&#8230;<br \/><strong><em>Resposta:<\/em><\/strong> C<\/p>\n\n\n\n<p><strong>Quest\u00e3o 52:\u00a0<\/strong>De acordo com a Lei Complementar..<br \/><strong><em>Resposta:<\/em><\/strong> D<\/p>\n\n\n\n<p><strong>Quest\u00e3o 53:\u00a0<\/strong>Considerando as Normas Brasileiras de Contabilidade..<br \/><strong><em>Resposta:<\/em><\/strong> A<\/p>\n\n\n\n<p><strong>Quest\u00e3o 54:\u00a0<\/strong>Em seu trabalho, o auditor deve estar..<br \/><strong><em>Resposta:<\/em><\/strong> D<\/p>\n\n\n\n<p><strong>Quest\u00e3o 55:\u00a0<\/strong>Em rela\u00e7\u00e3o aos procedimentos..<br \/><strong><em>Resposta:<\/em><\/strong> E<\/p>\n\n\n\n<p><strong>Quest\u00e3o 56:\u00a0<\/strong>Em auditoria de determinada empresa..<br \/><strong><em>Resposta:<\/em><\/strong> E<\/p>\n\n\n\n<p><strong>Quest\u00e3o 57:\u00a0<\/strong>\u00c0 divis\u00e3o de uma popula\u00e7\u00e3o em subpopula\u00e7\u00f5es..<br \/><strong><em>Resposta:<\/em><\/strong> D<\/p>\n\n\n\n<p><strong>Quest\u00e3o 58:\u00a0<\/strong>Em trabalhos de auditoria cont\u00e1bil&#8230;<br \/><strong><em>Resposta:<\/em><\/strong> A<\/p>\n\n\n\n<p><strong>Quest\u00e3o 59:\u00a0<\/strong>Uma entidade adquiriu um veiculo a prazo..<br \/><strong><em>Resposta:<\/em><\/strong> B<\/p>\n\n\n\n<p><strong>Quest\u00e3o 60:\u00a0<\/strong>Nos termos da NBC TA 200..<br \/><strong><em>Resposta:<\/em><\/strong> B<\/p>\n\n\n\n<h3 class=\"has-luminous-vivid-amber-color has-black-background-color has-text-color has-background wp-block-heading\" id=\"gabarito-extraoficial-prova-tarde\">GABARITO EXTRAOFICIAL &#8211; PROVA TARDE<\/h3>\n\n\n\n<p><strong>Quest\u00e3o 1:<\/strong> Na raiz do diret\u00f3rio Sergipe de um..<br \/><strong><em>Resposta: <\/em><\/strong>B<\/p>\n\n\n\n<p><strong>Quest\u00e3o 2:\u00a0<\/strong>O STJ detectou no dia 3\/11\/2020<br \/><strong><em>Resposta:<\/em><\/strong> A<\/p>\n\n\n\n<p><strong>Quest\u00e3o 3:\u00a0<\/strong>Tendo como refer\u00eancia a URL..<br \/><strong><em>Resposta:<\/em><\/strong> <\/p>\n\n\n\n<p><strong>Quest\u00e3o 4:\u00a0<\/strong>Durante a fiscaliza\u00e7\u00e3o de uma empresa..<br \/><strong><em>Resposta:<\/em><\/strong> C<\/p>\n\n\n\n<p><strong>Quest\u00e3o 5:\u00a0<\/strong>Em rela\u00e7\u00e3o aos crimes contra a f\u00e9..<br \/><strong><em>Resposta:<\/em><\/strong> E<\/p>\n\n\n\n<p><strong>Quest\u00e3o 6:\u00a0<\/strong>Considerando aspectos diversos do direito penal..<br \/><strong><em>Resposta:<\/em><\/strong> C<\/p>\n\n\n\n<p><strong>Quest\u00e3o 7:\u00a0<\/strong>Para a obten\u00e7\u00e3o de proje\u00e7\u00f5es de resultados..<br \/><strong><em>Resposta:<\/em><\/strong> A<\/p>\n\n\n\n<p><strong>Quest\u00e3o 8:\u00a0<\/strong>Considerando uma vari\u00e1vel aleat\u00f3ria cont\u00ednua..<br \/><strong><em>Resposta:<\/em><\/strong> E<\/p>\n\n\n\n<p><strong>Quest\u00e3o 9:\u00a0<\/strong>O n\u00famero de linhas da tabela..<br \/><strong><em>Resposta:<\/em><\/strong> D<\/p>\n\n\n\n<p><strong>Quest\u00e3o 10:\u00a0<\/strong>Considerando a proposi\u00e7\u00e3o P, mencionado no..<br \/><strong><em>Resposta:<\/em><\/strong> B<\/p>\n\n\n\n<p><strong>Quest\u00e3o 11:\u00a0<\/strong>Em rela\u00e7\u00e3o aos agentes p\u00fablicos&#8230;<br \/><strong><em>Resposta:<\/em><\/strong> <\/p>\n\n\n\n<p><strong>Quest\u00e3o 12:\u00a0<\/strong>Assinale a op\u00e7\u00e3o que indica a denomina\u00e7\u00e3o..<br \/><strong><em>Resposta:<\/em><\/strong> <\/p>\n\n\n\n<p><strong>Quest\u00e3o 13:\u00a0<\/strong>Com rela\u00e7\u00e3o ao processo administrativo..<br \/><strong><em>Resposta:<\/em><\/strong> <\/p>\n\n\n\n<p><strong>Quest\u00e3o 14:\u00a0<\/strong>Assinale a op\u00e7\u00e3o correta, referente..<br \/><strong><em>Resposta:<\/em><\/strong> <\/p>\n\n\n\n<p><strong>Quest\u00e3o 15:\u00a0<\/strong>Assinale a op\u00e7\u00e3o correta, acerca..<br \/><strong><em>Resposta:<\/em><\/strong> <\/p>\n\n\n\n<p><strong>Quest\u00e3o 16:\u00a0<\/strong>Na administra\u00e7\u00e3o p\u00fablica, o poder..<br \/><strong><em>Resposta:<\/em><\/strong> <\/p>\n\n\n\n<p><strong>Quest\u00e3o 17:\u00a0<\/strong>No que diz respeito \u00e0 responsabilidade..<br \/><strong><em>Resposta:<\/em><\/strong> <\/p>\n\n\n\n<p><strong>Quest\u00e3o 18:\u00a0<\/strong>A respeito de a\u00e7\u00e3o regressiva..<br \/><strong><em>Resposta:<\/em><\/strong><\/p>\n\n\n\n<p><strong>Quest\u00e3o 19:\u00a0<\/strong>Acerca do tratamento diferenciado e favorecido..<br \/><strong><em>Resposta:<\/em><\/strong> <\/p>\n\n\n\n<p><strong>Quest\u00e3o 20:\u00a0<\/strong>A respeito do cons\u00f3rcio de empresas..<br \/><strong><em>Resposta:<\/em><\/strong> <\/p>\n\n\n\n<p><strong>Quest\u00e3o 21:\u00a0<\/strong>Considerando-se as informa\u00e7\u00f5es apresentadas..<br \/><strong><em>Resposta:<\/em><\/strong> <\/p>\n\n\n\n<p><strong>Quest\u00e3o 22:\u00a0<\/strong>A partir da situa\u00e7\u00e3o hipot\u00e9tica&#8230;<br \/><strong><em>Resposta:<\/em><\/strong> <\/p>\n\n\n\n<p><strong>Quest\u00e3o 23:\u00a0<\/strong>Caso a empresa produza 10 mil&#8230;<br \/><strong><em>Resposta:<\/em><\/strong> <\/p>\n\n\n\n<p><strong>Quest\u00e3o 24:<\/strong> Determinada empresa utiliza taxas&#8230;<br \/><strong><em>Resposta:<\/em><\/strong> <\/p>\n\n\n\n<p><strong>Quest\u00e3o 25:\u00a0<\/strong>Com rela\u00e7\u00e3o aos tipos de produ\u00e7\u00e3o dentro..<br \/><strong><em>Resposta:<\/em><\/strong> <\/p>\n\n\n\n<p><strong>Quest\u00e3o 26:\u00a0<\/strong>Uma entidade industrial tem a seguinte..<br \/><strong><em>Resposta:<\/em><\/strong> <\/p>\n\n\n\n<p><strong>Quest\u00e3o 27:\u00a0<\/strong>Com rela\u00e7\u00e3o ao consumo de custos&#8230;<br \/><strong><em>Resposta:<\/em><\/strong> <\/p>\n\n\n\n<p><strong>Quest\u00e3o 28:\u00a0<\/strong>Uma empresa que fabrica um \u00fanico&#8230;<br \/><strong><em>Resposta:<\/em><\/strong> <\/p>\n\n\n\n<p><strong>Quest\u00e3o 29:\u00a0<\/strong>Ao obter um lucro operacional..<br \/><strong><em>Resposta:<\/em><\/strong> <\/p>\n\n\n\n<p><strong>Quest\u00e3o 30:\u00a0<\/strong>Uma empresa possui margem de contribui\u00e7\u00e3o..<br \/><strong><em>Resposta:<\/em><\/strong> <\/p>\n\n\n\n<p><strong>Quest\u00e3o 31:\u00a0<\/strong>Tendo em vista que o Governo..<br \/><strong><em>Resposta:<\/em><\/strong> A<\/p>\n\n\n\n<p><strong>Quest\u00e3o 32:\u00a0<\/strong>Considere as seguintes situa\u00e7\u00f5es..<br \/><strong><em>Resposta:<\/em><\/strong> <\/p>\n\n\n\n<p><strong>Quest\u00e3o 33:\u00a0<\/strong>No estado de Sergipe, o imposto&#8230;<br \/><strong><em>Resposta:<\/em><\/strong> D<\/p>\n\n\n\n<p><strong>Quest\u00e3o 34:\u00a0<\/strong>No estado de Sergipe, quando ocorre..<br \/><strong><em>Resposta:<\/em><\/strong> C<\/p>\n\n\n\n<p><strong>Quest\u00e3o 35:\u00a0<\/strong>De acordo com a Lei Estadual&#8230;<br \/><strong><em>Resposta:<\/em><\/strong> E<\/p>\n\n\n\n<p><strong>Quest\u00e3o 36:\u00a0<\/strong>No estado do Sergipe, o fato gerador..<br \/><strong><em>Resposta:<\/em><\/strong> C<\/p>\n\n\n\n<p><strong>Quest\u00e3o 37:\u00a0<\/strong>No estado de Sergipe, s\u00e3o imunes..<br \/><strong><em>Resposta:<\/em><\/strong> B<\/p>\n\n\n\n<p><strong>Quest\u00e3o 38:\u00a0<\/strong>No procedimento administrativo fiscal (PAF)..<br \/><strong><em>Resposta:<\/em><\/strong> D<\/p>\n\n\n\n<p><strong>Quest\u00e3o 39:\u00a0<\/strong>No estado de Sergipe, o reexame necess\u00e1rio..<br \/><strong><em>Resposta:<\/em><\/strong> D<\/p>\n\n\n\n<p><strong>Quest\u00e3o 40:\u00a0<\/strong>No estado do Sergipe, o desenvolvimento..<br \/><strong><em>Resposta:<\/em><\/strong> A<\/p>\n\n\n\n<p><strong>Quest\u00e3o 41:\u00a0<\/strong>Constitui unidade or\u00e7ament\u00e1ria da..<br \/><strong><em>Resposta:<\/em><\/strong> A<\/p>\n\n\n\n<p><strong>Quest\u00e3o 42:\u00a0<\/strong>Considerando que o Brasil, desde a &#8230;<br \/><strong><em>Resposta:<\/em><\/strong> B<\/p>\n\n\n\n<p><strong>Quest\u00e3o 43:<\/strong> Est\u00e3o subordinados ao regime da Lei..<br \/><strong><em>Resposta:<\/em><\/strong> B<\/p>\n\n\n\n<p><strong>Quest\u00e3o 44:\u00a0<\/strong>Com base nas previs\u00f5es da Lei Estadual&#8230;<br \/><strong><em>Resposta:<\/em><\/strong> E<\/p>\n\n\n\n<p><strong>Quest\u00e3o 45:\u00a0<\/strong>Constitui principio expressamente previsto..<br \/><strong><em>Resposta:<\/em><\/strong> E<\/p>\n\n\n\n<p><strong>Quest\u00e3o 46:\u00a0<\/strong>De acordo com o ciclo PDCA..<br \/><strong><em>Resposta:<\/em><\/strong> <\/p>\n\n\n\n<p><strong>Quest\u00e3o 47:\u00a0<\/strong>Na ger\u00eancia de projetos, \u00e9 importante..<br \/><strong><em>Resposta:<\/em><\/strong> <\/p>\n\n\n\n<p><strong>Quest\u00e3o 48:\u00a0<\/strong>Segundo o COBIT 2019, a sele\u00e7\u00e3o..<br \/><strong><em>Resposta:<\/em><\/strong> <\/p>\n\n\n\n<p><strong>Quest\u00e3o 49:\u00a0<\/strong>De acordo com a metodologia Scrum..<br \/><strong><em>Resposta:<\/em><\/strong> <\/p>\n\n\n\n<p><strong>Quest\u00e3o 50:\u00a0<\/strong>Na disciplina de criptografo, a prote\u00e7\u00e3o&#8230;<br \/><strong><em>Resposta:<\/em><\/strong> <\/p>\n\n\n\n<p><strong>Quest\u00e3o 51:\u00a0<\/strong>Ao se desenvolver um sistema em UML..<br \/><strong><em>Resposta:<\/em><\/strong> <\/p>\n\n\n\n<p><strong>Quest\u00e3o 52:\u00a0<\/strong>A respeito do c\u00f3digo SQL..<br \/><strong><em>Resposta:<\/em><\/strong> <\/p>\n\n\n\n<p><strong>Quest\u00e3o 53:\u00a0<\/strong>As t\u00e9cnicas de controle de concorr\u00eancia..<br \/><strong><em>Resposta:<\/em><\/strong> <\/p>\n\n\n\n<p><strong>Quest\u00e3o 54:\u00a0<\/strong>Com rela\u00e7\u00e3o a no\u00e7\u00f5es de big data..<br \/><strong><em>Resposta:<\/em><\/strong> <\/p>\n\n\n\n<p><strong>Quest\u00e3o 55:\u00a0<\/strong>No aprendizado de m\u00e1quina, o algoritmo..<br \/><strong><em>Resposta:<\/em><\/strong> <\/p>\n\n\n\n<p><strong>Quest\u00e3o 56:\u00a0<\/strong>Na minera\u00e7\u00e3o de texto, o processo utilizado..<br \/><strong><em>Resposta:<\/em><\/strong> <\/p>\n\n\n\n<p><strong>Quest\u00e3o 57:\u00a0<\/strong>Na ferramenta avan\u00e7ada de an\u00e1lise..<br \/><strong><em>Resposta:<\/em><\/strong> <\/p>\n\n\n\n<p><strong>Quest\u00e3o 58:\u00a0<\/strong>Conforme a ABNT NBR ISO\/IEC..<br \/><strong><em>Resposta:<\/em><\/strong> <\/p>\n\n\n\n<p><strong>Quest\u00e3o 59:\u00a0<\/strong>De acordo com a ABNT NBR\/IEC 27005..<br \/><strong><em>Resposta:<\/em><\/strong> <\/p>\n\n\n\n<p><strong>Quest\u00e3o 60:\u00a0<\/strong>Conforme a ABNT NBR ISO 22301..<br \/><strong><em>Resposta:<\/em><\/strong> <\/p>\n\n\n\n<p>Ficou interessado nas informa\u00e7\u00f5es dispon\u00edveis at\u00e9 aqui? Quer saber mais acerca das provas do concurso Sefaz SE? Ent\u00e3o acesse agora mesmo o link abaixo:<\/p>\n\n\n\n<p class=\"has-text-align-center has-background\" style=\"background-color:#f5f5f5;font-size:clamp(14.642px, 0.915rem + ((1vw - 3.2px) * 0.721), 22px);\"><strong>Saiba mais: <a href=\"https:\/\/www.estrategiaconcursos.com.br\/blog\/concurso-sefaz-se\/\" target=\"_blank\" rel=\"noreferrer noopener\">Concurso Sefaz SE<\/a><\/strong><\/p>\n\n\n\n<h2 class=\"has-text-align-center wp-block-heading\" id=\"cursos\"><em><strong>Cursos&nbsp;para&nbsp;o&nbsp;Concurso SEFAZ SE<\/strong><\/em><\/h2>\n\n\n\n<div class=\"container\" id=\"boxes\">\n  <div class=\"row\">\n\n    <div class=\"col-sm\">\n      <div class=\"banner-fiscal-01\" id=\"box-assinatura\">\n        <h3 class=\"titulo-assinatura\">Carreiras Fiscais<\/h3>\n        <p class=\"subtitulo-assinatura\">Conhe\u00e7a os cursos para Sefaz SE<\/p>\n        <div class=\"box-botao\">\n          <a class=\"btn-assinatura\" target=\"_blank\" href=\"https:\/\/www.estrategiaconcursos.com.br\/cursosPorConcurso\/secretaria-da-fazenda-de-sergipe-sefaz-se\/\" role=\"button\" rel=\"noopener noreferrer\">Conhe\u00e7a mais<\/a>\n        <\/div>\n      <\/div>\n     \n    <\/div>\n\n  <\/div>\n<\/div>\n\n\n\n<div class=\"container\" id=\"boxes\">\n  <div class=\"row\">\n\n    <div class=\"col-sm\">\n      <div class=\"estrategia\" id=\"box-assinatura\">\n        <h3 class=\"titulo-assinatura\">Assinatura Concursos<\/h3>\n        <p class=\"subtitulo-assinatura\">Assinatura de 1 ano ou 2 anos<\/p>\n        <div class=\"box-botao\">\n          <a class=\"btn-assinatura\" target=\"_blank\" href=\"https:\/\/www.estrategiaconcursos.com.br\/assinaturas\/\" role=\"button\" rel=\"noopener noreferrer\">ASSINE AGORA<\/a>\n        <\/div>\n      <\/div><\/div><\/div><\/div>\n\n\n\n<h2 class=\"has-text-align-center wp-block-heading\" id=\"h-quer-saber-tudo-sobre-concursos-previstos-confira-nossos-artigos\">Quer saber tudo sobre concursos previstos?<br \/>Confira nossos artigos!<\/h2>\n\n\n\n<ul class=\"wp-block-list\"><li><a href=\"https:\/\/www.estrategiaconcursos.com.br\/blog\/concursos-abertos\/\" target=\"_blank\" rel=\"noreferrer noopener\">Concursos abertos<\/a><\/li><li><a href=\"https:\/\/www.estrategiaconcursos.com.br\/blog\/concursos-2022\/\" target=\"_blank\" rel=\"noreferrer noopener\">Concursos 2022<\/a><\/li><\/ul>\n","protected":false},"excerpt":{"rendered":"<p>Foram aplicadas neste domingo, 03 de abril, as provas do concurso Sefaz SE para o cargo de Auditor T\u00e9cnico de Tributos. Os exames ocorreram em dois turnos, manh\u00e3 e tarde. Com isso, a fim de ajud\u00e1-lo a diminuir a ansiedade de saber se foi bem ou n\u00e3o durante as provas, os nossos professores realizaram a [&hellip;]<\/p>\n","protected":false},"author":656,"featured_media":1000549,"comment_status":"open","ping_status":"closed","sticky":false,"template":"","format":"standard","meta":{"post_tipo":"news","footnotes":""},"categories":[1983,220219],"tags":[],"tax_estado":[219988],"class_list":["post-1000544","post","type-post","status-publish","format-standard","has-post-thumbnail","hentry","category-fiscal-estadual","category-noticias","tax_estado-se"],"acf":[],"yoast_head":"<!-- This site is optimized with the Yoast SEO Premium plugin v27.2 (Yoast SEO v27.2) - https:\/\/yoast.com\/product\/yoast-seo-premium-wordpress\/ -->\n<title>Gabarito Extraoficial Sefaz SE: corre\u00e7\u00e3o AO VIVO!!<\/title>\n<meta name=\"description\" content=\"Gabarito Extraoficial SEFAZ SE: confira a corre\u00e7\u00e3o AO VIVO e gratuita das provas realizadas neste domingo, 03 de abril.\" \/>\n<meta name=\"robots\" content=\"index, follow, max-snippet:-1, max-image-preview:large, max-video-preview:-1\" \/>\n<link rel=\"canonical\" href=\"https:\/\/www.estrategiaconcursos.com.br\/blog\/gabarito-extraoficial-sefaz-se\/\" \/>\n<meta property=\"og:locale\" content=\"pt_BR\" \/>\n<meta property=\"og:type\" content=\"article\" \/>\n<meta property=\"og:title\" content=\"Gabarito Extraoficial Sefaz SE: corre\u00e7\u00e3o AO VIVO!!\" \/>\n<meta property=\"og:description\" content=\"Gabarito Extraoficial SEFAZ SE: confira a corre\u00e7\u00e3o AO VIVO e gratuita das provas realizadas neste domingo, 03 de abril.\" \/>\n<meta property=\"og:url\" content=\"https:\/\/www.estrategiaconcursos.com.br\/blog\/gabarito-extraoficial-sefaz-se\/\" \/>\n<meta property=\"og:site_name\" content=\"Estrat\u00e9gia Concursos\" \/>\n<meta property=\"article:published_time\" content=\"2022-04-03T23:05:23+00:00\" \/>\n<meta property=\"article:modified_time\" content=\"2022-04-05T18:33:18+00:00\" \/>\n<meta property=\"og:image\" content=\"https:\/\/dhg1h5j42swfq.cloudfront.net\/2022\/04\/03200423\/extraoficial.jpg\" \/>\n\t<meta property=\"og:image:width\" content=\"1280\" \/>\n\t<meta property=\"og:image:height\" content=\"720\" \/>\n\t<meta property=\"og:image:type\" content=\"image\/jpeg\" \/>\n<meta name=\"author\" content=\"F\u00e1bio Scaldelai\" \/>\n<meta name=\"twitter:card\" content=\"summary_large_image\" \/>\n<meta name=\"twitter:creator\" content=\"@EstratConcursos\" \/>\n<meta name=\"twitter:site\" content=\"@EstratConcursos\" \/>\n<meta name=\"twitter:label1\" content=\"Escrito por\" \/>\n\t<meta name=\"twitter:data1\" content=\"F\u00e1bio Scaldelai\" \/>\n\t<meta name=\"twitter:label2\" content=\"Est. tempo de leitura\" \/>\n\t<meta name=\"twitter:data2\" content=\"8 minutos\" \/>\n<script type=\"application\/ld+json\" class=\"yoast-schema-graph\">{\"@context\":\"https:\/\/schema.org\",\"@graph\":[{\"@type\":\"NewsArticle\",\"@id\":\"https:\/\/www.estrategiaconcursos.com.br\/blog\/gabarito-extraoficial-sefaz-se\/#article\",\"isPartOf\":{\"@id\":\"https:\/\/www.estrategiaconcursos.com.br\/blog\/gabarito-extraoficial-sefaz-se\/\"},\"author\":{\"name\":\"F\u00e1bio Scaldelai\",\"@id\":\"https:\/\/www.estrategiaconcursos.com.br\/blog\/#\/schema\/person\/e3b6b7ce0192dd4ad270655969d61750\"},\"headline\":\"Gabarito Extraoficial Sefaz SE: corre\u00e7\u00e3o AO VIVO!!\",\"datePublished\":\"2022-04-03T23:05:23+00:00\",\"dateModified\":\"2022-04-05T18:33:18+00:00\",\"mainEntityOfPage\":{\"@id\":\"https:\/\/www.estrategiaconcursos.com.br\/blog\/gabarito-extraoficial-sefaz-se\/\"},\"wordCount\":1398,\"commentCount\":0,\"publisher\":{\"@id\":\"https:\/\/www.estrategiaconcursos.com.br\/blog\/#organization\"},\"image\":{\"@id\":\"https:\/\/www.estrategiaconcursos.com.br\/blog\/gabarito-extraoficial-sefaz-se\/#primaryimage\"},\"thumbnailUrl\":\"https:\/\/dhg1h5j42swfq.cloudfront.net\/2022\/04\/03200423\/extraoficial.jpg\",\"articleSection\":[\"Fiscal - Estadual (ICMS)\",\"\u00daltimas not\u00edcias\"],\"inLanguage\":\"pt-BR\",\"potentialAction\":[{\"@type\":\"CommentAction\",\"name\":\"Comment\",\"target\":[\"https:\/\/www.estrategiaconcursos.com.br\/blog\/gabarito-extraoficial-sefaz-se\/#respond\"]}],\"copyrightYear\":\"2022\",\"copyrightHolder\":{\"@id\":\"https:\/\/www.estrategiaconcursos.com.br\/blog\/#organization\"}},{\"@type\":\"WebPage\",\"@id\":\"https:\/\/www.estrategiaconcursos.com.br\/blog\/gabarito-extraoficial-sefaz-se\/\",\"url\":\"https:\/\/www.estrategiaconcursos.com.br\/blog\/gabarito-extraoficial-sefaz-se\/\",\"name\":\"Gabarito Extraoficial Sefaz SE: corre\u00e7\u00e3o AO VIVO!!\",\"isPartOf\":{\"@id\":\"https:\/\/www.estrategiaconcursos.com.br\/blog\/#website\"},\"primaryImageOfPage\":{\"@id\":\"https:\/\/www.estrategiaconcursos.com.br\/blog\/gabarito-extraoficial-sefaz-se\/#primaryimage\"},\"image\":{\"@id\":\"https:\/\/www.estrategiaconcursos.com.br\/blog\/gabarito-extraoficial-sefaz-se\/#primaryimage\"},\"thumbnailUrl\":\"https:\/\/dhg1h5j42swfq.cloudfront.net\/2022\/04\/03200423\/extraoficial.jpg\",\"datePublished\":\"2022-04-03T23:05:23+00:00\",\"dateModified\":\"2022-04-05T18:33:18+00:00\",\"description\":\"Gabarito Extraoficial SEFAZ SE: confira a corre\u00e7\u00e3o AO VIVO e gratuita das provas realizadas neste domingo, 03 de abril.\",\"breadcrumb\":{\"@id\":\"https:\/\/www.estrategiaconcursos.com.br\/blog\/gabarito-extraoficial-sefaz-se\/#breadcrumb\"},\"inLanguage\":\"pt-BR\",\"potentialAction\":[{\"@type\":\"ReadAction\",\"target\":[\"https:\/\/www.estrategiaconcursos.com.br\/blog\/gabarito-extraoficial-sefaz-se\/\"]}]},{\"@type\":\"ImageObject\",\"inLanguage\":\"pt-BR\",\"@id\":\"https:\/\/www.estrategiaconcursos.com.br\/blog\/gabarito-extraoficial-sefaz-se\/#primaryimage\",\"url\":\"https:\/\/dhg1h5j42swfq.cloudfront.net\/2022\/04\/03200423\/extraoficial.jpg\",\"contentUrl\":\"https:\/\/dhg1h5j42swfq.cloudfront.net\/2022\/04\/03200423\/extraoficial.jpg\",\"width\":1280,\"height\":720,\"caption\":\"Gabarito Extraoficial SEFAZ SE\"},{\"@type\":\"BreadcrumbList\",\"@id\":\"https:\/\/www.estrategiaconcursos.com.br\/blog\/gabarito-extraoficial-sefaz-se\/#breadcrumb\",\"itemListElement\":[{\"@type\":\"ListItem\",\"position\":1,\"name\":\"In\u00edcio\",\"item\":\"https:\/\/www.estrategiaconcursos.com.br\/blog\/\"},{\"@type\":\"ListItem\",\"position\":2,\"name\":\"Gabarito Extraoficial Sefaz SE: corre\u00e7\u00e3o AO VIVO!!\"}]},{\"@type\":\"WebSite\",\"@id\":\"https:\/\/www.estrategiaconcursos.com.br\/blog\/#website\",\"url\":\"https:\/\/www.estrategiaconcursos.com.br\/blog\/\",\"name\":\"Estrat\u00e9gia Concursos\",\"description\":\"O blog da Estrat\u00e9gia Concursos traz not\u00edcias sobre concursos e artigos de professores oferecendo cursos para concursos (pdf + videaulas) no site.\",\"publisher\":{\"@id\":\"https:\/\/www.estrategiaconcursos.com.br\/blog\/#organization\"},\"potentialAction\":[{\"@type\":\"SearchAction\",\"target\":{\"@type\":\"EntryPoint\",\"urlTemplate\":\"https:\/\/www.estrategiaconcursos.com.br\/blog\/?s={search_term_string}\"},\"query-input\":{\"@type\":\"PropertyValueSpecification\",\"valueRequired\":true,\"valueName\":\"search_term_string\"}}],\"inLanguage\":\"pt-BR\"},{\"@type\":\"Organization\",\"@id\":\"https:\/\/www.estrategiaconcursos.com.br\/blog\/#organization\",\"name\":\"Estrat\u00e9gia Concursos\",\"url\":\"https:\/\/www.estrategiaconcursos.com.br\/blog\/\",\"logo\":{\"@type\":\"ImageObject\",\"inLanguage\":\"pt-BR\",\"@id\":\"https:\/\/www.estrategiaconcursos.com.br\/blog\/#\/schema\/logo\/image\/\",\"url\":\"https:\/\/dhg1h5j42swfq.cloudfront.net\/2025\/06\/03203428\/logo_concursos-1.jpg\",\"contentUrl\":\"https:\/\/dhg1h5j42swfq.cloudfront.net\/2025\/06\/03203428\/logo_concursos-1.jpg\",\"width\":230,\"height\":60,\"caption\":\"Estrat\u00e9gia Concursos\"},\"image\":{\"@id\":\"https:\/\/www.estrategiaconcursos.com.br\/blog\/#\/schema\/logo\/image\/\"},\"sameAs\":[\"https:\/\/x.com\/EstratConcursos\"]},{\"@type\":\"Person\",\"@id\":\"https:\/\/www.estrategiaconcursos.com.br\/blog\/#\/schema\/person\/e3b6b7ce0192dd4ad270655969d61750\",\"name\":\"F\u00e1bio Scaldelai\",\"image\":{\"@type\":\"ImageObject\",\"inLanguage\":\"pt-BR\",\"@id\":\"https:\/\/secure.gravatar.com\/avatar\/8ed7492c4d88d8495bc0cb24cda6847b8ae23eec459a919e08e77d0ca0fd79ec?s=96&d=mm&r=g\",\"url\":\"https:\/\/secure.gravatar.com\/avatar\/8ed7492c4d88d8495bc0cb24cda6847b8ae23eec459a919e08e77d0ca0fd79ec?s=96&d=mm&r=g\",\"contentUrl\":\"https:\/\/secure.gravatar.com\/avatar\/8ed7492c4d88d8495bc0cb24cda6847b8ae23eec459a919e08e77d0ca0fd79ec?s=96&d=mm&r=g\",\"caption\":\"F\u00e1bio Scaldelai\"},\"description\":\"Jornalista no Estrat\u00e9gia Concursos e Produtor de Televis\u00e3o, formado em Jornalismo, R\u00e1dio e TV pela Faculdade Integrada Rio Branco, com especializa\u00e7\u00f5es em Gest\u00e3o Empresarial e Marketing pelo M\u00f3dulo. Atuou como produtor no SBT, TV Bandeirantes e R\u00e1dio Band FM, al\u00e9m de acumular tr\u00eas anos de experi\u00eancia no setor de concursos p\u00fablicos pela LFG (Luiz Fl\u00e1vio Gomes). No Estrat\u00e9gia Concursos, atua na apura\u00e7\u00e3o de not\u00edcias da \u00e1rea fiscal, al\u00e9m de coberturas sobre concursos das \u00e1reas de controle (TCU, TCE, etc), concurso AFT, \u00e1rea de gest\u00e3o e administrativa, bem como dos \u00f3rg\u00e3os participantes do CNU. Tamb\u00e9m possui experi\u00eancia em link building e an\u00e1lise de m\u00eddia, adquirida durante sua atua\u00e7\u00e3o na ag\u00eancia SEO Marketing.\",\"url\":\"https:\/\/www.estrategiaconcursos.com.br\/blog\/author\/fabio-scaldelaiestrategiaconcursos-com-br\/\"}]}<\/script>\n<!-- \/ Yoast SEO Premium plugin. -->","yoast_head_json":{"title":"Gabarito Extraoficial Sefaz SE: corre\u00e7\u00e3o AO VIVO!!","description":"Gabarito Extraoficial SEFAZ SE: confira a corre\u00e7\u00e3o AO VIVO e gratuita das provas realizadas neste domingo, 03 de abril.","robots":{"index":"index","follow":"follow","max-snippet":"max-snippet:-1","max-image-preview":"max-image-preview:large","max-video-preview":"max-video-preview:-1"},"canonical":"https:\/\/www.estrategiaconcursos.com.br\/blog\/gabarito-extraoficial-sefaz-se\/","og_locale":"pt_BR","og_type":"article","og_title":"Gabarito Extraoficial Sefaz SE: corre\u00e7\u00e3o AO VIVO!!","og_description":"Gabarito Extraoficial SEFAZ SE: confira a corre\u00e7\u00e3o AO VIVO e gratuita das provas realizadas neste domingo, 03 de abril.","og_url":"https:\/\/www.estrategiaconcursos.com.br\/blog\/gabarito-extraoficial-sefaz-se\/","og_site_name":"Estrat\u00e9gia Concursos","article_published_time":"2022-04-03T23:05:23+00:00","article_modified_time":"2022-04-05T18:33:18+00:00","og_image":[{"width":1280,"height":720,"url":"https:\/\/dhg1h5j42swfq.cloudfront.net\/2022\/04\/03200423\/extraoficial.jpg","type":"image\/jpeg"}],"author":"F\u00e1bio Scaldelai","twitter_card":"summary_large_image","twitter_creator":"@EstratConcursos","twitter_site":"@EstratConcursos","twitter_misc":{"Escrito por":"F\u00e1bio Scaldelai","Est. tempo de leitura":"8 minutos"},"schema":{"@context":"https:\/\/schema.org","@graph":[{"@type":"NewsArticle","@id":"https:\/\/www.estrategiaconcursos.com.br\/blog\/gabarito-extraoficial-sefaz-se\/#article","isPartOf":{"@id":"https:\/\/www.estrategiaconcursos.com.br\/blog\/gabarito-extraoficial-sefaz-se\/"},"author":{"name":"F\u00e1bio Scaldelai","@id":"https:\/\/www.estrategiaconcursos.com.br\/blog\/#\/schema\/person\/e3b6b7ce0192dd4ad270655969d61750"},"headline":"Gabarito Extraoficial Sefaz SE: corre\u00e7\u00e3o AO VIVO!!","datePublished":"2022-04-03T23:05:23+00:00","dateModified":"2022-04-05T18:33:18+00:00","mainEntityOfPage":{"@id":"https:\/\/www.estrategiaconcursos.com.br\/blog\/gabarito-extraoficial-sefaz-se\/"},"wordCount":1398,"commentCount":0,"publisher":{"@id":"https:\/\/www.estrategiaconcursos.com.br\/blog\/#organization"},"image":{"@id":"https:\/\/www.estrategiaconcursos.com.br\/blog\/gabarito-extraoficial-sefaz-se\/#primaryimage"},"thumbnailUrl":"https:\/\/dhg1h5j42swfq.cloudfront.net\/2022\/04\/03200423\/extraoficial.jpg","articleSection":["Fiscal - Estadual (ICMS)","\u00daltimas not\u00edcias"],"inLanguage":"pt-BR","potentialAction":[{"@type":"CommentAction","name":"Comment","target":["https:\/\/www.estrategiaconcursos.com.br\/blog\/gabarito-extraoficial-sefaz-se\/#respond"]}],"copyrightYear":"2022","copyrightHolder":{"@id":"https:\/\/www.estrategiaconcursos.com.br\/blog\/#organization"}},{"@type":"WebPage","@id":"https:\/\/www.estrategiaconcursos.com.br\/blog\/gabarito-extraoficial-sefaz-se\/","url":"https:\/\/www.estrategiaconcursos.com.br\/blog\/gabarito-extraoficial-sefaz-se\/","name":"Gabarito Extraoficial Sefaz SE: corre\u00e7\u00e3o AO VIVO!!","isPartOf":{"@id":"https:\/\/www.estrategiaconcursos.com.br\/blog\/#website"},"primaryImageOfPage":{"@id":"https:\/\/www.estrategiaconcursos.com.br\/blog\/gabarito-extraoficial-sefaz-se\/#primaryimage"},"image":{"@id":"https:\/\/www.estrategiaconcursos.com.br\/blog\/gabarito-extraoficial-sefaz-se\/#primaryimage"},"thumbnailUrl":"https:\/\/dhg1h5j42swfq.cloudfront.net\/2022\/04\/03200423\/extraoficial.jpg","datePublished":"2022-04-03T23:05:23+00:00","dateModified":"2022-04-05T18:33:18+00:00","description":"Gabarito Extraoficial SEFAZ SE: confira a corre\u00e7\u00e3o AO VIVO e gratuita das provas realizadas neste domingo, 03 de abril.","breadcrumb":{"@id":"https:\/\/www.estrategiaconcursos.com.br\/blog\/gabarito-extraoficial-sefaz-se\/#breadcrumb"},"inLanguage":"pt-BR","potentialAction":[{"@type":"ReadAction","target":["https:\/\/www.estrategiaconcursos.com.br\/blog\/gabarito-extraoficial-sefaz-se\/"]}]},{"@type":"ImageObject","inLanguage":"pt-BR","@id":"https:\/\/www.estrategiaconcursos.com.br\/blog\/gabarito-extraoficial-sefaz-se\/#primaryimage","url":"https:\/\/dhg1h5j42swfq.cloudfront.net\/2022\/04\/03200423\/extraoficial.jpg","contentUrl":"https:\/\/dhg1h5j42swfq.cloudfront.net\/2022\/04\/03200423\/extraoficial.jpg","width":1280,"height":720,"caption":"Gabarito Extraoficial SEFAZ SE"},{"@type":"BreadcrumbList","@id":"https:\/\/www.estrategiaconcursos.com.br\/blog\/gabarito-extraoficial-sefaz-se\/#breadcrumb","itemListElement":[{"@type":"ListItem","position":1,"name":"In\u00edcio","item":"https:\/\/www.estrategiaconcursos.com.br\/blog\/"},{"@type":"ListItem","position":2,"name":"Gabarito Extraoficial Sefaz SE: corre\u00e7\u00e3o AO VIVO!!"}]},{"@type":"WebSite","@id":"https:\/\/www.estrategiaconcursos.com.br\/blog\/#website","url":"https:\/\/www.estrategiaconcursos.com.br\/blog\/","name":"Estrat\u00e9gia Concursos","description":"O blog da Estrat\u00e9gia Concursos traz not\u00edcias sobre concursos e artigos de professores oferecendo cursos para concursos (pdf + videaulas) no site.","publisher":{"@id":"https:\/\/www.estrategiaconcursos.com.br\/blog\/#organization"},"potentialAction":[{"@type":"SearchAction","target":{"@type":"EntryPoint","urlTemplate":"https:\/\/www.estrategiaconcursos.com.br\/blog\/?s={search_term_string}"},"query-input":{"@type":"PropertyValueSpecification","valueRequired":true,"valueName":"search_term_string"}}],"inLanguage":"pt-BR"},{"@type":"Organization","@id":"https:\/\/www.estrategiaconcursos.com.br\/blog\/#organization","name":"Estrat\u00e9gia Concursos","url":"https:\/\/www.estrategiaconcursos.com.br\/blog\/","logo":{"@type":"ImageObject","inLanguage":"pt-BR","@id":"https:\/\/www.estrategiaconcursos.com.br\/blog\/#\/schema\/logo\/image\/","url":"https:\/\/dhg1h5j42swfq.cloudfront.net\/2025\/06\/03203428\/logo_concursos-1.jpg","contentUrl":"https:\/\/dhg1h5j42swfq.cloudfront.net\/2025\/06\/03203428\/logo_concursos-1.jpg","width":230,"height":60,"caption":"Estrat\u00e9gia Concursos"},"image":{"@id":"https:\/\/www.estrategiaconcursos.com.br\/blog\/#\/schema\/logo\/image\/"},"sameAs":["https:\/\/x.com\/EstratConcursos"]},{"@type":"Person","@id":"https:\/\/www.estrategiaconcursos.com.br\/blog\/#\/schema\/person\/e3b6b7ce0192dd4ad270655969d61750","name":"F\u00e1bio Scaldelai","image":{"@type":"ImageObject","inLanguage":"pt-BR","@id":"https:\/\/secure.gravatar.com\/avatar\/8ed7492c4d88d8495bc0cb24cda6847b8ae23eec459a919e08e77d0ca0fd79ec?s=96&d=mm&r=g","url":"https:\/\/secure.gravatar.com\/avatar\/8ed7492c4d88d8495bc0cb24cda6847b8ae23eec459a919e08e77d0ca0fd79ec?s=96&d=mm&r=g","contentUrl":"https:\/\/secure.gravatar.com\/avatar\/8ed7492c4d88d8495bc0cb24cda6847b8ae23eec459a919e08e77d0ca0fd79ec?s=96&d=mm&r=g","caption":"F\u00e1bio Scaldelai"},"description":"Jornalista no Estrat\u00e9gia Concursos e Produtor de Televis\u00e3o, formado em Jornalismo, R\u00e1dio e TV pela Faculdade Integrada Rio Branco, com especializa\u00e7\u00f5es em Gest\u00e3o Empresarial e Marketing pelo M\u00f3dulo. Atuou como produtor no SBT, TV Bandeirantes e R\u00e1dio Band FM, al\u00e9m de acumular tr\u00eas anos de experi\u00eancia no setor de concursos p\u00fablicos pela LFG (Luiz Fl\u00e1vio Gomes). No Estrat\u00e9gia Concursos, atua na apura\u00e7\u00e3o de not\u00edcias da \u00e1rea fiscal, al\u00e9m de coberturas sobre concursos das \u00e1reas de controle (TCU, TCE, etc), concurso AFT, \u00e1rea de gest\u00e3o e administrativa, bem como dos \u00f3rg\u00e3os participantes do CNU. Tamb\u00e9m possui experi\u00eancia em link building e an\u00e1lise de m\u00eddia, adquirida durante sua atua\u00e7\u00e3o na ag\u00eancia SEO Marketing.","url":"https:\/\/www.estrategiaconcursos.com.br\/blog\/author\/fabio-scaldelaiestrategiaconcursos-com-br\/"}]}},"_links":{"self":[{"href":"https:\/\/www.estrategiaconcursos.com.br\/blog\/wp-json\/wp\/v2\/posts\/1000544","targetHints":{"allow":["GET"]}}],"collection":[{"href":"https:\/\/www.estrategiaconcursos.com.br\/blog\/wp-json\/wp\/v2\/posts"}],"about":[{"href":"https:\/\/www.estrategiaconcursos.com.br\/blog\/wp-json\/wp\/v2\/types\/post"}],"author":[{"embeddable":true,"href":"https:\/\/www.estrategiaconcursos.com.br\/blog\/wp-json\/wp\/v2\/users\/656"}],"replies":[{"embeddable":true,"href":"https:\/\/www.estrategiaconcursos.com.br\/blog\/wp-json\/wp\/v2\/comments?post=1000544"}],"version-history":[{"count":32,"href":"https:\/\/www.estrategiaconcursos.com.br\/blog\/wp-json\/wp\/v2\/posts\/1000544\/revisions"}],"predecessor-version":[{"id":1000643,"href":"https:\/\/www.estrategiaconcursos.com.br\/blog\/wp-json\/wp\/v2\/posts\/1000544\/revisions\/1000643"}],"wp:featuredmedia":[{"embeddable":true,"href":"https:\/\/www.estrategiaconcursos.com.br\/blog\/wp-json\/wp\/v2\/media\/1000549"}],"wp:attachment":[{"href":"https:\/\/www.estrategiaconcursos.com.br\/blog\/wp-json\/wp\/v2\/media?parent=1000544"}],"wp:term":[{"taxonomy":"category","embeddable":true,"href":"https:\/\/www.estrategiaconcursos.com.br\/blog\/wp-json\/wp\/v2\/categories?post=1000544"},{"taxonomy":"post_tag","embeddable":true,"href":"https:\/\/www.estrategiaconcursos.com.br\/blog\/wp-json\/wp\/v2\/tags?post=1000544"},{"taxonomy":"tax_estado","embeddable":true,"href":"https:\/\/www.estrategiaconcursos.com.br\/blog\/wp-json\/wp\/v2\/tax_estado?post=1000544"}],"curies":[{"name":"wp","href":"https:\/\/api.w.org\/{rel}","templated":true}]}}